{"id":52081,"date":"2022-06-22T10:43:34","date_gmt":"2022-06-22T16:43:34","guid":{"rendered":"https:\/\/redsemlac.com\/semmexico\/?p=52081"},"modified":"2023-07-21T19:07:32","modified_gmt":"2023-07-22T00:07:32","slug":"pide-onu-investigacion-efectiva-para-esclarecer-crimen-de-jesuitas","status":"publish","type":"post","link":"https:\/\/redsemlac.com\/semmexico\/pide-onu-investigacion-efectiva-para-esclarecer-crimen-de-jesuitas\/","title":{"rendered":"Pide ONU investigaci\u00f3n efectiva para esclarecer crimen de jesuitas"},"content":{"rendered":"\n<p class=\"wp-block-paragraph\"><strong>Redacci\u00f3n<\/strong><\/p>\n\n\n\n<p class=\"wp-block-paragraph\">SemM\u00e9xico, Ciudad de M\u00e9xico, 22 de junio, 2022.- La Oficina en M\u00e9xico del Alto Comisionado de las Naciones Unidas para los Derechos Humanos (ONU-DH) exhort\u00f3 a las autoridades nacionales a desarrollar una investigaci\u00f3n efectiva y exhaustiva para esclarecer el asesinato de los dos sacerdotes jesuitas ocurrido en Cerocahui, Chihuahua, y consider\u00f3 urgente recuperar los cuerpos de las v\u00edctimas<\/p>\n\n\n\n<p class=\"wp-block-paragraph\">En un comunicado, la representaci\u00f3n del organismo internacional solicit\u00f3 a las autoridades responsables de las indagatorias que consideren todas las l\u00edneas de investigaci\u00f3n relevantes e identifique a los autores materiales e intelectuales del crimen.<\/p>\n\n\n\n<p class=\"wp-block-paragraph\">Guillermo Fern\u00e1ndez-Maldonado, Representante en M\u00e9xico de la ONU-DH declar\u00f3 que: \u201cAnte estos cr\u00edmenes aliento a los tres niveles de gobierno a implementar de manera efectiva el plan de contingencia que fue acordado en 2016 para prevenir y responder a los ataques contra personas defensoras y periodistas en el estado\u201d.<\/p>\n\n\n\n<p class=\"wp-block-paragraph\">Tras condenar el asesinato de los sacerdotes jesuitas Javier Campos Morales&nbsp; y Joaqu\u00edn C\u00e9sar Mora Salazar que tuvieron lugar el pasado 20 de junio en la parroquia de Francisco Xavier, el organismo subray\u00f3 la necesidad brindar atenci\u00f3n, apoyo y seguridad a la comunidad de Cerocahui, y dem\u00e1s lugares de la Sierra Tarahumara en situaci\u00f3n de riesgo.<\/p>\n\n\n\n<p class=\"wp-block-paragraph\">Por lo que se pronunci\u00f3 por establecer &nbsp;medidas de protecci\u00f3n inmediatas, efectivas y concertadas con las mismas comunidades, que permitan proteger la vida e integridad de quienes las habitan y acompa\u00f1an, tomando en consideraci\u00f3n que est\u00e1n ubicadas en zonas aisladas y con una fuerte presencia ind\u00edgena lo que las hace m\u00e1s vulnerables<\/p>\n\n\n\n<p class=\"wp-block-paragraph\">\u201cEl asesinato de estos dos reconocidos sacerdotes nos recuerda la situaci\u00f3n de violencia extrema y vulnerabilidad que enfrentan las comunidades de la Sierra Tarahumara en Chihuahua\u201d, dijo Fern\u00e1ndez-Maldonado.<\/p>\n\n\n\n<p class=\"wp-block-paragraph\">La Oficina del Alto Comisionado mencion\u00f3 que, de acuerdo con informaci\u00f3n p\u00fablica,&nbsp; los hechos se registraron cuando los sacerdotes jesuitas intentaron auxiliar y brindar protecci\u00f3n a un hombre que entr\u00f3 a la iglesia huyendo de personas armadas.<\/p>\n\n\n\n<p class=\"wp-block-paragraph\">Apunt\u00f3 que ambos sacerdotes eran parte del equipo de religiosos y laicos que est\u00e1n en la Sierra Tarahumara, donde realizaban un importante trabajo social y pastoral que, entre otras l\u00edneas, incluye fortalecer la cultura de la comunidad Rar\u00e1muri en todas sus dimensiones y la preservaci\u00f3n del medio ambiente.<\/p>\n\n\n\n<p class=\"wp-block-paragraph\">Finalmente, la Oficina del Alto Comisionado de Naciones Unidas expres\u00f3 &nbsp;su solidaridad con las familias de Javier y Joaqu\u00edn, con la comunidad de Cerocahui y con la Compa\u00f1\u00eda de Jes\u00fas e insta a las autoridades a romper el c\u00edrculo de violencia extrema que afecta a las comunidades de la Sierra Tarahumara.<\/p>\n","protected":false},"excerpt":{"rendered":"<p>La Oficina en M\u00e9xico del Alto Comisionado de las Naciones Unidas para los Derechos Humanos (ONU-DH) exhort\u00f3 a las autoridades nacionales a desarrollar una investigaci\u00f3n efectiva y exhaustiva para esclarecer el asesinato de los dos sacerdotes jesuitas <\/p>\n","protected":false},"author":3,"featured_media":52082,"comment_status":"open","ping_status":"open","sticky":false,"template":"","format":"standard","meta":{"_monsterinsights_skip_tracking":false,"footnotes":""},"categories":[693,51],"tags":[],"class_list":["post-52081","post","type-post","status-publish","format-standard","has-post-thumbnail","category-693","category-ejecutivo"],"_links":{"self":[{"href":"https:\/\/redsemlac.com\/semmexico\/wp-json\/wp\/v2\/posts\/52081","targetHints":{"allow":["GET"]}}],"collection":[{"href":"https:\/\/redsemlac.com\/semmexico\/wp-json\/wp\/v2\/posts"}],"about":[{"href":"https:\/\/redsemlac.com\/semmexico\/wp-json\/wp\/v2\/types\/post"}],"author":[{"embeddable":true,"href":"https:\/\/redsemlac.com\/semmexico\/wp-json\/wp\/v2\/users\/3"}],"replies":[{"embeddable":true,"href":"https:\/\/redsemlac.com\/semmexico\/wp-json\/wp\/v2\/comments?post=52081"}],"version-history":[{"count":0,"href":"https:\/\/redsemlac.com\/semmexico\/wp-json\/wp\/v2\/posts\/52081\/revisions"}],"wp:featuredmedia":[{"embeddable":true,"href":"https:\/\/redsemlac.com\/semmexico\/wp-json\/wp\/v2\/media\/52082"}],"wp:attachment":[{"href":"https:\/\/redsemlac.com\/semmexico\/wp-json\/wp\/v2\/media?parent=52081"}],"wp:term":[{"taxonomy":"category","embeddable":true,"href":"https:\/\/redsemlac.com\/semmexico\/wp-json\/wp\/v2\/categories?post=52081"},{"taxonomy":"post_tag","embeddable":true,"href":"https:\/\/redsemlac.com\/semmexico\/wp-json\/wp\/v2\/tags?post=52081"}],"curies":[{"name":"wp","href":"https:\/\/api.w.org\/{rel}","templated":true}]}}