{"id":52067,"date":"2022-06-22T09:33:21","date_gmt":"2022-06-22T15:33:21","guid":{"rendered":"https:\/\/redsemlac.com\/semmexico\/?p=52067"},"modified":"2023-07-21T19:07:33","modified_gmt":"2023-07-22T00:07:33","slug":"urgen-al-congreso-de-chiapas-tipificar-violencia-vicaria-en-ley-para-defender-a-mujeres","status":"publish","type":"post","link":"https:\/\/redsemlac.com\/semmexico\/urgen-al-congreso-de-chiapas-tipificar-violencia-vicaria-en-ley-para-defender-a-mujeres\/","title":{"rendered":"Urgen al Congreso de Chiapas tipificar violencia vicaria en ley para defender a mujeres"},"content":{"rendered":"\n<ul class=\"wp-block-list\"><li><strong><em>Violencia vicaria, antesala de feminicidios e infanticidios en M\u00e9xico, se\u00f1alan v\u00edctimas y activistas feministas&nbsp;<\/em><\/strong><\/li><\/ul>\n\n\n\n<ul class=\"wp-block-list\"><li><strong><em>Solicitan al congreso estatal legislar para atender de manera transversal para para erradicar\u201d la violencia vicaria en este estado<\/em><\/strong><\/li><\/ul>\n\n\n\n<p class=\"wp-block-paragraph\"><strong>Gabriela Couti\u00f1o<\/strong><\/p>\n\n\n\n<p class=\"wp-block-paragraph\">SemM\u00e9xico, Tuxtla Guti\u00e9rrez, Chis. 22 de  junio de 2022.- Abogadas, integrantes de colectivas feministas y mujeres cuyos hijos e hijas les han sido sustra\u00eddos con enga\u00f1os y violencia por sus ex esposos, pidieron a\u00a0 las fracciones parlamentarias del Congreso de Chiapas que se legislen contra la violencia vicaria, como ya ocurri\u00f3 en cinco entidades del pa\u00eds, porque consideran que es \u201cla antesala\u201d de los feminicidios e infanticidios que ocurren en M\u00e9xico.\u00a0<\/p>\n\n\n\n<p class=\"wp-block-paragraph\">\u201cEste problema es considerado la antesala del feminicidio e infanticidio\u201d e incluso ha llevado al suicidio de madres debido \u201cal acorralamiento y devastaci\u00f3n emocional y psicol\u00f3gica\u201d, pero tambi\u00e9n por \u201cdesesperaci\u00f3n y dolor\u201d que ha sido tan grande y sin ver inmediatamente \u201cning\u00fan tipo de justicia\u201d, dijo la abogada sancristobalense, Micaela Giacobone Schwartz, a quien su ex esposo, hijo del ex gobernador de Chiapas, Elmar Seltzer, le arrebat\u00f3 a sus tres hijos.&nbsp;<\/p>\n\n\n\n<p class=\"wp-block-paragraph\">Giacobone Schwartz, integrante del Frente Nacional Contra la Violencia Vicaria, le fueron arrebatados con enga\u00f1os sus hijos al inicio de la pandemia, cuando su ex esposo dej\u00f3 de depositarle la pensi\u00f3n, y ella decidi\u00f3 buscar trabajo en Estados Unidos, pa\u00eds donde tiene la nacionalidad con sus tres hijos. Antes de viajar a la cita de trabajo, el padre de los menores, le dijo que los dejara con \u00e9l, mientras se acomodaba, pero era una trampa para arrebat\u00e1rselos.<\/p>\n\n\n\n<p class=\"wp-block-paragraph\">Micaela precis\u00f3 que durante un a\u00f1o y seis meses, ha buscado a sus hijos en casas de Tuxtla Guti\u00e9rrez y San Crist\u00f3bal de las Casas, pero a los domicilios que ha acudido le dicen que ah\u00ed no viven. En el foro, con un nudo en la garganta dijo que como consecuencia del abuso que sufren las mujeres de parte de sus ex parejas, \u201cnos sentimos muertas en vida\u201d.&nbsp;<\/p>\n\n\n\n<p class=\"wp-block-paragraph\">Pidi\u00f3 al Congreso de Chiapas, que legisle y \u201cse atienda de manera transversal para trabajar en acciones precisas para erradicar\u201d la violencia vicaria en este estado. \u201cQue cada una de las autoridades que intervienen de manera directa, se capaciten y atiendan, que juzguen con perspectiva de g\u00e9nero encaminada a prevenir y erradicar la violencia vicaria\u201d.&nbsp;<\/p>\n\n\n\n<p class=\"wp-block-paragraph\">Manifest\u00f3 que aunque la Ley General de Acceso de las Mujeres a una vida Libre de Violencia, ya reconoce otras violencias, es el momento que los diputados y diputadas aprueben la Ley contra la Violencia Vicaria.&nbsp;<\/p>\n\n\n\n<figure class=\"wp-block-gallery has-nested-images columns-default is-cropped wp-block-gallery-1 is-layout-flex wp-block-gallery-is-layout-flex\">\n<figure class=\"wp-block-image size-large\"><a href=\"https:\/\/redsemlac.com\/semmexico\/wp-content\/uploads\/2022\/06\/IMG_4938-scaled.jpg\"><img decoding=\"async\" data-id=\"52069\" src=\"https:\/\/redsemlac.com\/semmexico\/wp-content\/uploads\/2022\/06\/IMG_4938-768x1024.jpg\" alt=\"\" class=\"wp-image-52069\"\/><\/a><\/figure>\n\n\n\n<figure class=\"wp-block-image size-large\"><a href=\"https:\/\/redsemlac.com\/semmexico\/wp-content\/uploads\/2022\/06\/IMG_4937-scaled.jpg\"><img decoding=\"async\" data-id=\"52068\" src=\"https:\/\/redsemlac.com\/semmexico\/wp-content\/uploads\/2022\/06\/IMG_4937-768x1024.jpg\" alt=\"\" class=\"wp-image-52068\"\/><\/a><\/figure>\n<\/figure>\n\n\n\n<p class=\"wp-block-paragraph\">\u201cLa apat\u00eda tiene que terminar y tenemos que ver por los grupos vulnerables como ni\u00f1os, ni\u00f1as y adolescente en conjunto con mujeres y as\u00ed, crear un pa\u00eds m\u00e1s justo, un Chiapas que act\u00fae y proteja a nuestras madres y ni\u00f1as, para que puedan tener un mejor futuro y sobre todo una vida libre de violencia que todas y todos merecemos\u201d.&nbsp;<\/p>\n\n\n\n<p class=\"wp-block-paragraph\">As\u00ed es que \u201cno podemos negar lo innegable: La violencia vicaria o por interp\u00f3sita persona existe y es un problema que se ha salido de control y que ha sido reconocido como tal por instituciones y organismos internacionales y que hoy en d\u00eda en nuestro pa\u00eds es un problema de dimensi\u00f3n nacional y de salud p\u00fablica de urgente atenci\u00f3n\u201d, manifest\u00f3 durante su participaci\u00f3n.<\/p>\n\n\n\n<p class=\"wp-block-paragraph\">Por eso, legislar en contra de la violencia vicaria, es \u201cuna prioridad tanto federal como estatal\u201d, porque \u201clas madres responsables que vivimos esta violencia, tenemos una vida judicializada, bajo un terrorismo legal y agresores que act\u00faan como una verdadera delincuencia organizada, guiados por abogados c\u00f3mplices que lucran con la vida, integridad y salud de las y los ni\u00f1os involucrados, y las madres a quienes se somete a simulaciones judiciales con denuncias y demandas falsas, plagadas de irregularidades, abuso de poder, tr\u00e1fico de influencia y donde el privilegio del hombre rige en favor de \u00e9l y detrimento de las mujeres\u201d, agreg\u00f3.&nbsp;<\/p>\n\n\n\n<p class=\"wp-block-paragraph\">A\u00f1adi\u00f3 que en los juzgados se llevan a cabo procesos que van detrimento de las mujeres, para conseguir la separaci\u00f3n de sus hijos. As\u00ed ellas tienen que pasar varios a\u00f1os \u201csin poder siquiera abrazar a sus hijas e hijos, con un futuro incierto, dedicadas y sometidas a atender estos procesos fuera del Estado de derecho y principio del debido proceso que deber\u00edan imperar y que reflejan un estado fallido\u201d.&nbsp;<\/p>\n\n\n\n<p class=\"wp-block-paragraph\">\u201cNinguna madre soportar\u00eda esta tortura constante por recuperar a sus hijos, sino fuera por amor, por recuperarlos y regresarlos al entorno amoroso del que eran parte a nuestro lado, y del que fueron arrebatados injustamente\u201d, declar\u00f3 la ahora activista y abogada.<\/p>\n\n\n\n<p class=\"wp-block-paragraph\">Eileen Rodr\u00edguez L\u00f3pez, otra v\u00edctima de violencia vicaria, narr\u00f3 entre l\u00e1grimas que lleva 777 d\u00edas sin ver a sus hijos Laila, Leonardo y Lorena. Explic\u00f3 que despu\u00e9s de dos a\u00f1os de haber logrado convivencias en el domicilio del padre, los martes y jueves; logra las convivencias libres, pero se topa que la jueza de custodia del juzgado familiar, puso una restricci\u00f3n para que su hija mayor de va a cumplir 8 a\u00f1os, ya no la vea, porque no quiere.&nbsp;<\/p>\n\n\n\n<p class=\"wp-block-paragraph\">\u201cQuieren romper el v\u00ednculo con mis hijos; la jueza determina que yo no debo convivir con mi hija, que porque la est\u00e1n defendiendo de mi y no de su verdadero agresor. El mismo camino va con mis hijos menores de 7 y 5 a\u00f1os, quienes poco a poco ya est\u00e1n dejando de convivir conmigo. Su padre ante la sociedad es buen padre, es influyente; por eso venimos a pedir justicia por nuestros hijos porque se les deje de violentar y venimos a pedir justicia por nosotras\u201d, dijo.&nbsp;<\/p>\n\n\n\n<p class=\"wp-block-paragraph\">Las v\u00edctimas de violencia vicaria pasaron lista de las madres que no han podido ver a sus hijos e hijas: Mayte L\u00f3pez desde 2016, lleva dos mil 14 d\u00edas sin sus hijos, No\u00e9, Le\u00f3n y Fernando; cuenta con una orden de restricci\u00f3n que debe durar 30 d\u00edas m\u00e1ximo 90 y en casi seis a\u00f1os.<\/p>\n\n\n\n<p class=\"wp-block-paragraph\">Gisela Prado 1867 d\u00edas sin Abraham y sin Victoria; M\u00f3nica Estrada 545 d\u00edas sin Beto;&nbsp;&nbsp;Laura Negrete 485 d\u00edas sin ver a su hijos, sin tener ning\u00fan tipo de contacto ni llamadas ni mensajes.<\/p>\n\n\n\n<p class=\"wp-block-paragraph\">Eileen Rodr\u00edguez lleva sin Laila Leonardo y Lorena 777 d\u00edas a punto de que logren romper el v\u00ednculo materno con ellos.<\/p>\n\n\n\n<p class=\"wp-block-paragraph\">Cristina 3990 d\u00edas,\u00a0el 19 de agosto cumple 11 a\u00f1os sin sus hijos y sin sentencia.\u00a0<\/p>\n\n\n\n<p class=\"wp-block-paragraph\">En M\u00e9xico ha sido aprobada la Ley contra la Violencia Vicaria, en los&nbsp;Congresos de Ciudad de M\u00e9xico, Zacatecas, Estado de M\u00e9xico, Puebla y Yucat\u00e1n.<\/p>\n","protected":false},"excerpt":{"rendered":"<p>Violencia vicaria, antesala de feminicidios e infanticidios en M\u00e9xico, se\u00f1alan v\u00edctimas y activistas feministas\u00a0<\/p>\n","protected":false},"author":3,"featured_media":52070,"comment_status":"open","ping_status":"open","sticky":false,"template":"","format":"standard","meta":{"_monsterinsights_skip_tracking":false,"footnotes":""},"categories":[693,54],"tags":[229,149],"class_list":["post-52067","post","type-post","status-publish","format-standard","has-post-thumbnail","category-693","category-mujeres","tag-chiapas","tag-mujeres"],"_links":{"self":[{"href":"https:\/\/redsemlac.com\/semmexico\/wp-json\/wp\/v2\/posts\/52067","targetHints":{"allow":["GET"]}}],"collection":[{"href":"https:\/\/redsemlac.com\/semmexico\/wp-json\/wp\/v2\/posts"}],"about":[{"href":"https:\/\/redsemlac.com\/semmexico\/wp-json\/wp\/v2\/types\/post"}],"author":[{"embeddable":true,"href":"https:\/\/redsemlac.com\/semmexico\/wp-json\/wp\/v2\/users\/3"}],"replies":[{"embeddable":true,"href":"https:\/\/redsemlac.com\/semmexico\/wp-json\/wp\/v2\/comments?post=52067"}],"version-history":[{"count":0,"href":"https:\/\/redsemlac.com\/semmexico\/wp-json\/wp\/v2\/posts\/52067\/revisions"}],"wp:featuredmedia":[{"embeddable":true,"href":"https:\/\/redsemlac.com\/semmexico\/wp-json\/wp\/v2\/media\/52070"}],"wp:attachment":[{"href":"https:\/\/redsemlac.com\/semmexico\/wp-json\/wp\/v2\/media?parent=52067"}],"wp:term":[{"taxonomy":"category","embeddable":true,"href":"https:\/\/redsemlac.com\/semmexico\/wp-json\/wp\/v2\/categories?post=52067"},{"taxonomy":"post_tag","embeddable":true,"href":"https:\/\/redsemlac.com\/semmexico\/wp-json\/wp\/v2\/tags?post=52067"}],"curies":[{"name":"wp","href":"https:\/\/api.w.org\/{rel}","templated":true}]}}