{"id":5204,"date":"2018-07-23T16:34:14","date_gmt":"2018-07-23T16:34:14","guid":{"rendered":"https:\/\/redsemlac.com\/semmexico\/?p=5204"},"modified":"2023-07-21T14:32:49","modified_gmt":"2023-07-21T19:32:49","slug":"urgente-agilizar-la-operatividad-del-sistema-nacional-anticorrupcion","status":"publish","type":"post","link":"https:\/\/redsemlac.com\/semmexico\/urgente-agilizar-la-operatividad-del-sistema-nacional-anticorrupcion\/","title":{"rendered":"Urgente agilizar la operatividad del Sistema Nacional Anticorrupci\u00f3n."},"content":{"rendered":"\n<p class=\"wp-block-paragraph\"><a href=\"https:\/\/www.semmexico.com\/gallery-post.php?id=5360#\">Elda Montiel<\/a><\/p>\n\n\n\n<p class=\"wp-block-paragraph\">SemM\u00e9xico. Cd. de M\u00e9xico. 23 de julio de 2018.-&nbsp;El modelo de \u201ccompras centralizadas\u201d anunciada como una de las acciones del pr\u00f3ximo gobierno de la Rep\u00fablica, es cuestionable, la experiencia en otros pa\u00edses como el Reino Unido tardo m\u00e1s de un sexenio en dar resultados y dependi\u00f3 de la volatilidad de su moneda, y en el caso de Brasil esta medida no ha disminuido los \u00edndices de corrupci\u00f3n, consider\u00f3, Martha Tagle Mart\u00ednez, senadora ciudadana por la Ciudad de M\u00e9xico.&nbsp;&nbsp;<\/p>\n\n\n\n<p class=\"wp-block-paragraph\">Respecto al anuncio de la compra centralizada de bienes, servicios y obra p\u00fablica, la cual estar\u00e1 a cargo de la Secretar\u00eda de Hacienda y Cr\u00e9dito P\u00fablico (SHCP), la legisladora mostr\u00f3 preocupaci\u00f3n por otorgarle un poder monop\u00f3lico a una sola instituci\u00f3n o \u00e1rea que en este caso ser\u00eda la oficial\u00eda mayor de la Secretar\u00eda de Hacienda.&nbsp;<\/p>\n\n\n\n<p class=\"wp-block-paragraph\">Subray\u00f3 la advertencia de diversos expertos en la materia sobre la probabilidad de que estas licitaciones o adjudicaciones solo beneficien las compras a \u201cgran escala\u201d que dominan las empresas reconocidas sin dar oportunidad de competir&nbsp;&nbsp;a las peque\u00f1as y medianas empresas.<\/p>\n\n\n\n<p class=\"wp-block-paragraph\">Tagle Mart\u00ednez externo la opini\u00f3n que comparte con otros actores de la vida p\u00fablica respecto a un redise\u00f1o de la Secretar\u00eda de Hacienda que permita crear contrapesos, para no perpetuar los actos de corrupci\u00f3n y desv\u00edos millonarios de recursos p\u00fablicos que han contado con un amplio margen de discrecionalidad e impunidad.&nbsp;&nbsp;&nbsp;<\/p>\n\n\n\n<p class=\"wp-block-paragraph\">En su opini\u00f3n es necesario atender cuestiones inmediatas como el control, uso y destino del Ramo 23 que est\u00e1 a cargo de la SHCP&nbsp;&nbsp;y en consiguiente erradicar las pr\u00e1cticas de corrupci\u00f3n, desv\u00edos millonarios y uso discrecional del presupuesto.&nbsp;<\/p>\n\n\n\n<p class=\"wp-block-paragraph\">As\u00ed como&nbsp;&nbsp;consider\u00f3 urgente \u201cque el pr\u00f3ximo gobierno incluya dentro de sus prioridades, la implementaci\u00f3n integral del Sistema Nacional Anticorrupci\u00f3n (SNA), que recientemente cumpli\u00f3 2 a\u00f1os, y que contin\u00faa ac\u00e9falo al no contar&nbsp;con un(a) Fiscal Anticorrupci\u00f3n, as\u00ed como, de los 18 magistrados del Tribunal de Justicia Administrativa especializados en el combate a la corrupci\u00f3n\u201d.<br><\/p>\n","protected":false},"excerpt":{"rendered":"<p>Elda Montiel SemM\u00e9xico. Cd. de M\u00e9xico. 23 de julio de 2018.-&nbsp;El modelo de \u201ccompras centralizadas\u201d anunciada como una de las acciones del pr\u00f3ximo gobierno de la Rep\u00fablica, es cuestionable, la experiencia en otros pa\u00edses como el Reino Unido tardo m\u00e1s de un sexenio en dar resultados y dependi\u00f3 de la volatilidad de su moneda, y [&hellip;]<\/p>\n","protected":false},"author":3,"featured_media":5205,"comment_status":"open","ping_status":"open","sticky":false,"template":"","format":"standard","meta":{"_monsterinsights_skip_tracking":false,"footnotes":""},"categories":[689,50],"tags":[],"class_list":["post-5204","post","type-post","status-publish","format-standard","has-post-thumbnail","category-689","category-congreso"],"_links":{"self":[{"href":"https:\/\/redsemlac.com\/semmexico\/wp-json\/wp\/v2\/posts\/5204","targetHints":{"allow":["GET"]}}],"collection":[{"href":"https:\/\/redsemlac.com\/semmexico\/wp-json\/wp\/v2\/posts"}],"about":[{"href":"https:\/\/redsemlac.com\/semmexico\/wp-json\/wp\/v2\/types\/post"}],"author":[{"embeddable":true,"href":"https:\/\/redsemlac.com\/semmexico\/wp-json\/wp\/v2\/users\/3"}],"replies":[{"embeddable":true,"href":"https:\/\/redsemlac.com\/semmexico\/wp-json\/wp\/v2\/comments?post=5204"}],"version-history":[{"count":0,"href":"https:\/\/redsemlac.com\/semmexico\/wp-json\/wp\/v2\/posts\/5204\/revisions"}],"wp:featuredmedia":[{"embeddable":true,"href":"https:\/\/redsemlac.com\/semmexico\/wp-json\/wp\/v2\/media\/5205"}],"wp:attachment":[{"href":"https:\/\/redsemlac.com\/semmexico\/wp-json\/wp\/v2\/media?parent=5204"}],"wp:term":[{"taxonomy":"category","embeddable":true,"href":"https:\/\/redsemlac.com\/semmexico\/wp-json\/wp\/v2\/categories?post=5204"},{"taxonomy":"post_tag","embeddable":true,"href":"https:\/\/redsemlac.com\/semmexico\/wp-json\/wp\/v2\/tags?post=5204"}],"curies":[{"name":"wp","href":"https:\/\/api.w.org\/{rel}","templated":true}]}}