{"id":52014,"date":"2022-06-21T09:04:54","date_gmt":"2022-06-21T15:04:54","guid":{"rendered":"https:\/\/redsemlac.com\/semmexico\/?p=52014"},"modified":"2023-07-21T19:06:52","modified_gmt":"2023-07-22T00:06:52","slug":"despertaron-las-mujeres-de-ocotequila-ahora-valoran-su-ciudadania-antonia-ramirez-marcelino","status":"publish","type":"post","link":"https:\/\/redsemlac.com\/semmexico\/despertaron-las-mujeres-de-ocotequila-ahora-valoran-su-ciudadania-antonia-ramirez-marcelino\/","title":{"rendered":"Despertaron las mujeres de Ocotequila, ahora valoran su ciudadan\u00eda: Antonia Ram\u00edrez Marcelino"},"content":{"rendered":"\n<ul class=\"wp-block-list\"><li><strong>En mayo volvieron a votar por el Comisariado de Bienes Comunales, con cargos en paridad<\/strong><\/li><li><strong>Aprendieron a cuestionar y a participar, no se volver\u00e1 atr\u00e1s y se capacitan en toma de decisiones<\/strong><\/li><\/ul>\n\n\n\n<p class=\"wp-block-paragraph\"><strong>Josefina Aguilar Pastor<\/strong><\/p>\n\n\n\n<p class=\"wp-block-paragraph\">SemM\u00e9xico, Chilpancingo, Gro, 21 de junio de 2022.- \u00bfEres la incitadora, la incitadora de las mujeres? Le preguntamos. Se queda pensativa unos segundos, reflexiona, suelta una sonrisa y responde: \u201cs\u00ed, en crear conciencia s\u00ed, que cuestionemos el papel que tenemos, si nos gusta, si no nos gusta hay que cambiarlo\u201d, responde Antonia Ramirez Marcelino, quien impuls\u00f3 a otras mujeres a denunciar la violencia pol\u00edtica de que eran objeto por parte de los hombres, quienes por a\u00f1os le negaron su derecho a votar en la comunidad de Ocotequila.<\/p>\n\n\n\n<p class=\"wp-block-paragraph\">Antonia, es una mujer nahua, originaria y vecina de la comunidad nahua de Ocotequila, municipio de Copanatoyac, en la regi\u00f3n de la monta\u00f1a alta de Guerrero.<\/p>\n\n\n\n<p class=\"wp-block-paragraph\">Tras la experiencia electoral de hace cuatro meses, donde participaron por primera vez nueve mujeres, afirma \u201clas cosas han cambiado\u201d. Ahora las mujeres de la comunidad, ya volvieron a participar en las elecciones de mayo para elegir al comisariado de bienes comunales, y lograron que fuera paritaria.<\/p>\n\n\n\n<p class=\"wp-block-paragraph\">La comunidad de Ocotequila, se ubica a 4.1 kil\u00f3metros de la cabecera municipal de Copanatoyac, tiene una poblaci\u00f3n de mil 564 habitantes, de ellos, la mayor\u00eda, son mujere -833- el resto hombres -731-.<\/p>\n\n\n\n<p class=\"wp-block-paragraph\">Como pocas mujeres de su comunidad, Antonia Ram\u00edrez Marcelino, tuvo la oportunidad de salir de \u201csu pueblo\u201d, como le llama a su comunidad, estudiar y trabajar, \u201cabrir los ojos\u201d.<\/p>\n\n\n\n<p class=\"wp-block-paragraph\">Esto le permiti\u00f3 darse cuenta de la desigualdad en que viven las mujeres ind\u00edgenas y rurales, no solo en lo social y econ\u00f3mico, sino tambi\u00e9n en lo pol\u00edtico, ya que para los hombres del pueblo no eran sujetas de toma de decisiones. Hasta ahora que se tom\u00f3 conciencia.<\/p>\n\n\n\n<p class=\"wp-block-paragraph\">Las mujeres de la comunidad, siempre pudieron votar en las elecciones constitucionales, pero no en la elecci\u00f3n de sus autoridades inmediatas locales, es decir, comisarios municipales. Mucho menos les permit\u00edan competir a la par que los hombres para ocupar los cargos.<\/p>\n\n\n\n<p class=\"wp-block-paragraph\">Antonia Ram\u00edrez Marcelino, fue electa consejera electoral de la Junta Local del Instituto Nacional Electoral (INE) en 2020 para dos procesos electorales de comisar\u00edas municipales, 2020-2021 y el siguiente 2023-2024.<\/p>\n\n\n\n<p class=\"wp-block-paragraph\">Tambi\u00e9n se desempe\u00f1a como reportera del peri\u00f3dico El Sur, es cofundadora de un medio digital local, El Jale Noticia. Estudi\u00f3 la licenciatura en Desarrollo Comunitario Integral en Universidad Pedag\u00f3gica Nacional con sede en Tlapa, donde vive.<\/p>\n\n\n\n<p class=\"wp-block-paragraph\">Es la menor de siete en la familia, tiene tres hermanos y tres hermanas. Es la \u00fanica mujer que estudi\u00f3 una carrera. Su mam\u00e1 a\u00fan vive en el pueblo, en Ocotequila, igual que otro de sus hermanos.<\/p>\n\n\n\n<p class=\"wp-block-paragraph\">Dos m\u00e1s y una hermana, emigraron y ahora viven en el vecino municipio de Tlapa; otras dos hermanas viven en la Ciudad de M\u00e9xico, \u201cyo viv\u00ed el mayor tiempo en Tlapa, pero seguido voy a mi pueblo a visitar a mi mam\u00e1\u201d, comenta.<\/p>\n\n\n\n<p class=\"has-medium-font-size wp-block-paragraph\"><strong>Inicia la lucha<\/strong><\/p>\n\n\n\n<p class=\"wp-block-paragraph\">El pasado 2 de enero, \u201cpor usos y costumbres\u201d, habitantes de la comunidad durante la elecci\u00f3n del comisariado municipal de&nbsp;Ocotequila&nbsp;impidieron que nueve mujeres&nbsp;que se presentaron a las casillas, emitieran su voto en la elecci\u00f3n de comisario municipal.&nbsp;&nbsp;<\/p>\n\n\n\n<p class=\"wp-block-paragraph\">Apoyadas por Antonia Ram\u00edrez Marcelino, las afectadas interpusieron una denuncia ante el Tribunal Electoral del Estado (TEE)&nbsp;por violencia pol\u00edtica contra de las mujeres en raz\u00f3n de g\u00e9nero.&nbsp;<\/p>\n\n\n\n<p class=\"wp-block-paragraph\">El \u00f3rgano juridiccional acredit\u00f3 el delito, y resolvi\u00f3 anular la elecci\u00f3n del 4 de enero, e instruy\u00f3 al presidente municipal, -encargado de organizar esa elecci\u00f3n- &nbsp;repusiera el proceso, emitiera una convocatoria incluyente, adem\u00e1s de promover la igualdad de derechos entre hombres y mujeres.&nbsp;<\/p>\n\n\n\n<p class=\"wp-block-paragraph\">Finalmente, el domingo 13 de febrero, se llev\u00f3 a cabo la elecci\u00f3n de comisariado municipal -una especie de consejo del ayuntamiento-&nbsp; y a diferencia del proceso del 2 de enero, ese domingo, adem\u00e1s de las planillas del PRD, PRI y Morena, hubo una m\u00e1s, la de&nbsp;Antonia&nbsp;Ramirez.&nbsp;<\/p>\n\n\n\n<p class=\"wp-block-paragraph\">Por primera vez, en la historia de Ocotequila, se permiti\u00f3, por un lado, que las mujeres votaran y por otro, que una mujer contendiera por el cargo.&nbsp;<\/p>\n\n\n\n<p class=\"wp-block-paragraph\">Al final de la jornada, la votaci\u00f3n ciudadana se inclin\u00f3 por el candidato del Partido Revolucionario Institucional (PRI), que result\u00f3 electo con 416 votos, le sigui\u00f3 Morena con 339, el PRD, 36, y finalmente&nbsp;Antonia, con 33. &nbsp;<\/p>\n\n\n\n\n\n<p class=\"has-medium-font-size wp-block-paragraph\"><strong>Ganamos las mujeres<\/strong>&nbsp;<\/p>\n\n\n\n<p class=\"wp-block-paragraph\">A pesar de este resultado, para&nbsp;Antonia, fue todo un triunfo, \u201cdecirles que ganamos, ganamos las mujeres, porque en esta comunidad no se les permit\u00eda votar por ser mujeres y yo creo que hace 69 a\u00f1os que las mujeres mexicanas en el pa\u00eds votan, y no es posible que, en las comunidades ind\u00edgenas bajo el argumento de los usos y costumbres, las mujeres no podamos votar, no es posible\u201d, expres\u00f3.&nbsp;<\/p>\n\n\n\n<p class=\"wp-block-paragraph\">Se\u00f1al\u00f3 que los usos y costumbres son buenos, siempre y cuando, no lastimen ni denigren a las mujeres. Adem\u00e1s, refiri\u00f3 que en Ocotequila, no solo se rigen por los usos y costumbres, sino tambi\u00e9n por el sistema de partidos, lo que les permite a los partidos participar con sus candidaturas.&nbsp;<\/p>\n\n\n\n<p class=\"wp-block-paragraph\">Ramirez&nbsp;Marcelino, comparti\u00f3, que no estaba segura de competir por el cargo de comisaria, sin embargo, el viernes por la noche, a un d\u00eda de la elecci\u00f3n, sus compa\u00f1eras y compa\u00f1eros, le pidieron que se registrara, \u201cporque queremos darle un mensaje a todas las mujeres de la comunidad, que no solamente podemos venir a apoyar, sino que tambi\u00e9n podemos ser autoridad, comisaria municipal y otros cargos\u201d le dijeron.&nbsp;<\/p>\n\n\n\n<p class=\"wp-block-paragraph\">Adem\u00e1s, a\u00f1adi\u00f3, lograron que las planillas de los partidos que contendieron, fueran conformadas bajo el principio de paridad de g\u00e9nero, \u201cy en esa planilla que gan\u00f3, el PRI, van mujeres, quiera o no, las mujeres ya ganamos, es un avance muy significativo y ojal\u00e1 que en otras comunidades de Copanatoyac, de la regi\u00f3n de la monta\u00f1a, tambi\u00e9n que se animen y rompan ese miedo\u201d, recalc\u00f3.&nbsp;<\/p>\n\n\n\n<p class=\"wp-block-paragraph\">Denunci\u00f3 que aun en la convocatoria emitida por el ayuntamiento, no fue clara, no se invit\u00f3 a las mujeres a participar por el cargo, tampoco; puntualiz\u00f3, sobre en los documentos y requisitos requeridos, al acudir al ayuntamiento lo supieron, y los cumplieron.&nbsp;<\/p>\n\n\n\n<h2 class=\"wp-block-heading\" id=\"despertar-de-la-conciencia\"><strong>Despertar de la conciencia<\/strong><\/h2>\n\n\n\n<p class=\"wp-block-paragraph\">A cuatro meses de dicha elecci\u00f3n, en la que por primera vez les permitieron a las mujeres elegir a su comisariado municipal, las cosas para ellas, han cambiado afirma Antonia.<\/p>\n\n\n\n<p class=\"has-medium-font-size wp-block-paragraph\"><strong>\u00bfQu\u00e9 pas\u00f3 con las mujeres luego de votar por primera vez?<\/strong><\/p>\n\n\n\n<p class=\"wp-block-paragraph\">&#8211;S\u00ed cambio mucho, mach\u00edsimo. Yo ahora, le digo a las mujeres \u00a1ustedes ya me est\u00e1n dando miedo!<\/p>\n\n\n\n<p class=\"wp-block-paragraph\">Y es que, dice, \u201cya est\u00e1n como exigiendo m\u00e1s cosas, varias de ellas han participado en la comunidad, una de ellas, es presidenta de madres de familia, quiere que los recursos que se est\u00e9n ejecutando ah\u00ed se transparenten, en qu\u00e9 se lo van a estar gastando los del comit\u00e9, \u00bfc\u00f3mo va a hacer? Y esa mujer quiere venir a Tlapa a preguntar, &#8211; luego- me dice acomp\u00e1\u00f1ame y esto y lo otro\u201d<\/p>\n\n\n\n<p class=\"wp-block-paragraph\">Tofo fue a ra\u00edz de lo que pas\u00f3. \u201cLas mujeres, vieron que es importante denunciar lo que est\u00e1n viviendo, apenas hace como 15 o 20 d\u00edas \u2013finales de mayo- &nbsp;fue la elecci\u00f3n para el comisariado de bienes comunales y participaron las mujeres. El titular de la procuradur\u00eda agraria de Tlapa, acudi\u00f3 a Ocotequila y les dijo a los hombres, \u2018yo quiero que las mujeres participen no quiero que despu\u00e9s anden demandando a la Procuradur\u00eda Agraria \u00b4 y pues no hubo de otra, los hombres tuvieron que apechugar, participaron las mujeres, votaron las comuneras\u201d.<\/p>\n\n\n\n<p class=\"wp-block-paragraph\">Y es que en Ocotequila las tierras son bienes comunales, entonces, todas las comuneras votaron y, lo m\u00e1s importante, es que fueron integradas dentro de la planilla, la que fue paritaria. \u201cme parecen fueron ocho cargos, ocho carteras, y cuatro fueron para mujeres\u201d narra Antonia, muy orgullosa.<\/p>\n\n\n\n<p class=\"wp-block-paragraph\">Se le iluminan los ojos: \u201cEntonces para m\u00ed s\u00ed han cambiado las cosas. En febrero, fueron nueve las mujeres que decidieron levantar la voz, votaron, eran m\u00e1s, pero les daba pena, siempre ah\u00ed en la comunidad, siempre la pena, la verg\u00fcenza es algo que les impide hacer muchas cosas y pues ahorita ya quieren hacer m\u00e1s.<\/p>\n\n\n\n<p class=\"wp-block-paragraph\">&nbsp;El 25 de junio -continu\u00f3- \u201cvamos a arrancar con un proyecto para capacitar a mujeres, es un recurso que nos acaba de dar el Instituto de Pueblos Ind\u00edgenas, \u00bff\u00edjate? a nosotras como mujeres que interpusimos el juicio.<\/p>\n\n\n\n<p class=\"wp-block-paragraph\">Vienen muchas otras cosas, he estado viendo que voy a invitar a algunos diputados, de ah\u00ed, de la regi\u00f3n para que conozcan cual es el sentir de las mujeres y sus necesidades se conviertan en pol\u00edticas p\u00fablicas.<\/p>\n\n\n\n<p class=\"has-medium-font-size wp-block-paragraph\"><strong>\u00bfDe qu\u00e9 se trata este curso, en que \u00e1mbito?<\/strong><\/p>\n\n\n\n<p class=\"wp-block-paragraph\">&#8211;Es en el \u00e1mbito pol\u00edtico, es fortalecimiento ciudadano para las mujeres nahuas de Ocotequila, para empoderarlas pol\u00edticamente para que ellas m\u00e1s adelante sepan que son capaces de ocupar un cargo tanto en la comunidad como comisarias delegadas, presidentas municipales, o diputadas.<\/p>\n\n\n\n<p class=\"has-medium-font-size wp-block-paragraph\"><strong>\u00bfCrees que esto que pas\u00f3, despert\u00f3 la conciencia de las mujeres?<\/strong><\/p>\n\n\n\n<p class=\"wp-block-paragraph\">&#8211;Por supuesto que s\u00ed, despert\u00f3 a varias mujeres, hay varias lideresas en la comunidad, solamente que pensaban que el espacio de ellas solo era en la escuela -como madres de familia- o en espacios, ah\u00ed donde no les permit\u00edan incursionar, sin embargo, ahorita con esto que vieron que, si se quejan, si denuncian, que la ley est\u00e1 a favor de las mujeres, entonces todo ello despert\u00f3 muchas conciencias.&nbsp; Ahora ya no somos, el grupo aquel, ya no somos s\u00f3lo 9 mujeres.<\/p>\n\n\n\n<p class=\"wp-block-paragraph\">Y explic\u00f3 \u201cyo me registro como candidata, obtuve 33 votos y votaron hombres y mujeres y desde ah\u00ed ya hubo como conciencia. Con el cambio de comisariado de asuntos comunales, las mujeres fueron a votar, las mujeres no tuvieron miedo de decir vas tu ah\u00ed y aceptaron el cargo.<\/p>\n\n\n\n<p class=\"has-medium-font-size wp-block-paragraph\"><strong>\u00bfCu\u00e1ntas mujeres?<\/strong><\/p>\n\n\n\n<p class=\"wp-block-paragraph\">&#8211;Cuatro mujeres quedaron en bienes comunales. \u00bfcu\u00e1ntas fueron a votar? no tuvimos el dato exacto, porque no se contabiliz\u00f3, yo le calculo como unas 50 mujeres, porque no todas son comuneras. Con derechos comunales son como 240, hombres y mujeres, entonces no es tanto.<\/p>\n\n\n\n<p class=\"wp-block-paragraph\">En ese proceso identifiqu\u00e9,&nbsp; que las mujeres no son titulares de los terrenos, por eso ahora les &nbsp;estamos diciendo a las compa\u00f1eras que tambi\u00e9n hay que&nbsp; ser due\u00f1as de los terrenos, porque por lo regular piensan que se lo van a heredar a su hijo var\u00f3n, pero no est\u00e1n pensando que se lo pueden dejar a su hija,&nbsp; porque las mujeres son las m\u00e1s desprotegidas, porque luego en&nbsp; matrimonio, sufren violencia y no se pueden ir&nbsp; de su casa,&nbsp; porque ah\u00ed est\u00e1 el marido, que es el due\u00f1o &nbsp;y si se van, \u00bfa donde se van a ir a vivir con todos los hijos que tienen?.<\/p>\n\n\n\n<p class=\"has-medium-font-size wp-block-paragraph\"><strong>\u00bfDe estos comuneros cuantas ser\u00e1n mujeres, un porcentaje?<\/strong><\/p>\n\n\n\n<p class=\"wp-block-paragraph\">&#8211;Yo supongo que un 15 por ciento, es muy poquito todav\u00eda, sobre todo porque ellas trabajan la tierra, pero no son las due\u00f1as, no aparecen en papel, en un documento, aunque en los hechos ellas son las que trabajan la tierra.<\/p>\n\n\n\n<p class=\"has-medium-font-size wp-block-paragraph\"><strong>\u00bfCu\u00e1les son las tareas a las que se dedican las comuneras?<\/strong><\/p>\n\n\n\n<p class=\"wp-block-paragraph\">Primero son las que cuidan \u00e9l o su predio, las que siembran, est\u00e1n todo el d\u00eda en el surco, su trabajo es el triple en una comunidad. Se van levantando a las cuatro o cinco de la ma\u00f1ana para que cuando ya se van al campo lleven lista la comida. Trabajan todo el d\u00eda, y despu\u00e9s, de regreso, a casa, no van a descansar, se va a moler, a hacer las tortillas, la comida, luego la cena, a servir para que coman todos, despu\u00e9s de eso a lavar los trastes y ellas son las \u00faltimas en acostarse y las primeras en levantarse.<\/p>\n\n\n\n<p class=\"has-medium-font-size wp-block-paragraph\"><strong>\u00bfC\u00f3mo te sientes t\u00fa por haber sido la que le toc\u00f3 representarlas y la que encausara esta lucha?<\/strong><\/p>\n\n\n\n<p class=\"wp-block-paragraph\">&#8211;Yo me siento muy afortunada de haber hecho algo en mi comunidad, como lo he dicho, las personas que pudimos ir a la escuela, tenemos ese compromiso de ir a nuestra comunidad e ir para mejorarla. Una de las cosas es hacer que las mujeres participen de manera igualitaria en la comunidad, aunque es bien dif\u00edcil; en esta causa muchos compa\u00f1eros profesionistas se van a sumar en este proyecto porque ellos no sufren violencia, a ellos no los discriminan por su sexo; sin embargo, las mujeres desde que nacemos, hemos sido discriminadas, desde que dicen \u00a1ay \u00a1es ni\u00f1a, pues ay que no?<\/p>\n\n\n\n<p class=\"wp-block-paragraph\">Entonces desde que nacemos estamos siendo discriminadas y pues mi compromiso es ese, hacer y aportar algo para mi comunidad.<\/p>\n\n\n\n<p class=\"wp-block-paragraph\">De los talleres dijo, \u201cson seis talleres que vamos a llevar a la comunidad, desde este mes de junio hasta diciembre. Haremos una actividad cada mes, yo veo muy interesadas a las compa\u00f1eras. Desde el s\u00e1bado que pas\u00f3, se firm\u00f3 el convenio, acudi\u00f3 el presidente municipal, el del Instituto Nacional de los Pueblos Ind\u00edgenas INPI estatal, las mujeres participaron, ya no tienen miedo de ir y sentarse en la delegaci\u00f3n, en la comisaria y eso para m\u00ed quiere decir que si estoy aportando algo para mi comunidad.<\/p>\n\n\n\n<p class=\"has-medium-font-size wp-block-paragraph\"><strong>\u00bfY esto apenas empieza?<\/strong><\/p>\n\n\n\n<p class=\"wp-block-paragraph\">&#8211;Esto apenas empieza. Les digo, les insisto a las mujeres, ustedes tambi\u00e9n pueden ser s\u00edndicas, presidentas municipales, imag\u00ednense en que va a ayudar cuando ustedes sean eso, y bueno las mujeres se emocionan, dicen vamos a hacer esto, aquello; entonces ya se est\u00e1n como visualizando, yo luego les digo cuando llevan a sus hijas peque\u00f1as que ellas van a ser las pr\u00f3ximas comisarias, ya no nos va a tocar vivir esa parte a nosotras, pero ellas a lo mejor s\u00ed.<\/p>\n\n\n\n<p class=\"wp-block-paragraph\">\u00bfEres la incitadora, la incitadora de las mujeres?<\/p>\n\n\n\n<p class=\"wp-block-paragraph\">&#8211;Se queda pensativa unos segundos, reflexiona, suelta una sonrisa y responde. S\u00ed, en crear conciencia si, que cuestionemos el papel que tenemos, si nos gusta, si no nos gusta hay que cambiarlo.<\/p>\n","protected":false},"excerpt":{"rendered":"<p>En mayo volvieron a votar por el Comisariado de Bienes Comunales, con cargos en paridad<\/p>\n","protected":false},"author":3,"featured_media":52016,"comment_status":"open","ping_status":"open","sticky":false,"template":"","format":"standard","meta":{"_monsterinsights_skip_tracking":false,"footnotes":""},"categories":[693,54],"tags":[],"class_list":["post-52014","post","type-post","status-publish","format-standard","has-post-thumbnail","category-693","category-mujeres"],"_links":{"self":[{"href":"https:\/\/redsemlac.com\/semmexico\/wp-json\/wp\/v2\/posts\/52014","targetHints":{"allow":["GET"]}}],"collection":[{"href":"https:\/\/redsemlac.com\/semmexico\/wp-json\/wp\/v2\/posts"}],"about":[{"href":"https:\/\/redsemlac.com\/semmexico\/wp-json\/wp\/v2\/types\/post"}],"author":[{"embeddable":true,"href":"https:\/\/redsemlac.com\/semmexico\/wp-json\/wp\/v2\/users\/3"}],"replies":[{"embeddable":true,"href":"https:\/\/redsemlac.com\/semmexico\/wp-json\/wp\/v2\/comments?post=52014"}],"version-history":[{"count":0,"href":"https:\/\/redsemlac.com\/semmexico\/wp-json\/wp\/v2\/posts\/52014\/revisions"}],"wp:featuredmedia":[{"embeddable":true,"href":"https:\/\/redsemlac.com\/semmexico\/wp-json\/wp\/v2\/media\/52016"}],"wp:attachment":[{"href":"https:\/\/redsemlac.com\/semmexico\/wp-json\/wp\/v2\/media?parent=52014"}],"wp:term":[{"taxonomy":"category","embeddable":true,"href":"https:\/\/redsemlac.com\/semmexico\/wp-json\/wp\/v2\/categories?post=52014"},{"taxonomy":"post_tag","embeddable":true,"href":"https:\/\/redsemlac.com\/semmexico\/wp-json\/wp\/v2\/tags?post=52014"}],"curies":[{"name":"wp","href":"https:\/\/api.w.org\/{rel}","templated":true}]}}