{"id":5201,"date":"2018-07-25T16:32:25","date_gmt":"2018-07-25T16:32:25","guid":{"rendered":"https:\/\/redsemlac.com\/semmexico\/?p=5201"},"modified":"2023-07-21T14:32:49","modified_gmt":"2023-07-21T19:32:49","slug":"manifesto-que-van-a-colaborar-con-los-demas-congresos-y-poderes-con-absoluto-respeto-pero-con-autonomia","status":"publish","type":"post","link":"https:\/\/redsemlac.com\/semmexico\/manifesto-que-van-a-colaborar-con-los-demas-congresos-y-poderes-con-absoluto-respeto-pero-con-autonomia\/","title":{"rendered":"Manifest\u00f3 que van a colaborar con los dem\u00e1s congresos y poderes, con absoluto respeto pero con autonom\u00eda."},"content":{"rendered":"\n<p class=\"wp-block-paragraph\"><a href=\"https:\/\/www.semmexico.com\/gallery-post.php?id=5388#\">Lizbeth \u00c1lvarez<\/a><\/p>\n\n\n\n<p class=\"wp-block-paragraph\">SemM\u00e9xico, Cd. de M\u00e9xico, 25 de julio 2018. Ernestina Godoy Ramos ser\u00e1 la legisladora que dirija la fracci\u00f3n parlamentaria del Movimiento de Regeneraci\u00f3n Nacional (Morena) en el arranque de la primera legislatura del primer Congreso de la ciudad de M\u00e9xico.<\/p>\n\n\n\n<p class=\"wp-block-paragraph\">En conferencia, la ex diputada federal y ex secretaria de la Mesa Directiva de la C\u00e1mara de Diputados, coment\u00f3 que \u00abvamos a estar a la altura de lo que la gente espera. Vamos a escuchar a la ciudadan\u00eda. Vamos a un parlamento austero, transparente, moderno, verdaderamente abierto\u00bb.<\/p>\n\n\n\n<p class=\"wp-block-paragraph\">Manifest\u00f3 que van a colaborar con los dem\u00e1s congresos y poderes, con absoluto respeto pero con autonom\u00eda.<\/p>\n\n\n\n<p class=\"wp-block-paragraph\">Subray\u00f3 que est\u00e1n construyendo una agenda lagislativa responsable y un nuevo modelo de diputadas y diputados que representen con transparencia a los ciudadanos. \u00abNo somos diputados que venimos para entrarle a los moches. Quien quiera hacerse rico no va a venir ac\u00e1\u00bb.<\/p>\n\n\n\n<p class=\"wp-block-paragraph\">Adelant\u00f3 que se encuentran en proceso de trazar una agenda, con temas ejes como austeridad, combate a la corrupci\u00f3n, participaci\u00f3n ciudadana. \u00abNo nos vamos a distraer con cacer\u00edas de brujas o venganzas. No va a haber seguro de gastos m\u00e9dicos mayores, guardaespaldas, ni el m\u00e1s m\u00ednimo recorte en los derechos de los trabajadores\u00bb, sostuvo.&nbsp;<br><\/p>\n","protected":false},"excerpt":{"rendered":"<p>Lizbeth \u00c1lvarez SemM\u00e9xico, Cd. de M\u00e9xico, 25 de julio 2018. Ernestina Godoy Ramos ser\u00e1 la legisladora que dirija la fracci\u00f3n parlamentaria del Movimiento de Regeneraci\u00f3n Nacional (Morena) en el arranque de la primera legislatura del primer Congreso de la ciudad de M\u00e9xico. En conferencia, la ex diputada federal y ex secretaria de la Mesa Directiva [&hellip;]<\/p>\n","protected":false},"author":3,"featured_media":5202,"comment_status":"open","ping_status":"open","sticky":false,"template":"","format":"standard","meta":{"_monsterinsights_skip_tracking":false,"footnotes":""},"categories":[689,50],"tags":[],"class_list":["post-5201","post","type-post","status-publish","format-standard","has-post-thumbnail","category-689","category-congreso"],"_links":{"self":[{"href":"https:\/\/redsemlac.com\/semmexico\/wp-json\/wp\/v2\/posts\/5201","targetHints":{"allow":["GET"]}}],"collection":[{"href":"https:\/\/redsemlac.com\/semmexico\/wp-json\/wp\/v2\/posts"}],"about":[{"href":"https:\/\/redsemlac.com\/semmexico\/wp-json\/wp\/v2\/types\/post"}],"author":[{"embeddable":true,"href":"https:\/\/redsemlac.com\/semmexico\/wp-json\/wp\/v2\/users\/3"}],"replies":[{"embeddable":true,"href":"https:\/\/redsemlac.com\/semmexico\/wp-json\/wp\/v2\/comments?post=5201"}],"version-history":[{"count":0,"href":"https:\/\/redsemlac.com\/semmexico\/wp-json\/wp\/v2\/posts\/5201\/revisions"}],"wp:featuredmedia":[{"embeddable":true,"href":"https:\/\/redsemlac.com\/semmexico\/wp-json\/wp\/v2\/media\/5202"}],"wp:attachment":[{"href":"https:\/\/redsemlac.com\/semmexico\/wp-json\/wp\/v2\/media?parent=5201"}],"wp:term":[{"taxonomy":"category","embeddable":true,"href":"https:\/\/redsemlac.com\/semmexico\/wp-json\/wp\/v2\/categories?post=5201"},{"taxonomy":"post_tag","embeddable":true,"href":"https:\/\/redsemlac.com\/semmexico\/wp-json\/wp\/v2\/tags?post=5201"}],"curies":[{"name":"wp","href":"https:\/\/api.w.org\/{rel}","templated":true}]}}