{"id":52009,"date":"2022-06-20T15:15:10","date_gmt":"2022-06-20T21:15:10","guid":{"rendered":"https:\/\/redsemlac.com\/semmexico\/?p=52009"},"modified":"2023-07-21T19:06:52","modified_gmt":"2023-07-22T00:06:52","slug":"el-clima-empeora-crece-violencia-de-genero-frente-a-problemas-ambientales-nuevo-estudio-de-la-revista-the-lancet","status":"publish","type":"post","link":"https:\/\/redsemlac.com\/semmexico\/el-clima-empeora-crece-violencia-de-genero-frente-a-problemas-ambientales-nuevo-estudio-de-la-revista-the-lancet\/","title":{"rendered":"El clima empeora: Crece violencia de g\u00e9nero frente a problemas ambientales, nuevo estudio de la revista The Lancet"},"content":{"rendered":"\n<p class=\"wp-block-paragraph\"><strong>Redacci\u00f3n<\/strong><\/p>\n\n\n\n<p class=\"wp-block-paragraph\">SemM\u00e9xico\/Global Health Now, Tlaxcala, Tlax. 20 de junio de 2022.- El aumento de los desastres clim\u00e1ticos tiene un efecto domin\u00f3 de gran alcance en la violencia de g\u00e9nero, seg\u00fan estudio publicado en The Lancet Planetary Health. Aunque la relaci\u00f3n directa no es mesurable, la investigaci\u00f3n en los 6 continentes principales mostr\u00f3 un patr\u00f3n claro.<\/p>\n\n\n\n<p class=\"wp-block-paragraph\">\u201cLos eventos extremos no causan por s\u00ed mismos la violencia de g\u00e9nero, sino que exacerban los impulsores de la violencia o crean entornos que permiten este tipo de comportamiento\u201d, dijo Kim van Daalen, encargada de la revisi\u00f3n desde el Departamento de Salud P\u00fablica y Atenci\u00f3n Primaria de la Universidad de Cambridge.<\/p>\n\n\n\n<p class=\"wp-block-paragraph\">Esos impulsores, explica el estudio, van desde la inestabilidad socioecon\u00f3mica hasta la inaccesibilidad a la atenci\u00f3n m\u00e9dica, hasta fallas en la seguridad y la aplicaci\u00f3n de la ley y ofrece un ejemplo: en Bangladesh, las inundaciones devastadoras destruyeron las pertenencias y las perspectivas econ\u00f3micas de las familias, lo que llev\u00f3 a m\u00e1s familias a casar a sus hijas peque\u00f1as para reducir la carga financiera.<\/p>\n\n\n\n<p class=\"wp-block-paragraph\">Pero la violencia no acaba en casa: los perpetradores de la violencia iban desde parejas y familiares hasta l\u00edderes religiosos, trabajadores humanitarios y funcionarios gubernamentales.<\/p>\n\n\n\n<p class=\"wp-block-paragraph\">En el mundo, de 2000 a 2019, la frecuencia de las inundaciones aument\u00f3 un 134 por ciento, las tormentas un 40 por ciento y las sequ\u00edas un 29 por ciento en las \u00faltimas dos d\u00e9cadas. Y no se anuncian mejor\u00edas.<\/p>\n\n\n\n<p class=\"wp-block-paragraph\">Como soluci\u00f3n, la investigaci\u00f3n propone que los sistemas de gesti\u00f3n de desastres deben considerar y responder a estos patrones y desplegar intervenciones personalizadas, como equipos de respuesta de emergencia capacitados en la prevenci\u00f3n de la violencia de g\u00e9nero.<\/p>\n","protected":false},"excerpt":{"rendered":"<p>El aumento de los desastres clim\u00e1ticos tiene un efecto domin\u00f3 de gran alcance en la violencia de g\u00e9nero, seg\u00fan estudio publicado en The Lancet Planetary Health. Aunque la relaci\u00f3n directa no es mesurable, la investigaci\u00f3n en los 6 continentes principales mostr\u00f3 un patr\u00f3n claro.<\/p>\n","protected":false},"author":3,"featured_media":52010,"comment_status":"open","ping_status":"open","sticky":false,"template":"","format":"standard","meta":{"_monsterinsights_skip_tracking":false,"footnotes":""},"categories":[693,47,48],"tags":[],"class_list":["post-52009","post","type-post","status-publish","format-standard","has-post-thumbnail","category-693","category-no-mas-impunidad","category-no-mas-impunidad-no-mas-impunidad"],"_links":{"self":[{"href":"https:\/\/redsemlac.com\/semmexico\/wp-json\/wp\/v2\/posts\/52009","targetHints":{"allow":["GET"]}}],"collection":[{"href":"https:\/\/redsemlac.com\/semmexico\/wp-json\/wp\/v2\/posts"}],"about":[{"href":"https:\/\/redsemlac.com\/semmexico\/wp-json\/wp\/v2\/types\/post"}],"author":[{"embeddable":true,"href":"https:\/\/redsemlac.com\/semmexico\/wp-json\/wp\/v2\/users\/3"}],"replies":[{"embeddable":true,"href":"https:\/\/redsemlac.com\/semmexico\/wp-json\/wp\/v2\/comments?post=52009"}],"version-history":[{"count":0,"href":"https:\/\/redsemlac.com\/semmexico\/wp-json\/wp\/v2\/posts\/52009\/revisions"}],"wp:featuredmedia":[{"embeddable":true,"href":"https:\/\/redsemlac.com\/semmexico\/wp-json\/wp\/v2\/media\/52010"}],"wp:attachment":[{"href":"https:\/\/redsemlac.com\/semmexico\/wp-json\/wp\/v2\/media?parent=52009"}],"wp:term":[{"taxonomy":"category","embeddable":true,"href":"https:\/\/redsemlac.com\/semmexico\/wp-json\/wp\/v2\/categories?post=52009"},{"taxonomy":"post_tag","embeddable":true,"href":"https:\/\/redsemlac.com\/semmexico\/wp-json\/wp\/v2\/tags?post=52009"}],"curies":[{"name":"wp","href":"https:\/\/api.w.org\/{rel}","templated":true}]}}