{"id":51958,"date":"2022-06-20T08:26:02","date_gmt":"2022-06-20T14:26:02","guid":{"rendered":"https:\/\/redsemlac.com\/semmexico\/?p=51958"},"modified":"2023-07-21T19:06:54","modified_gmt":"2023-07-22T00:06:54","slug":"vida-y-lectura-el-feminismo-silvestre","status":"publish","type":"post","link":"https:\/\/redsemlac.com\/semmexico\/vida-y-lectura-el-feminismo-silvestre\/","title":{"rendered":"Vida y Lectura| El feminismo silvestre"},"content":{"rendered":"\n<p class=\"wp-block-paragraph\"><strong>Marcela Eternod Ar\u00e1mburu<\/strong><\/p>\n\n\n\n<p class=\"wp-block-paragraph\">SemM\u00e9xico, Aguascalientes, 20 de junio de 2022.- Como ocurre con frecuencia, en alg\u00fan lugar insospechado se puede encontrar algo interesante y que conduzca a la reflexi\u00f3n. En una de esas reuniones intergeneracionales, familiares, de amigas y amigos, sorprendi\u00f3 un apasionado debate entre dos jovencitas y un tr\u00edo de se\u00f1ores que, haciendo gala de su milenaria sabidur\u00eda patriarcal, trataban de convencerlas sobre la verdadera naturaleza de las mujeres, dejando claro que el feminismo era una m\u00e1s de las rebeliones de su juventud que, en cuanto se casaran, desaparec\u00eda de sus vidas, como hab\u00eda sucedido con sus madres, abuelas y bisabuelas.<\/p>\n\n\n\n<p class=\"wp-block-paragraph\">El argumento masculino \u2014qu\u00e9 novedad\u2014, aderezado de contundentes adjetivos se centraba en que es la naturaleza la que hace diferentes a mujeres y hombres. Esa realidad \u2014dec\u00edan\u2014 es indiscutible e inapelable, porque se trata de biolog\u00eda b\u00e1sica que deviene en la divisi\u00f3n sexual del trabajo, en asumir las funciones sociales que le corresponden a cada sexo y la posici\u00f3n que ello conlleva. El dizque argumento, salpicado de supuestamente amables bromas, le permiti\u00f3 a la cofrad\u00eda masculina insistir, una y otra vez, en que eran las diferencias naturales entre hombres y mujeres, las que llevaban \u2018naturalmente\u2019 a la \u2018necesidad\u2019 de gobernarlas, mandarlas, controlarlas y tutelarlas.<\/p>\n\n\n\n<p class=\"wp-block-paragraph\">Con pasi\u00f3n, las jovencitas contra argumentaban que las diferencias anat\u00f3micas y fisiol\u00f3gicas no eran suficientes para normar la discriminaci\u00f3n y la exclusi\u00f3n de las mujeres; que ya se hab\u00eda avanzado en identificar los derechos de las mujeres y que pretender que lo natural es mejor que lo tecnol\u00f3gico, lo cultural y lo social es a todas luces un argumento arcaico. Como sabemos, la falacia naturalista se desactiva con un conjunto de contra argumentos que proporciona la propia biolog\u00eda y un amplio conjunto de disciplinas cient\u00edficas derivadas o vinculadas con ella; la exhibici\u00f3n hist\u00f3rica de las muchas falacias cient\u00edficas sobre el tema, que ya fueron contundentemente rebatidas desde mediados de los a\u00f1os cincuenta del siglo pasado y siguen acumul\u00e1ndose hasta hoy; y sobre todo, con la evidencia emp\u00edrica que se acumula demostrando que lo \u2018propio de los varones\u2019 es ampliamente compartido por millones de mujeres que han demostrado su competencia en los supuestos terrenos masculinos.<\/p>\n\n\n\n<p class=\"wp-block-paragraph\">Ante esto y como los dedos de las jovencitas tecleaban con notoria velocidad, buscando qui\u00e9n hab\u00eda argumentado esto y aquello, a la vez que les preguntaban a los tres alegres viejitos si sab\u00edan sobre autores o si conoc\u00edan tal o cual libro, articulista, conferencia o seminario, citando nombres y autoras, la cofrad\u00eda inici\u00f3 su contraofensiva con el argumento de las feminazis. La construcci\u00f3n de la falacia es m\u00e1s o menos as\u00ed: todas las feministas son feminazis, como el nazismo es malo, las feminazis tambi\u00e9n lo son. Luciana Samam\u00e9 en su art\u00edculo \u201cFalacias Anti-Feministas\u201d lo silogiza as\u00ed: \u201cEl nazismo es una ideolog\u00eda totalitarista y, por tanto, reprobable. El feminismo es una ideolog\u00eda totalitarista. Las feministas son feminazis\u201d y explica que se trata de un viejo truco que desv\u00eda la discusi\u00f3n, mediante un ataque directo al feminismo, equipar\u00e1ndolo espuriamente con el nazismo.<\/p>\n\n\n\n<p class=\"wp-block-paragraph\">Las chicas contrargumentaron r\u00e1pidamente, diciendo que la historia documentaba muy bien el nazismo, pero que la expresi\u00f3n \u2018feminazi\u2019 simplemente era un insulto patriarcal tan burdo y sin gracia que hoy \u00fanicamente expresa la \u2018ignorancia y desesperaci\u00f3n\u2019 de quien la utiliza \u2014dijo una de las interlocutoras muerta de risa\u2014, y que su falta de conocimientos sobre el tema era tan obvia, que ten\u00edan que recurrir al insulto f\u00e1cil. La charla termin\u00f3 cuando se levantaron divertidas de la mesa afirmando que hab\u00eda sido muy interesante o\u00edrlos hablar contra el feminismo, sin siquiera saber qu\u00e9 era eso, de qu\u00e9 se trata y qu\u00e9 pretend\u00eda. \u201cAs\u00ed de temerarios son ustedes, abuelo. Te reto a que leas m\u00e1s, cuestiones m\u00e1s tus ideas, revises tus preconcepciones y analices tus prejuicios. A ver si elevas, aunque sea un poquito, la discusi\u00f3n con tus amigos antes de nuestra pr\u00f3xima pl\u00e1tica, porque, otra vez, perdieron de calle\u201d.<\/p>\n\n\n\n<p class=\"wp-block-paragraph\">Yo me qued\u00e9 pensando que tal vez los \u2018tres alegres compadres\u2019 requieren de un par de textos introductorios para poder proseguir, con cierta dignidad, su conversaci\u00f3n con esas dos jovencitas; textos que les ayuden a entender qu\u00e9 es el feminismo en toda su complejidad, y replanteen su manera de ver las asimetr\u00edas entre mujeres y hombres. No dejo de pensar que les vendr\u00eda muy bien leer \u201cEl segundo sexo\u201d (considerado uno de los 100 libros m\u00e1s relevantes del siglo XX) de Simone de Beauvoir o el amplio compendio sobre feminismo que public\u00f3 en 2019 Amelia Valc\u00e1rcel \u201cAhora, feminismo. Cuestiones candentes y frentes abiertos\u201d que contiene una profunda rese\u00f1a de lo que es el feminismo, que va desde el feminismo ilustrado hasta el amplio movimiento mundial que desat\u00f3 el Me too.<\/p>\n\n\n\n<p class=\"wp-block-paragraph\">Sea como sea, si con tan poca formaci\u00f3n las chicas pudieron salir victoriosas sin m\u00e1s ayuda que su capacidad de b\u00fasqueda en medios digitales, qu\u00e9 podr\u00e1n lograr si deciden pasar de su fresco y joven feminismo silvestre a formar parte del feminismo ilustrado, se preparan para contra argumentar en todos los temas con el respaldo de los cientos de argumentos vertidos en los cada vez m\u00e1s amplios estudios de g\u00e9nero, y pasan de ser feministas silvestres a ser feministas s\u00f3lidamente preparadas.<\/p>\n\n\n\n<p class=\"wp-block-paragraph\">Lo que a m\u00ed me muestra, esta breve rese\u00f1a de una reuni\u00f3n entretenida, amable y familiar, es que la agenda de la igualdad est\u00e1 muy presente en las nuevas generaciones, aunque a\u00fan carezcan del conocimiento que aporta la teor\u00eda explicativa; que \u00e9stas pronto se integrar\u00e1n a la vanguardia y que no importa que estemos en una pausa en las pol\u00edticas de g\u00e9nero, porque el camino hacia la inclusi\u00f3n y la no discriminaci\u00f3n contra las mujeres sigue en construcci\u00f3n.<\/p>\n","protected":false},"excerpt":{"rendered":"<p>Como ocurre con frecuencia, en alg\u00fan lugar insospechado se puede encontrar algo interesante y que conduzca a la reflexi\u00f3n. <\/p>\n","protected":false},"author":3,"featured_media":38638,"comment_status":"open","ping_status":"open","sticky":false,"template":"","format":"standard","meta":{"_monsterinsights_skip_tracking":false,"footnotes":""},"categories":[693,515,35,514],"tags":[459],"class_list":["post-51958","post","type-post","status-publish","format-standard","has-post-thumbnail","category-693","category-marcela-eternod-aramburu","category-opinion","category-vida-y-lectura","tag-opinion"],"_links":{"self":[{"href":"https:\/\/redsemlac.com\/semmexico\/wp-json\/wp\/v2\/posts\/51958","targetHints":{"allow":["GET"]}}],"collection":[{"href":"https:\/\/redsemlac.com\/semmexico\/wp-json\/wp\/v2\/posts"}],"about":[{"href":"https:\/\/redsemlac.com\/semmexico\/wp-json\/wp\/v2\/types\/post"}],"author":[{"embeddable":true,"href":"https:\/\/redsemlac.com\/semmexico\/wp-json\/wp\/v2\/users\/3"}],"replies":[{"embeddable":true,"href":"https:\/\/redsemlac.com\/semmexico\/wp-json\/wp\/v2\/comments?post=51958"}],"version-history":[{"count":0,"href":"https:\/\/redsemlac.com\/semmexico\/wp-json\/wp\/v2\/posts\/51958\/revisions"}],"wp:featuredmedia":[{"embeddable":true,"href":"https:\/\/redsemlac.com\/semmexico\/wp-json\/wp\/v2\/media\/38638"}],"wp:attachment":[{"href":"https:\/\/redsemlac.com\/semmexico\/wp-json\/wp\/v2\/media?parent=51958"}],"wp:term":[{"taxonomy":"category","embeddable":true,"href":"https:\/\/redsemlac.com\/semmexico\/wp-json\/wp\/v2\/categories?post=51958"},{"taxonomy":"post_tag","embeddable":true,"href":"https:\/\/redsemlac.com\/semmexico\/wp-json\/wp\/v2\/tags?post=51958"}],"curies":[{"name":"wp","href":"https:\/\/api.w.org\/{rel}","templated":true}]}}