{"id":51939,"date":"2022-06-19T15:47:27","date_gmt":"2022-06-19T21:47:27","guid":{"rendered":"https:\/\/redsemlac.com\/semmexico\/?p=51939"},"modified":"2023-07-21T19:06:54","modified_gmt":"2023-07-22T00:06:54","slug":"conoci-al-mexico-de-la-impunidad-soledad-jarquin-edgar-tras-el-asesinato-de-su-hija","status":"publish","type":"post","link":"https:\/\/redsemlac.com\/semmexico\/conoci-al-mexico-de-la-impunidad-soledad-jarquin-edgar-tras-el-asesinato-de-su-hija\/","title":{"rendered":"\u201cConoc\u00ed al M\u00e9xico de la impunidad\u201d: Soledad Jarqu\u00edn Edgar, tras el asesinato de su hija"},"content":{"rendered":"\n<ul class=\"wp-block-list\"><li><strong>Indiferencia de AMLO y de 20 funcionarios y funcionarias, ahora estar\u00e1 en Ginebra, por falta de justicia Oaxaca y M\u00e9xico<\/strong><\/li><li><strong>Las funcionarias de la pol\u00edtica de g\u00e9nero y la 4t callan y evaden, no ayudan ni hacen su trabajo<\/strong><\/li><\/ul>\n\n\n\n<p class=\"wp-block-paragraph\"><strong>Sara Lovera<\/strong><\/p>\n\n\n\n<p class=\"wp-block-paragraph\">SemM\u00e9xico, Ciudad de M\u00e9xico, 19 de junio, 2022.- Las instancias creadas para prevenir, atender y sancionar el feminicidio prefieren callar y evadir su responsabilidad. Tanto como las fiscal\u00edas y sus oficinas de derechos humanos.<\/p>\n\n\n\n<p class=\"wp-block-paragraph\"><br>Sobre el feminicidio de Ma. Del Sol Cruz Jarqu\u00edn, s\u00f3lo hay silencio y subterfugios tanto de la presidenta del Instituto Nacional de las Mujeres, Nadine Gasman Zylbermann, como de Fabiola Alan\u00eds S\u00e1mano, responsable de la Comisi\u00f3n Nacional para Prevenir y Erradicar la Violencia Contra las Mujeres (Conavim), porque es un asunto claramente de intereses pol\u00edticos de la regi\u00f3n juchiteca.<\/p>\n\n\n\n<p class=\"wp-block-paragraph\"><br>En noviembre de 2020, el presidente de la Rep\u00fablica, Andr\u00e9s Manuel L\u00f3pez Obrador, encarg\u00f3 el caso a la entonces secretaria de Gobernaci\u00f3n, Olga S\u00e1nchez Cordero. \u201cMe recibi\u00f3, me escuch\u00f3 cuatro horas, y luego le dio la encomienda a la comisionada, que solamente deb\u00eda intervenir, \u2018ayudar\u2019, para que la investigaci\u00f3n del asesinato de Ma. del Sol fuera atra\u00eddo por la Fiscal\u00eda General de la Rep\u00fablica (FGR), y no lo hizo\u201d. Un d\u00eda le pregunt\u00f3 a la madre de Mar\u00eda del Sol, la periodista Soledad Jarqu\u00edn Edgar si necesitaba dinero para un abogado, \u201ccon esa frialdad\u201d. Y agrega: \u201cLo que hace la comisionada es muy lamentable\u201d.<\/p>\n\n\n\n<figure class=\"wp-block-image size-full\"><a href=\"https:\/\/redsemlac.com\/semmexico\/wp-content\/uploads\/2022\/06\/Screenshot_20220619-182756_Office.jpg\"><img loading=\"lazy\" decoding=\"async\" width=\"914\" height=\"591\" src=\"https:\/\/redsemlac.com\/semmexico\/wp-content\/uploads\/2022\/06\/Screenshot_20220619-182756_Office.jpg\" alt=\"\" class=\"wp-image-51948\"\/><\/a><\/figure>\n\n\n\n<p class=\"wp-block-paragraph\"><br>Sara Irene Herrer\u00edas, de la Fiscal\u00eda especializada en Derechos Humanos, de la FGR, \u201cnos neg\u00f3 la posibilidad de que se atrajera el caso\u201d. \u201cMe recibi\u00f3\u201d, hizo muchas preguntas, \u201clas anot\u00f3\u201d, pero no sucedi\u00f3 nada.<\/p>\n\n\n\n<p class=\"wp-block-paragraph\"><br>La fiscal especializada en asuntos electorales en Oaxaca, Esther Araceli Pinelo L\u00f3pez, le dijo a la periodista Nadia Altamirano que no entend\u00eda por qu\u00e9 hab\u00eda un delito electoral. Soledad se present\u00f3 a la fiscal\u00eda el 5 de junio de 2018 y, a rega\u00f1adientes, le solt\u00f3: \u201cBueno, s\u00ed, ya iniciamos una carpeta de investigaci\u00f3n\u201d.<\/p>\n\n\n\n<p class=\"wp-block-paragraph\"><br>El entonces fiscal de Oaxaca, Rub\u00e9n Vasconcelos M\u00e9ndez, se neg\u00f3 a realizar las investigaciones con perspectiva de g\u00e9nero y como feminicidio, a pesar de la sentencia de la Suprema Corte de 2015 que indica que todo homicidio de mujeres debe investigarse como feminicidio. Fue \u00e9l quien obstruy\u00f3, manipul\u00f3 y ensuci\u00f3 toda la investigaci\u00f3n y actu\u00f3 como encubridor.<\/p>\n\n\n\n<p class=\"wp-block-paragraph\"><br>La fiscal\u00eda especializada en corrupci\u00f3n, que preside Jorge Emilio Iruegas \u00c1lvarez, recibi\u00f3 la denuncia de corrupci\u00f3n en julio de 2019. \u201cLa \u00faltima vez que yo lo vi fue el 11 de mayo del 2021. Manifest\u00f3: \u2018No se puede\u2019.\u201d Pero hay elementos para investigar a Rub\u00e9n Vasconcelos y Araceli Pinelo, porque ella hizo cualquier cosa para proteger a los infractores electorales.<\/p>\n\n\n\n<p class=\"wp-block-paragraph\"><br>Todo esto lo narra en entrevista Soledad Jarqu\u00edn Edgar, a cuatro a\u00f1os del asesinato de su hija, porque s\u00f3lo encontr\u00f3 puertas cerradas: la no justicia. Y a pesar de su persistencia, simplemente le han dicho: \u201cNo\u201d. Ahora est\u00e1n pr\u00e1cticamente cerradas las v\u00edas de la justicia en Oaxaca y en el gobierno federal.<\/p>\n\n\n\n<figure class=\"wp-block-image size-full\"><a href=\"https:\/\/redsemlac.com\/semmexico\/wp-content\/uploads\/2022\/06\/Screenshot_20220619-182737_Office.jpg\"><img loading=\"lazy\" decoding=\"async\" width=\"926\" height=\"650\" src=\"https:\/\/redsemlac.com\/semmexico\/wp-content\/uploads\/2022\/06\/Screenshot_20220619-182737_Office.jpg\" alt=\"\" class=\"wp-image-51950\"\/><\/a><\/figure>\n\n\n\n<p class=\"wp-block-paragraph\"><br>Y es por el feminicidio de Mar\u00eda del Sol Cruz Jarqu\u00edn que ha recorrido todo el aparato judicial y pol\u00edtico. Se ha dado cuenta de la complicidad, la corrupci\u00f3n, la impericia y el cinismo institucional, encabezado por el gobernador Alejandro Murat Hinojosa. Hoy sabe que, por motivos pol\u00edticos y econ\u00f3micos, hay par\u00e1lisis, encubrimiento y silencio.<\/p>\n\n\n\n<p class=\"wp-block-paragraph\"><br>Ello, a pesar de que en noviembre de 2020 entreg\u00f3 al presidente de la Rep\u00fablica una carta con 18 mil firmas para que el feminicidio en M\u00e9xico se convirtiera en una prioridad en esta administraci\u00f3n. Y donde, p\u00fablicamente, le dijo que hab\u00eda votado por \u00e9l.<\/p>\n\n\n\n<p class=\"wp-block-paragraph\"><br>La periodista ha escrito por m\u00e1s de 30 a\u00f1os, sobre la condici\u00f3n social de las mujeres, y denunciado con empat\u00eda y solidaridad numerosos casos como los de ella. \u201cYo le promet\u00ed a mi hija la justicia y esta es la hora que no la conseguimos\u201d, se lamenta.<\/p>\n\n\n\n<p class=\"wp-block-paragraph\"><br>Despu\u00e9s de mil 440 d\u00edas, desde aquella ma\u00f1ana del 2 de junio de 2018, cuando Ma. del Sol fue asesinada en Juchit\u00e1n de Zaragoza por estar al lado de una mujer que participaba en el proceso electoral (Pamela Ter\u00e1n), la periodista \u2014premio nacional de periodismo 2006\u2014 responde a pregunta directa: \u201cS\u00ed, se trata de un doble feminicidio, por ser mujeres y por odio\u201d; adem\u00e1s, es un feminicidio pol\u00edtico en raz\u00f3n de g\u00e9nero.<\/p>\n\n\n\n<p class=\"wp-block-paragraph\"><br>La conversaci\u00f3n se realiza con SemM\u00e9xico, a unos d\u00edas de que Soledad Jarqu\u00edn viajara rumbo a Europa, para llevar la denuncia al Comit\u00e9 para la Eliminaci\u00f3n de la Discriminaci\u00f3n contra la Mujer, de la ONU, porque se\u00f1ala: \u201cEstoy como en al principio, como en el primer d\u00eda en que sucedieron los hechos: sin nada, sin ninguna respuesta\u2026 Y eso es impunidad total para quienes ordenaron el crimen tanto los autores intelectuales como los autores materiales\u2026 No hay castigo para nadie\u201d.<\/p>\n\n\n\n<h2 class=\"wp-block-heading\" id=\"su-fuerza\">Su <strong>fuerza<\/strong><\/h2>\n\n\n\n<p class=\"wp-block-paragraph\">En la pl\u00e1tica, donde detalla este proceso largo, sinuoso, dif\u00edcil, distorsionado y lleno de \u201cproblemas t\u00e9cnicos\u201d \u2014como lo manejan\u2014, explica que el costo que tienen todos estos a\u00f1os buscando justicia, para la vida de las personas, las que se quedan, es muy alto. \u201cSe nos acaba la salud; se nos acaba la vida, la convivencia, la alegr\u00eda. Se nos tuerce la existencia; todo cambia en nuestro alrededor. Tienes un proyecto de vida que de la noche a la ma\u00f1ana cambia. Miras que no hay manera de enderezarla, porque mientras no haya justicia no tenemos paz. Conoces ahora el tama\u00f1o y el entramado de la impunidad y la corrupci\u00f3n\u201d.<\/p>\n\n\n\n<figure class=\"wp-block-image size-large\"><a href=\"https:\/\/redsemlac.com\/semmexico\/wp-content\/uploads\/2022\/06\/Screenshot_20220619-182616_Office.jpg\"><img decoding=\"async\" src=\"https:\/\/redsemlac.com\/semmexico\/wp-content\/uploads\/2022\/06\/Screenshot_20220619-182616_Office-686x1024.jpg\" alt=\"\" class=\"wp-image-51951\"\/><\/a><\/figure>\n\n\n\n<p class=\"wp-block-paragraph\"><br>Encima, nada de ello le impide seguir narrando los horrores y el crimen contra las mujeres en los medios de comunicaci\u00f3n donde escribe. A Ginebra lleva su denuncia, pero tambi\u00e9n la del feminicidio que en M\u00e9xico cobra la vida de m\u00e1s de 3 mil mujeres cada a\u00f1o, donde la impunidad rebasa el 93 por ciento.<\/p>\n\n\n\n<p class=\"wp-block-paragraph\"><br>Interrogada sobre lo que expresan de esas mujeres que como ella recorren ese pasillo judicial y esos procesos, que se movilizan y gritan, que son de derecha, contrarias al gobierno de la 4T, Jarqu\u00edn lo advierte: \u201cAl contrario. Muchas mujeres se gastan lo poco que tienen. Se han quedado pr\u00e1cticamente en la calle para poder seguir adelante, porque estos procesos cuestan.<\/p>\n\n\n\n<p class=\"wp-block-paragraph\"><br>Tener un abogado o una abogada cuesta, viajar cuesta, protestar cuesta; todo cuesta. Yo he tenido la suerte de tener mucha gente aliada que me ha apoyado siempre y que no es la derecha. Son personas que est\u00e1n de acuerdo en que esto no puede seguir pasando. La derecha no la conozco, no la conocemos\u201d.<\/p>\n\n\n\n<h2 class=\"wp-block-heading\" id=\"el-aprendizaje\"><br>El aprendizaje<\/h2>\n\n\n\n<p class=\"wp-block-paragraph\"><br>A la pregunta de qu\u00e9 M\u00e9xico ha conocido en estos cuatro a\u00f1os, Soledad Jarqu\u00edn Edgar afirma: \u201cHe conocido al M\u00e9xico de la impunidad, al M\u00e9xico que no hubiera querido conocer nunca, aunque medio lo conoc\u00eda por el trabajo que hacemos, pero desafortunadamente me toc\u00f3 la puerta la violencia por el feminicidio de mi hija Mar\u00eda del Sol. Y lo que me ha tocado vivir es una serie de actos que han obstaculizado el acceso a la justicia para mi hija\u201d.<\/p>\n\n\n\n<p class=\"wp-block-paragraph\"><br>\u00bfQu\u00e9 significa el M\u00e9xico de la impunidad como lo describes?, pregunto. Vi un M\u00e9xico de impunidad. Ese donde no te dejan pasar, no te dejan llegar a la verdad hist\u00f3rica de los hechos.<br>Y a\u00f1ade: el 22 de noviembre pasado, de manera parcial la carpeta de investigaci\u00f3n fue sobrese\u00edda (resoluci\u00f3n judicial que se dicta antes de que concluya el procedimiento penal \u2014juicio\u2014 y que pone fin al mismo, sin pronunciarse sobre el fondo del asunto), lo que evidenci\u00f3 que el expediente elaborado todo ese tiempo (m\u00e1s de 3 a\u00f1os) por la fiscal\u00eda de Oaxaca estaba mal hecho. Le hab\u00edan sacado pruebas periciales, como la prueba de bal\u00edstica, e, incluso, inventado un testigo.<\/p>\n\n\n\n<p class=\"wp-block-paragraph\"><br>Adem\u00e1s de la prueba de bal\u00edstica, se sustrajeron algunas entrevistas, eliminaron otras que sugerimos a la Fiscal\u00eda, no hicieron otras entrevistas de personas que podr\u00edan darnos luces y, bueno, eso no daba posibilidad a que la persona que estaba detenida fuera condenada por el triple asesinato del 2 de junio, el de Mar\u00eda del Sol, de Pamela Ter\u00e1n Pineda y del chofer Adelfo Guerra.<\/p>\n\n\n\n<p class=\"wp-block-paragraph\"><br>\u201cDel feminicidio no tenemos nada. Pasaron seis meses, cuando se abri\u00f3 una investigaci\u00f3n paralela, desde el 22 noviembre 2021, como feminicidio, porque estuvo como homicidio calificado. El actual fiscal de Oaxaca Arturo Peimbert Calvo, tampoco ha hecho nada\u201d. A la fecha, afirm\u00f3 la periodista, \u201cno hay ning\u00fan avance en las investigaciones\u201d. Por eso dijo que est\u00e1 como el primer d\u00eda: sin resultados.<\/p>\n\n\n\n<h2 class=\"wp-block-heading\" id=\"el-caso-especial\"><br>El caso especial<\/h2>\n\n\n\n<p class=\"wp-block-paragraph\"><br>Sobre si el asesinato de Ma. del Sol, que ha cimbrado al gremio period\u00edstico, es distinto o especial, Soledad Jarqu\u00edn Edgar reconoce: \u201cCre\u00ed que se iba a resolver\u201d, porque en los funerales del 3 de junio, el gobernador Alejandro Murat Hinojosa prometi\u00f3 y prometi\u00f3. \u201cPues, pens\u00e9, como soy periodista\u201d, las cosas iban a marchar. Muy pronto se dio cuenta que no fue as\u00ed, que el asesinato de Ma. del Sol se trat\u00f3 igual que los miles que se acumulan.<\/p>\n\n\n\n<p class=\"wp-block-paragraph\"><br>Reflexiona: Parecer\u00eda distinto. Es cierto, pero yo creo que es igual al de las otras chicas, donde la vida de las mujeres no vale, donde la vida de las mujeres no vale nada. En el contexto, iban contra Pamela Ter\u00e1n \u2014con armas de alto poder\u2014, porque era una mujer que ten\u00eda un enorme arrastre en la poblaci\u00f3n. Jarqu\u00edn Edgar supo que estaba por renunciar a esa candidatura. \u201cAs\u00ed se anota en la carpeta de investigaci\u00f3n que fue sobrese\u00edda tambi\u00e9n, lo coment\u00f3 a su mam\u00e1. De acuerdo con la declaraci\u00f3n de su madre, ellas lo platican. Pamela le dice la noche antes que, al d\u00eda siguiente, o sea, el viernes 3, iba a renunciar. Yo no s\u00e9 si ella lo hizo o no. No lo sabemos. Esa pudo ser una de las razones por las cuales fue asesinada\u201d.<\/p>\n\n\n\n<p class=\"wp-block-paragraph\"><br>Esta puede ser una complejidad, adem\u00e1s por la violencia pol\u00edtica en Juchit\u00e1n y en todas las elecciones de 2018, pero \u201cal final de cuentas, es violencia contra las mujeres eso que sucede todos los d\u00edas. Por eso el caso de Mar\u00eda del Sol podr\u00eda tener tintes distintos, pero al final de cuentas es violencia contra las mujeres. Es toda igual, como la mujer que matan en su casa, que secuestran en la calle y luego la asesinan. Es exactamente el mismo resultado, el mismo, y lo hacen porque son mujeres.<\/p>\n\n\n\n<p class=\"wp-block-paragraph\"><br>Entonces, \u00bfpor qu\u00e9 tu hija? Se queda un instante pensando y responde: \u201cMi hija\u2026 Me han dicho que estaba en el lugar equivocado, en el momento equivocado. Y yo digo que no estaba en el lugar equivocado ni en el momento equivocado\u201d.<\/p>\n\n\n\n<p class=\"wp-block-paragraph\"><br>Le salta la vena period\u00edstica y feminista. Explica como el \u00e1baco: el pa\u00eds en general est\u00e1 atravesado por violencia generalizada, y en ese momento Mar\u00eda del Sol estaba acompa\u00f1ando o estaba en un lugar donde no deb\u00eda de estar, porque era una servidora p\u00fablica de la Secretar\u00eda de Asuntos Ind\u00edgenas, hoy Secretar\u00eda de los Pueblos Ind\u00edgenas y Afroamericanos. Fue comisionada por su jefe \u2014el titular de esa dependencia estatal, Francisco Javier Montero L\u00f3pez\u2014 para que fuera a apoyar la campa\u00f1a pol\u00edtica de su hermano Hageo Montero L\u00f3pez, quien era candidato a la presidencia municipal de Juchit\u00e1n de Zaragoza.<\/p>\n\n\n\n<p class=\"wp-block-paragraph\"><br>Imagina, relata, la oficina de mi hija estaba a 30 minutos de la casa, y fue enviada a m\u00e1s de cuatro horas de distancia, un lugar donde no le correspond\u00eda. En Juchit\u00e1n, el clima el de violencia se conoc\u00eda. Se hab\u00eda repetido desde 2007, 2008, cuando aparecieron los grupos de las mafias delincuenciales confabuladas con las mafias del poder. Ese clima de violencia en 2018 era vigente; tanto, que es el noveno municipio m\u00e1s peligroso del pa\u00eds. Fue ah\u00ed donde mandaron a Ma. del Sol.<\/p>\n\n\n\n<p class=\"wp-block-paragraph\"><br>Ese 2 de junio, ah\u00ed estaba. Hab\u00eda ido a cubrir una serie de actos de campa\u00f1a del hermano de su jefe, cuando se encontr\u00f3 con Pamela. Fueron a comer y despu\u00e9s a tomar algo en un bar del Centro de Juchit\u00e1n. Al salir, las asesinaron. \u201cYo pienso que quienes asesinaron a Pamela, por su actitud pol\u00edtica, no iban por mi hija. Me queda claro\u201d.<\/p>\n\n\n\n<p class=\"wp-block-paragraph\"><br>Los Montero L\u00f3pez son responsables de enviarla a un municipio muy violento. Cometieron un delito electoral que tambi\u00e9n est\u00e1 impune. Eso tampoco lo investigaron como un hecho de violencia pol\u00edtica contra las mujeres. Mi hija estaba junto a la candidata, caminando una al lado de la otra, a una distancia no mayor de medio metro, cuando las asesinaron. Fue feminicidio, no clasificado como tal.<\/p>\n\n\n\n<p class=\"wp-block-paragraph\"><br>Hay una resoluci\u00f3n del Tribunal de Justicia del Estado de Oaxaca que se emiti\u00f3 en mayo de 2019 en la que se instruy\u00f3 a la Fiscal\u00eda para que enderezara la investigaci\u00f3n, que ten\u00eda que hacerla con perspectiva de g\u00e9nero y que tambi\u00e9n era violencia pol\u00edtica. No se acept\u00f3.<\/p>\n\n\n\n<p class=\"wp-block-paragraph\"><br>El feminicidio \u201ces un asunto que se repite todos los d\u00edas en este pa\u00eds y en un n\u00famero exagerado que no conocemos con certeza. Unas personas dicen que son 10 y otras que son 11 mujeres asesinadas en promedio cada d\u00eda. Quiz\u00e1 lo que el caso de Mar\u00eda del Sol pone en el ojo del hurac\u00e1n o en todos los medios es mi condici\u00f3n, mi propia condici\u00f3n como feminista, como periodista y, entonces, eso ayud\u00f3 un poco a que todo mundo volteara los ojos y viera lo que estaba sucediendo\u201d.<\/p>\n\n\n\n<p class=\"wp-block-paragraph\"><br>Lo m\u00e1s tremendo, expresa con dolor profesional, es que se trata de un caso muy com\u00fan en M\u00e9xico, igual que los delitos electorales, cuando los trabajadores del gobierno son utilizados para ir a las campa\u00f1as pol\u00edticas. Esta vez, la consecuencia fue el asesinato de Ma. del Sol. Por ese delito hubo una multa, realmente absurda y sigue en la impunidad.<\/p>\n\n\n\n<p class=\"wp-block-paragraph\"><br>Soledad Jarqu\u00edn Edgar tiene abierta esa investigaci\u00f3n a la que deben responder los \u00f3rganos y tribunales electorales. Del proceso penal hay elementos que destacar: a junio de 2022, no hay imputados. Se detuvo s\u00f3lo a uno y se liber\u00f3 \u201cpor falta de pruebas\u201d; a otro se decidi\u00f3 no vincularlo a proceso argumentando que actuar\u00eda como \u201ctestigo protegido\u201d.<\/p>\n\n\n\n<p class=\"wp-block-paragraph\"><br>Hubo varias versiones de las carpetas de investigaci\u00f3n, negligencia y falsificaci\u00f3n de declaraciones. Todo el proceso ama\u00f1ado. Para Soledad, todo fue montado. Los detalles son morbosos y absurdos.<\/p>\n\n\n\n<p class=\"wp-block-paragraph\"><br>Por ejemplo, narra que le presentaron una prueba de bal\u00edstica que hizo la Procuradur\u00eda General de la Rep\u00fablica, hoy Fiscal\u00eda, porque en la estatal no ten\u00edan elementos para hacerla. Cuando se va Rub\u00e9n Vasconcelos M\u00e9ndez y ella logra acceder a la carpeta, sus abogadas comparan la de la Fiscal\u00eda y la que ten\u00edan, y resulta que en ninguna aparece esa prueba. En su lugar, se incluye otra bala que no correspond\u00eda a los hechos sucedidos al 2 de junio\u201d.<br><\/p>\n\n\n\n<h2 class=\"wp-block-heading\" id=\"amenazada\">Amenazada<\/h2>\n\n\n\n<p class=\"wp-block-paragraph\">En este proceso, ahora sin ning\u00fan avance, por la actividad de denuncia y seguimiento, la periodista Soledad Jarqu\u00edn Edgar ha sido atacada directamente por el exfiscal Rub\u00e9n Vasconcelos M\u00e9ndez. Ha recibido amenazas de muerte e intimidaciones. Ese funcionario le retir\u00f3 la seguridad por alg\u00fan tiempo.<\/p>\n\n\n\n<p class=\"wp-block-paragraph\"><br>Durante el proceso, como indic\u00f3 a SemM\u00e9xico, han intervenido sin escucharla, 20 funcionarios p\u00fablicos del gobierno de Oaxaca y del gobierno federal que tuvieron conocimiento de cada hecho y violaci\u00f3n a la ley. Como las se\u00f1oras Gasman Zylbermann y Alan\u00eds S\u00e1mano. Este feminicidio ha recibido la solidaridad y los comentarios de numerosas organizaciones nacionales e internacionales.<\/p>\n\n\n\n<p class=\"wp-block-paragraph\"><br>De este lunes al mi\u00e9rcoles, Soledad Jarqu\u00edn Edgar har\u00e1 presencia en el Comit\u00e9 de la CEDAW, en Ginebra, Suiza. Eligi\u00f3 este camino, porque el de la Comisi\u00f3n Interamericana de Derechos Humanos (CIDH) puede tardar hasta 10 a\u00f1os. En el comit\u00e9 de la ONU, una recomendaci\u00f3n puede durar de 3 a 5 cinco a\u00f1os.<\/p>\n\n\n\n<p class=\"wp-block-paragraph\"><br>Ello es posible por el mandato del Comit\u00e9 para la Eliminaci\u00f3n de la Discriminaci\u00f3n contra la Mujer de la ONU, de conformidad con el art\u00edculo 7 del Protocolo Facultativo de la Convenci\u00f3n sobre la Eliminaci\u00f3n de Todas las Formas de Discriminaci\u00f3n contra la Mujer CEDAW que permite la presentaci\u00f3n de casos individuales que hayan violado a la Convenci\u00f3n.<\/p>\n\n\n\n<p class=\"wp-block-paragraph\"><br>Actualmente, ese Comit\u00e9 se ha pronunciado por un caso de feminicidio en Veracruz, desde 2017, que dio al gobierno mexicano hasta el primero de julio de 2018 para enderezar la investigaci\u00f3n y hacer justicia. Pero ha sucedido casi nada. Tambi\u00e9n.<\/p>\n","protected":false},"excerpt":{"rendered":"<p>Indiferencia de AMLO y de 20 funcionarios y funcionarias, ahora estar\u00e1 en Ginebra, por falta de justicia Oaxaca y M\u00e9xico<br \/>\nLas funcionarias de la pol\u00edtica de g\u00e9nero y la 4t callan y evaden, no ayudan ni hacen su trabajo<\/p>\n","protected":false},"author":3,"featured_media":51952,"comment_status":"open","ping_status":"open","sticky":false,"template":"","format":"standard","meta":{"_monsterinsights_skip_tracking":false,"footnotes":""},"categories":[693,47,48],"tags":[],"class_list":["post-51939","post","type-post","status-publish","format-standard","has-post-thumbnail","category-693","category-no-mas-impunidad","category-no-mas-impunidad-no-mas-impunidad"],"_links":{"self":[{"href":"https:\/\/redsemlac.com\/semmexico\/wp-json\/wp\/v2\/posts\/51939","targetHints":{"allow":["GET"]}}],"collection":[{"href":"https:\/\/redsemlac.com\/semmexico\/wp-json\/wp\/v2\/posts"}],"about":[{"href":"https:\/\/redsemlac.com\/semmexico\/wp-json\/wp\/v2\/types\/post"}],"author":[{"embeddable":true,"href":"https:\/\/redsemlac.com\/semmexico\/wp-json\/wp\/v2\/users\/3"}],"replies":[{"embeddable":true,"href":"https:\/\/redsemlac.com\/semmexico\/wp-json\/wp\/v2\/comments?post=51939"}],"version-history":[{"count":0,"href":"https:\/\/redsemlac.com\/semmexico\/wp-json\/wp\/v2\/posts\/51939\/revisions"}],"wp:featuredmedia":[{"embeddable":true,"href":"https:\/\/redsemlac.com\/semmexico\/wp-json\/wp\/v2\/media\/51952"}],"wp:attachment":[{"href":"https:\/\/redsemlac.com\/semmexico\/wp-json\/wp\/v2\/media?parent=51939"}],"wp:term":[{"taxonomy":"category","embeddable":true,"href":"https:\/\/redsemlac.com\/semmexico\/wp-json\/wp\/v2\/categories?post=51939"},{"taxonomy":"post_tag","embeddable":true,"href":"https:\/\/redsemlac.com\/semmexico\/wp-json\/wp\/v2\/tags?post=51939"}],"curies":[{"name":"wp","href":"https:\/\/api.w.org\/{rel}","templated":true}]}}