{"id":51936,"date":"2022-06-19T13:35:51","date_gmt":"2022-06-19T19:35:51","guid":{"rendered":"https:\/\/redsemlac.com\/semmexico\/?p=51936"},"modified":"2023-07-21T19:06:54","modified_gmt":"2023-07-22T00:06:54","slug":"avanza-ley-3-de-3-contra-la-violencia-ya-es-una-realidad-en-cinco-estados","status":"publish","type":"post","link":"https:\/\/redsemlac.com\/semmexico\/avanza-ley-3-de-3-contra-la-violencia-ya-es-una-realidad-en-cinco-estados\/","title":{"rendered":"Avanza ley 3 de 3 contra la violencia; ya es una realidad en cinco estados"},"content":{"rendered":"\n<ul class=\"wp-block-list\"><li>Bajar a candidatos denunciados por agresi\u00f3n, acoso sexual o que deben pensi\u00f3n alimentaria rebas\u00f3 el plano electoral y apunta a ser criterio en la funci\u00f3n p\u00fablica<\/li><\/ul>\n\n\n\n<p class=\"wp-block-paragraph\"><strong>Ivonne Melgar<\/strong>*<br>SemM\u00e9xico, Ciudad de M\u00e9xico,19 de junio, 2022.-En los comicios de 2021, el Instituto Nacional Electoral INE estableci\u00f3 que, de buena fe, los partidos postularan candidatos exentos de denuncias o sentencias por violencia f\u00edsica o familiar, acoso sexual o que adeudaran pensi\u00f3n alimentaria.<\/p>\n\n\n\n<p class=\"wp-block-paragraph\"><br>Ahora, este criterio, inspirado en la plataforma 3 de 3 contra la violencia, que desde 2020 impulsa el colectivo Las Constituyentes MX, es una causa legislativa y de activismo ciudadano.<\/p>\n\n\n\n<p class=\"wp-block-paragraph\"><br>Actualmente, en Edomex, Oaxaca, Chihuahua, Jalisco y Yucat\u00e1n es ley que, para aspirar a cargos de elecci\u00f3n, no deben tenerse antecedentes, investigaciones, procesos o condenas por violencia dom\u00e9stica, agresi\u00f3n sexual o deber pensi\u00f3n.<br>La iniciativa se discutir\u00e1 en el Congreso de Morelos.<\/p>\n\n\n\n<p class=\"wp-block-paragraph\"><br>Esta idea de \u201cno m\u00e1s agresores en el poder\u201d enfrenta trabas: si bien el Tribunal Electoral del Poder Judicial de la Federaci\u00f3n TEPJF valid\u00f3 el criterio del INE, cuando los potenciales sancionados interpusieron quejas, los magistrados inclinaron la balanza a su favor. Yndira Sandoval, fundadora de Las Constituyentes MX, acusa que tambi\u00e9n los jueces se ponen del lado de los deudores.<\/p>\n\n\n\n<p class=\"wp-block-paragraph\"><br>Aleida Alavez, vicecoordinadora de los diputados de Morena, se\u00f1ala que se logr\u00f3 dictaminar una reforma al art\u00edculo 41 constitucional, pero no ha transitado por falta de apoyo \u201cde los compa\u00f1eros\u201d. Aun as\u00ed, conf\u00eda en legislar la 3 de 3 este a\u00f1o.<\/p>\n\n\n\n<p class=\"wp-block-paragraph\"><br>Pese a todo, feministas, legisladoras y v\u00edctimas impulsan iniciativas para sancionar, incluso con la inhabilitaci\u00f3n a cargos, a quienes incurran en dichas violencias siendo funcionarios p\u00fablicos o empleados de instancias que reciban recursos del Estado, incluyendo las instituciones de educaci\u00f3n superior.<\/p>\n\n\n\n<p class=\"wp-block-paragraph\"><br>Sandoval adelanta que ya se alista una propuesta de reforma que se presentar\u00e1 en la C\u00e1mara de Diputados, en septiembre.<\/p>\n\n\n\n<p class=\"wp-block-paragraph\"><br><strong>Mujeres empujan castigo a violencia; iniciativa ley 3 de 3<\/strong><br>Alistan propuesta para que a nivel federal los candidatos denunciados por acoso sexual o impago de pensi\u00f3n se les niegue el registro.<\/p>\n\n\n\n<p class=\"wp-block-paragraph\"><br>La idea de proscribir a los candidatos denunciados por violencia, acoso sexual o deuda en el pago de pensiones dej\u00f3 de ser un espor\u00e1dico criterio electoral para convertirse en una causa legislativa y de activismo ciudadano.<\/p>\n\n\n\n<p class=\"wp-block-paragraph\"><br>Impulsada en 2020 por el colectivo Las Constituyentes MX, la plataforma 3 de 3 contra la violencia inspir\u00f3 los lineamientos que el INE estableci\u00f3 para el proceso de 2021, a fin de que los partidos pol\u00edticos, en un acto de buena fe, asumieran el compromiso de que sus abanderados estar\u00edan exentos de esos se\u00f1alamientos.<\/p>\n\n\n\n<p class=\"wp-block-paragraph\"><br>Fue en ese contexto que se populariz\u00f3 la consigna de que \u201cun violador no puede ser gobernador\u201d cuando se ventilaron denuncias en contra del entonces candidato de Morena a gobernador de Guerrero, el senador F\u00e9lix Salgado Macedonio.<\/p>\n\n\n\n<p class=\"wp-block-paragraph\"><br>Si bien el Tribunal Electoral federal le dio validez a ese criterio del INE, cuando los potenciales sancionados interpusieron quejas, los magistrados inclinaron la balanza a su favor.<br>As\u00ed lo revela la consejera electoral Carla Humphry Jord\u00e1n, al compartir una detallada revisi\u00f3n de los alcances de la 3 de 3 contra la violencia.<br>Ese es sin embargo s\u00f3lo uno de los varios obst\u00e1culos que encuentran en Ministerios P\u00fablicos, tribunales y jueces las mujeres que denuncian agresiones familiares, f\u00edsicas y sexuales o la paternidad irresponsable de quienes se niegan a pagar la pensi\u00f3n alimentaria.<\/p>\n\n\n\n<p class=\"wp-block-paragraph\"><br><strong>REFORMAS Y TENDEDEREOS<\/strong><br>Frente a esta realidad, feministas, legisladoras y v\u00edctimas se han sumado a un movimiento nacional que igual promueve reformas en los estados para que la 3 de 3 contra la violencia sea una ley que los tendederos de deudores en plazas p\u00fablicas o de acosadores en las explanadas universitarias.<\/p>\n\n\n\n<p class=\"wp-block-paragraph\"><br>En consecuencia, las iniciativas que buscan establecer sanciones en contra de quienes incurran en esas violencias ahora incluyen la inhabilitaci\u00f3n de funcionarios en la administraci\u00f3n p\u00fablica y en todas las instancias que reciben recursos del Estado, es decir, tambi\u00e9n a las instituciones de educaci\u00f3n superior que amparadas en la autonom\u00eda han cobijado el abuso de su personal.<\/p>\n\n\n\n<p class=\"wp-block-paragraph\"><br>Yndira Sandoval, fundadora de Las Constituyentes MX, adelanta que ya se prepara una propuesta de reforma que, con el respaldo de miles de firmas ciudadanas, de organizaciones de la sociedad civil, acad\u00e9micos y universidades, se presentar\u00e1 en la C\u00e1mara de Diputados para el siguiente periodo ordinario, en septiembre, con el objetivo de que la 3 de 3 tenga soporte en la ley.<\/p>\n\n\n\n<p class=\"wp-block-paragraph\"><br>Y a dos a\u00f1os del lanzamiento de esa plataforma, la feminista considera que el avance ha sido sustancial porque \u201cse logr\u00f3 colocar en el radar p\u00fablico\u201d, en 5 estados pas\u00f3 de ser un lineamiento electoral para convertirse en ley, logr\u00e1ndose que en Yucat\u00e1n el cambio fuera en la Constituci\u00f3n.<br>Celebra Yndira Sandoval que, en esa reforma, promulgada ya por el gobernador Mauricio Vila, se establezca para todos los cargos electorales, por designaci\u00f3n y por concurso, que un requisito de idoneidad, legitimidad y probidad es el estar exento de denuncia, investigaci\u00f3n, procesamiento y\/o sentencia por alguna de esas 3 situaciones.<\/p>\n\n\n\n<p class=\"wp-block-paragraph\"><br><strong>El TRIANGULO DE LA DEMOCRACIA<\/strong><br>Para la impulsora de esta plataforma que hace 10 d\u00edas fue presentada como iniciativa en el Congreso de Morelos, lo m\u00e1s relevante es que \u00e9sta no caduc\u00f3 el 6 de junio de 2021. \u201cEst\u00e1 avanzando para ser un marco jur\u00eddico y por ahora sigue cambiando las reglas pol\u00edticas, rebasando el plano electoral, y se mete a la funci\u00f3n p\u00fablica, dota de \u00e9tica a la responsabilidad pol\u00edtica e institucional\u201d, destaca.<\/p>\n\n\n\n<p class=\"wp-block-paragraph\"><br>Considera que el avance es tal que si existen demandas de acoso, violencia o adeudo de pensi\u00f3n alimenticia \u201cya no hay prestigio que alcance, ya no hay encuesta que alcance\u201d.<br>Para la feminista, el sustento de fondo de la 3 de 3 es que la democracia hoy para serlo debe establecer reglas para la erradicaci\u00f3n de la violencia y del pacto patriarcal que se traduce en impunidad en la vida de las mujeres.<\/p>\n\n\n\n<p class=\"wp-block-paragraph\"><br>Y plantea la necesidad de comprender que esta plataforma es parte de lo que destacadas promotoras de la equidad de g\u00e9nero como Dulce Mar\u00eda Sauri, Patricia Olamendi y Alejandra Mora han denominado \u201cel tri\u00e1ngulo de la democracia desde las mujeres\u201d: paridad en los cargos, mecanismos contra la violencia pol\u00edtica y la 3 de 3.<\/p>\n\n\n\n<p class=\"wp-block-paragraph\"><br>De manera que Yndira Sandoval pide distinguir la violencia pol\u00edtica de g\u00e9nero de la violencia que se busca proscribir con la 3 de 3. \u201cLa violencia pol\u00edtica es un marco jur\u00eddico que protege a candidatas, militantes, funcionarias. Pero la 3 de 3 protege a esas mujeres, ni\u00f1as y ni\u00f1os que, sin realizar acciones pol\u00edticas, son v\u00edctimas de agresores\u201d, aclara.<\/p>\n\n\n\n<p class=\"wp-block-paragraph\"><br>Sostiene que, con este movimiento, toda la clase pol\u00edtica est\u00e1 emplazada a comprender que no queremos m\u00e1s agresores en el poder. \u201cMientras otros piensan en votos, nosotras en derechos\u201d.<\/p>\n\n\n\n<p class=\"wp-block-paragraph\"><br><strong>PODER JUDICIAL EN LA MIRA<\/strong><br>Destaca Yndira Sandoval que hasta ahora no se present\u00f3 ninguna acci\u00f3n de inconstitucionalidad en contra de la 3 de 3. \u201cPero que no estar\u00eda mal que la promovieran. Porque ya tenemos muchas opiniones de que no es inconstitucional la plataforma 3 de 3. Sin embargo, ser\u00eda bueno que alguien quiera meterse en ese terreno, porque obligar\u00edamos a la Suprema Corte de Justicia a que se pronunciara de una vez\u201d.<\/p>\n\n\n\n<p class=\"wp-block-paragraph\"><br>En los hechos, sin embargo, los jueces se ponen de lado de los deudores, de los padres desobligados que se niegan a pagar pensi\u00f3n; a los abogados de oficio les da flojera seguir estos casos, mientras las lagunas legales siguen favoreciendo \u201ca los pobrecitos se\u00f1ores\u201d que siempre encuentran un subterfugio.<\/p>\n\n\n\n<p class=\"wp-block-paragraph\"><br>Esa es la experiencia de Diana Luz V\u00e1zquez, impulsora de la llamada Ley Sabina que busca, entre otras medidas, que se integre un padr\u00f3n nacional de deudores y que emprendi\u00f3 la batalla de los tendederos de progenitores irresponsables que prefieren ir al pleito legal que aportar al sustento de sus hijos.<br>\u201cEn 2021 nos metieron muchos goles: candidatos que eran deudores alimentarios, y que hoy ocupan cargos como diputados locales, federales y presidentes municipales.<\/p>\n\n\n\n<p class=\"wp-block-paragraph\"><br>Cuestionamos a los organismos electorales y la respuesta fue que deb\u00eda haber venido la mam\u00e1 a presentar su queja, con la demanda en mano. \u201cO dijeron es que a m\u00ed eso no me toca\u2026 \u00bfY qu\u00e9 respondi\u00f3 el Tribunal Superior de Justicia de cada entidad? Pues esto no me lo han pedido los institutos locales. Por eso hay que legislar. Y si ya tenemos un padr\u00f3n de agresores sexuales y un padr\u00f3n de violentadores pol\u00edticos, \u00bfpor qu\u00e9 no tenemos un padr\u00f3n de deudores alimenticios visible, con nombre y apellidos\u201d, cuestiona.<\/p>\n\n\n\n<p class=\"wp-block-paragraph\"><br>Relata que en el Poder Judicial se alega que otros derechos se anteponen: el del trabajo y el de la protecci\u00f3n de datos personales. Pero, reclama, \u201cs\u00ed hablamos de una ponderaci\u00f3n de derechos, los de las infancias debieran ser primordiales\u201d.<\/p>\n\n\n\n<p class=\"wp-block-paragraph\"><br><strong>VIOLENCIA VICARIA Y PENSIONES<\/strong><br>Con otras mujeres en la misma condici\u00f3n, peleando infructuosamente en los tribunales para conseguir la pensi\u00f3n que el padre de su hija Sabina debe, aun cuando es funcionario p\u00fablico, Diana Luz logr\u00f3 viralizar la etiqueta #DeudoresAlTendedero comprobando que si bien por ahora no hay jueces ni leyes que garanticen la reparaci\u00f3n del da\u00f1o, al menos los hace reaccionar la verg\u00fcenza social de ver sus fotograf\u00edas con la etiqueta de deudores en las plazas.<\/p>\n\n\n\n<p class=\"wp-block-paragraph\"><br>Recuerda que, en otros pa\u00edses, dicha irresponsabilidad tiene consecuencias civiles como la negativa a permisos de construcci\u00f3n, vivienda o emprendimiento y hasta cancelaci\u00f3n del pasaporte.<\/p>\n\n\n\n<p class=\"wp-block-paragraph\"><br>En cambio, en M\u00e9xico, los deudores alimenticios se han sofisticado: \u201cComo hay lagunas legislativas, y son bien ma\u00f1osos los abogados, dicen ah, t\u00fa me demandas pensi\u00f3n, pues ahora te voy a quitar a los hijos y te demando guardia y custodia, y voy a poner que est\u00e1s loca, que eres drogadicta, borracha, mariguana, que ya tienes otra pareja y que metes hombres a tu casa\u2026Y tenemos un cat\u00e1logo de las narrativas de estos se\u00f1ores. \u201cY terminan quit\u00e1ndole a los ni\u00f1os, pero no para cuidarlos ellos: se los llevan a la abuelita, a las nuevas parejas. Por eso muchas mujeres no le entran a demandar pensi\u00f3n\u201d, explica.<\/p>\n\n\n\n<p class=\"wp-block-paragraph\"><br>Consecuentemente, el 80% de los violentadores vicarios \u2014los que separan a sus hijos de las madres\u2014 en M\u00e9xico son deudores alimentarios.<\/p>\n\n\n\n<p class=\"wp-block-paragraph\"><br>\u201cY de 10 casos de padres que est\u00e1n evadiendo el pago de la pensi\u00f3n, 1 o 2 cometer\u00e1n violencia vicaria. Porque tienen la solvencia econ\u00f3mica para pagar y corromper jueces, llevarse a los hijos e hijas, a veces sac\u00e1ndolos del pa\u00eds\u201d.<\/p>\n\n\n\n<p class=\"wp-block-paragraph\"><br>Por eso Diana Luz pugna porque se legisle en la materia y cuando haya una demanda de pensi\u00f3n alimenticia, no se les acepten a los deudores ning\u00fan cambio de guardia custodia ni de patria potestad.<\/p>\n\n\n\n<p class=\"wp-block-paragraph\"><br>FALTA VOLUNTAD LEGISLATIVA<br>Los reclamos del movimiento 3 de 3 han llegado al Congreso, donde la vicecoordinadora de Morena, Aleida Alavez Ruiz, conf\u00eda en legislar este a\u00f1o.<\/p>\n\n\n\n<p class=\"wp-block-paragraph\"><br>\u201cLogramos en la legislatura pasada dictaminar un paquete producto de 50 propuestas, impactando 18 art\u00edculos constitucionales en materia de igualdad sustantiva.<\/p>\n\n\n\n<p class=\"wp-block-paragraph\"><br>\u201cEn el art\u00edculo 41 constitucional se incluy\u00f3 la 3 de 3, esto es que los requisitos de elegibilidad a cargos de elecci\u00f3n popular implicar\u00e1n no tener antecedente de violencia, investigaci\u00f3n, procesamiento, mediante resoluci\u00f3n firme por violencia familiar o dom\u00e9stica, no contar con antecedentes de denuncia, o sea, lo que dice la 3 de 3\u201d, rese\u00f1a.<br>Pero reconoce que ha faltado apoyo de los diversos actores de la C\u00e1mara de Diputados para concretar ese cambio constitucional.<\/p>\n\n\n\n<p class=\"wp-block-paragraph\"><br>\u201cEn el numeral uno del art\u00edculo 41 se dice que en la postulaci\u00f3n de candidaturas se observar\u00e1 el principio de paridad de g\u00e9nero y no tener antecedentes condenatorios de violencia familiar o dom\u00e9stica, no tener delitos de agresi\u00f3n sexual o intimidad corporal, y no estar registrado como deudor de pensi\u00f3n alimentaria.<\/p>\n\n\n\n<p class=\"wp-block-paragraph\"><br>\u201cAh\u00ed traducimos los lineamientos de la 3 de 3 del INE a la Constituci\u00f3n. Pero no ha transitado nuestro dictamen, est\u00e1 ah\u00ed esperado a ver cu\u00e1ndo deciden atenderlo\u201d, dice.<br>La vicecoordinadora ha presentado, junto con la diputada Imelda P\u00e9rez Segura, una iniciativa que busca incorporar dicha plataforma en las leyes de procedimientos electorales y en la de partidos.<\/p>\n\n\n\n<p class=\"wp-block-paragraph\"><br>\u201cVamos a meter esto en la reforma electoral, pero te dar\u00e1s cuenta entonces que no ha sido como la prioridad de quienes est\u00e1n al frente de las C\u00e1maras, de sacar adelante esto\u201d, lamenta.<\/p>\n\n\n\n<p class=\"wp-block-paragraph\">Falta una defensor\u00eda para las mujeres: consejera Carla Humphrey<br>Es necesario otorgar asesoramiento para identificar posibles actos de violencia pol\u00edtica, plantea.<\/p>\n\n\n\n<p class=\"wp-block-paragraph\">A dos a\u00f1os de que el INE aprob\u00f3, el 26 de mayo de 2021, la resoluci\u00f3n que dio paso al formato 3 de 3 contra la violencia, la consejera Carla Humphrey Jord\u00e1n, protagonista clave en el impulso de ese mecanismo, considera que resulta indispensable el establecimiento de una defensor\u00eda para las mujeres.<\/p>\n\n\n\n<p class=\"wp-block-paragraph\"><br>Para la funcionaria electoral, impulsora tambi\u00e9n de la paridad en las candidaturas para los gobiernos estatales, entre otras medidas, se necesita otorgar asesoramiento para identificar posibles actos de violencia pol\u00edtica, y otorgar acompa\u00f1amiento en los procedimientos respectivos, a fin de garantizar el derecho a la tutela judicial efectiva.<\/p>\n\n\n\n<p class=\"wp-block-paragraph\"><br>Y es que, para la tambi\u00e9n exconsejera electoral de la CDMX, no basta que la 3 de 3 contra la violencia sea un lineamiento electoral a nivel nacional, con aplicabilidad en las 32 entidades federativas y todos los municipios del pa\u00eds.<\/p>\n\n\n\n<p class=\"wp-block-paragraph\"><br>\u201cHay problemas con la accesibilidad, por cuanto a la informaci\u00f3n relativa a temas de violencia contra las mujeres. Generalmente, los datos que se requieren para verificar si una persona es o no responsable de ese tipo de actos, no existen, no est\u00e1n organizados o no est\u00e1n al alcance de la autoridad requirente\u201d, resume.<\/p>\n\n\n\n<p class=\"wp-block-paragraph\"><br>Otro aspecto que debe atenderse es que el estar incluido en el Registro Nacional de Personas Sancionadas en Materia de Violencia Pol\u00edtica contra las Mujeres en Raz\u00f3n de G\u00e9nero no significa la p\u00e9rdida del modo honesto de vivir, por lo que \u201cse deben establecer mecanismos para que, al momento de analizar la realizaci\u00f3n de este tipo de actos, en todos los casos, se defina si se cuenta o no con el mismo y se incluya en el registro\u201d.<\/p>\n\n\n\n<p class=\"wp-block-paragraph\"><br>Argumenta que esto resulta fundamental \u201cporque los tribunales electorales, en general, al momento de resolver juicios de la ciudadan\u00eda o procedimientos especiales sancionadores, por actos de violencia pol\u00edtica contra las mujeres en raz\u00f3n de g\u00e9nero, no siempre analizan la p\u00e9rdida de la presunci\u00f3n de tener un modo honesto de vivir, aun cuando las personas denunciadas por dichas conductas graves e ilegales sean sentenciadas como responsables\u201d.<\/p>\n\n\n\n<p class=\"wp-block-paragraph\"><br>S\u00d3LO 3 CANCELADAS<br>Rese\u00f1a la consejera que la muestra representativa aleatoria que fue sujeta a revisi\u00f3n en el caso de las elecciones de 2021, a trav\u00e9s de requerimientos de informaci\u00f3n a autoridades judiciales, de procuraci\u00f3n de justicia, penitenciarias y fiscal\u00edas especializadas en materia de delitos electorales, se integr\u00f3 por 1,177 candidaturas, de las cuales 822 correspondieron a hombres y 355 a mujeres, es decir, el 70% de la muestra se integr\u00f3 por candidatos y el 30% por candidatas a una diputaci\u00f3n federal.<\/p>\n\n\n\n<p class=\"wp-block-paragraph\"><br>Se realizaron requerimientos de informaci\u00f3n a 160 autoridades, de las cuales cuatro fueron a nivel federal y 156 a nivel local.<\/p>\n\n\n\n<p class=\"wp-block-paragraph\"><br>De las autoridades requeridas a nivel federal, se obtuvo un nivel de respuesta del 100%. Sin embargo, no report\u00f3 alg\u00fan hallazgo.<\/p>\n\n\n\n<p class=\"wp-block-paragraph\"><br>De las respuestas recibidas en el \u00e1mbito local, 104 autoridades se\u00f1alaron la inexistencia de hallazgos, esto es, el 71%; ocho autoridades manifestaron que otra autoridad detentaba la informaci\u00f3n solicitada; seis se\u00f1alaron no ser competentes para atender la solicitud, mientras que 28 autoridades reportaron alg\u00fan hallazgo al INE.<\/p>\n\n\n\n<p class=\"wp-block-paragraph\"><br>Se descartaron 258 casos por advertirse diferencia entre el nombre de la persona candidata registrada y el reportado por la autoridad correspondiente, por tratarse de una homonimia o no contar con sentencia o resoluci\u00f3n firme. \u201cDe los 48 casos restantes en los que se determin\u00f3 la coincidencia con alguno de los supuestos establecidos en los formatos de la 3 de 3 contra la violencia o de violencia pol\u00edtica contra las mujeres en raz\u00f3n de g\u00e9nero, 37 casos fueron descartados en virtud de que no contaban con sentencia o resoluci\u00f3n firme.<br>\u201cFinalmente, respecto de las seis coincidencias restantes, se dio vista a las candidaturas correspondientes y los partidos pol\u00edticos postulantes para que ejercieran su garant\u00eda de audiencia\u201d, rese\u00f1a la consejera.<br>En cuanto a la informaci\u00f3n allegada por la ciudadan\u00eda por el probable incumplimiento de los formatos de la \u201c3 de 3 contra la violencia\u201d, se recibieron 6 manifestaciones correspondientes a ocho candidatas, de las cuales finalmente fueron descartadas dos por haber sido sustituidas por renuncia y tres por no contar con sentencia o resoluci\u00f3n firme.<br>Tambi\u00e9n, se obtuvieron hallazgos de tres candidatas con antecedentes, respecto de las cuales, el INE determin\u00f3 cancelar su candidatura; no obstante, les fueron restituidas, derivado de las resoluciones que, al respecto, emitieron la Sala Superior y la Sala Regional Ciudad de M\u00e9xico del TEPJF\u201d, detalla.<br>Ivonne Melgar, es coautora del libro Mexicanas en Pie de Lucha, Grijalbo, 2022 y escribe la columna Ellas en el Retrovisor; editora de MujeresM\u00e1s labora en el Grupo Imagen Multimedia.<\/p>\n","protected":false},"excerpt":{"rendered":"<p>Bajar a candidatos denunciados por agresi\u00f3n, acoso sexual o que deben pensi\u00f3n alimentaria rebas\u00f3 el plano electoral y apunta a ser criterio en la funci\u00f3n p\u00fablica Ivonne Melgar*SemM\u00e9xico, Ciudad de M\u00e9xico,19 de junio, 2022.-En los comicios de 2021, el Instituto Nacional Electoral INE estableci\u00f3 que, de buena fe, los partidos postularan candidatos exentos de denuncias [&hellip;]<\/p>\n","protected":false},"author":3,"featured_media":51937,"comment_status":"open","ping_status":"open","sticky":false,"template":"","format":"standard","meta":{"_monsterinsights_skip_tracking":false,"footnotes":""},"categories":[693,54],"tags":[],"class_list":["post-51936","post","type-post","status-publish","format-standard","has-post-thumbnail","category-693","category-mujeres"],"_links":{"self":[{"href":"https:\/\/redsemlac.com\/semmexico\/wp-json\/wp\/v2\/posts\/51936","targetHints":{"allow":["GET"]}}],"collection":[{"href":"https:\/\/redsemlac.com\/semmexico\/wp-json\/wp\/v2\/posts"}],"about":[{"href":"https:\/\/redsemlac.com\/semmexico\/wp-json\/wp\/v2\/types\/post"}],"author":[{"embeddable":true,"href":"https:\/\/redsemlac.com\/semmexico\/wp-json\/wp\/v2\/users\/3"}],"replies":[{"embeddable":true,"href":"https:\/\/redsemlac.com\/semmexico\/wp-json\/wp\/v2\/comments?post=51936"}],"version-history":[{"count":0,"href":"https:\/\/redsemlac.com\/semmexico\/wp-json\/wp\/v2\/posts\/51936\/revisions"}],"wp:featuredmedia":[{"embeddable":true,"href":"https:\/\/redsemlac.com\/semmexico\/wp-json\/wp\/v2\/media\/51937"}],"wp:attachment":[{"href":"https:\/\/redsemlac.com\/semmexico\/wp-json\/wp\/v2\/media?parent=51936"}],"wp:term":[{"taxonomy":"category","embeddable":true,"href":"https:\/\/redsemlac.com\/semmexico\/wp-json\/wp\/v2\/categories?post=51936"},{"taxonomy":"post_tag","embeddable":true,"href":"https:\/\/redsemlac.com\/semmexico\/wp-json\/wp\/v2\/tags?post=51936"}],"curies":[{"name":"wp","href":"https:\/\/api.w.org\/{rel}","templated":true}]}}