{"id":5192,"date":"2018-07-31T16:27:08","date_gmt":"2018-07-31T16:27:08","guid":{"rendered":"https:\/\/redsemlac.com\/semmexico\/?p=5192"},"modified":"2023-07-21T14:32:48","modified_gmt":"2023-07-21T19:32:48","slug":"dentro-de-los-espacios-legislativos-no-hay-todavia-una-relacion-paritaria-en-el-nombramiento-de-las-comisiones-legislativas","status":"publish","type":"post","link":"https:\/\/redsemlac.com\/semmexico\/dentro-de-los-espacios-legislativos-no-hay-todavia-una-relacion-paritaria-en-el-nombramiento-de-las-comisiones-legislativas\/","title":{"rendered":"Dentro de los espacios legislativos no hay todav\u00eda una relaci\u00f3n paritaria en el nombramiento de las comisiones legislativas."},"content":{"rendered":"\n<p class=\"wp-block-paragraph\"><a href=\"https:\/\/www.semmexico.com\/gallery-post.php?id=5439#\">Magaly Rodriguez<\/a><\/p>\n\n\n\n<p class=\"wp-block-paragraph\">SemM\u00e9xico. Chilpancingo, Guerrero. 31 de julio de 2018.- En la pr\u00f3xima legislatura federal habr\u00e1 paridad de g\u00e9nero, pero en el Congreso de Guerrero,&nbsp; ni siquiera se acerca a la paridad, se\u00f1al\u00f3 Mar\u00eda Luisa Garf\u00edas Mar\u00edn, integrante de la Comisi\u00f3n de Seguimiento de la Alerta de Violencia de Genero, quien subray\u00f3 la necesidad de que las diputadas y diputados que est\u00e1n pr\u00f3ximos a asumir el cargo, legislen para tipificar la violencia pol\u00edtica por razones de g\u00e9nero.<\/p>\n\n\n\n<p class=\"wp-block-paragraph\">En el segundo d\u00eda de la jornada informativa de la Comisi\u00f3n de Seguimiento de la Alerta de Violencia de Genero, y al dar continuidad a las recomendaciones del Comit\u00e9 para la Eliminaci\u00f3n de la Discriminaci\u00f3n contra la Mujer (CEDAW) en lo que se refiere a la participaci\u00f3n pol\u00edtica y p\u00fablica de las mujeres, Garfias Mar\u00edn reconoci\u00f3 que en las reformas del 2014, en el Art\u00edculo 41 de la Constituci\u00f3n Pol\u00edtica, leyes secundarias como la Ley General de Instituciones y Procedimientos Electorales, y a la ley local de participaci\u00f3n electoral, se establece la paridad de g\u00e9nero en el registro de candidaturas.<\/p>\n\n\n\n<p class=\"wp-block-paragraph\">Dichas reformas, dijo, han permitido el arribo de un mayor n\u00famero de mujeres a los congresos locales y federales, de tal forma que tras la elecci\u00f3n del primero julio, el Congreso de la Uni\u00f3n, estar\u00e1 conformado por casi 50 por ciento de mujeres y un tanto igual en el Senado, aunque eso no significa que podr\u00e1 haber igualdad de condiciones, habr\u00e1 casi paridad, pero dentro de los espacios legislativos no hay todav\u00eda una relaci\u00f3n paritaria en el nombramiento de las comisiones legislativas, apunt\u00f3 la activista.<\/p>\n\n\n\n<p class=\"wp-block-paragraph\">En el caso de Guerrero refiri\u00f3, las mujeres son 18, cerca de un 39 por ciento, \u201cno se acerca ni a la paridad\u201d, acus\u00f3, y recalc\u00f3 que el n\u00famero de mujeres se mantiene en relaci\u00f3n a la legislatura que va a terminar.<\/p>\n\n\n\n<p class=\"wp-block-paragraph\">Garfias Mar\u00edn agreg\u00f3 que si bien es cierto ha habido avances en materia legislativa por parte del Estado Mexicano y en los Estados, lo cual es reconocido por la misma CEDAW, dicho organismo tambi\u00e9n observa que son insuficientes, ya que debe haber una homologaci\u00f3n de todas las leyes para que las mujeres puedan participar con igualdad en estos espacios de decisi\u00f3n pol\u00edtica, y se eliminen los obst\u00e1culos en cada proceso electoral como es la violencia pol\u00edtica por razones de g\u00e9nero, para que las mujeres puedan ejercer con plenitud de derechos pol\u00edticos.<\/p>\n\n\n\n<p class=\"wp-block-paragraph\">Al momento se\u00f1al\u00f3 que no hay una reforma a nivel federal ni local en el caso del Estado de Guerrero, que tipifique el delito de violencia pol\u00edtica por razones de g\u00e9nero, la cual tambi\u00e9n deber\u00e1 de incluirse en leyes secundarias como la ley General de Instituciones y Procedimientos Electorales, de partidos pol\u00edticos, de delitos electorales, en la de medios de comunicaci\u00f3n. \u201cS\u00ed hay avances, pero son producto del movimiento de la lucha de las mujeres\u201d, todav\u00eda hay rezagos debido a esos obst\u00e1culos producto de la cultura patriarcal no solo en Guerrero, sino en todos los estados de la Rep\u00fablica\u201d, recalc\u00f3.<\/p>\n\n\n\n<p class=\"wp-block-paragraph\">De ah\u00ed subray\u00f3 la importancia de que las y los diputados locales que est\u00e1n pr\u00f3ximos a tomar posesi\u00f3n, incluyan en la ley electoral de Guerrero, la tipificaci\u00f3n de la violencia pol\u00edtica por razones de g\u00e9nero y las diputadas federales hagan lo propio en el Congreso de la Uni\u00f3n.<\/p>\n\n\n\n<p class=\"wp-block-paragraph\">\u201cHoy es el momento en el que la mujeres que van a llegar en los espacios tanto federal como local, empujen, construyan alianzas para eliminar los obst\u00e1culos que hacen que las mujeres no puedan arribar en igualdad de condiciones en los congresos estatales y en el federal\u201d, recalc\u00f3 Garfias Mar\u00edn.<br><\/p>\n","protected":false},"excerpt":{"rendered":"<p>Magaly Rodriguez SemM\u00e9xico. Chilpancingo, Guerrero. 31 de julio de 2018.- En la pr\u00f3xima legislatura federal habr\u00e1 paridad de g\u00e9nero, pero en el Congreso de Guerrero,&nbsp; ni siquiera se acerca a la paridad, se\u00f1al\u00f3 Mar\u00eda Luisa Garf\u00edas Mar\u00edn, integrante de la Comisi\u00f3n de Seguimiento de la Alerta de Violencia de Genero, quien subray\u00f3 la necesidad de [&hellip;]<\/p>\n","protected":false},"author":3,"featured_media":5193,"comment_status":"open","ping_status":"open","sticky":false,"template":"","format":"standard","meta":{"_monsterinsights_skip_tracking":false,"footnotes":""},"categories":[689,50],"tags":[],"class_list":["post-5192","post","type-post","status-publish","format-standard","has-post-thumbnail","category-689","category-congreso"],"_links":{"self":[{"href":"https:\/\/redsemlac.com\/semmexico\/wp-json\/wp\/v2\/posts\/5192","targetHints":{"allow":["GET"]}}],"collection":[{"href":"https:\/\/redsemlac.com\/semmexico\/wp-json\/wp\/v2\/posts"}],"about":[{"href":"https:\/\/redsemlac.com\/semmexico\/wp-json\/wp\/v2\/types\/post"}],"author":[{"embeddable":true,"href":"https:\/\/redsemlac.com\/semmexico\/wp-json\/wp\/v2\/users\/3"}],"replies":[{"embeddable":true,"href":"https:\/\/redsemlac.com\/semmexico\/wp-json\/wp\/v2\/comments?post=5192"}],"version-history":[{"count":0,"href":"https:\/\/redsemlac.com\/semmexico\/wp-json\/wp\/v2\/posts\/5192\/revisions"}],"wp:featuredmedia":[{"embeddable":true,"href":"https:\/\/redsemlac.com\/semmexico\/wp-json\/wp\/v2\/media\/5193"}],"wp:attachment":[{"href":"https:\/\/redsemlac.com\/semmexico\/wp-json\/wp\/v2\/media?parent=5192"}],"wp:term":[{"taxonomy":"category","embeddable":true,"href":"https:\/\/redsemlac.com\/semmexico\/wp-json\/wp\/v2\/categories?post=5192"},{"taxonomy":"post_tag","embeddable":true,"href":"https:\/\/redsemlac.com\/semmexico\/wp-json\/wp\/v2\/tags?post=5192"}],"curies":[{"name":"wp","href":"https:\/\/api.w.org\/{rel}","templated":true}]}}