{"id":51833,"date":"2022-06-16T16:21:33","date_gmt":"2022-06-16T22:21:33","guid":{"rendered":"https:\/\/redsemlac.com\/semmexico\/?p=51833"},"modified":"2023-07-21T19:06:57","modified_gmt":"2023-07-22T00:06:57","slug":"exigen-a-autoridades-den-con-paradero-de-adolescente-desaparecida-en-tlapa-guerrero","status":"publish","type":"post","link":"https:\/\/redsemlac.com\/semmexico\/exigen-a-autoridades-den-con-paradero-de-adolescente-desaparecida-en-tlapa-guerrero\/","title":{"rendered":"<strong>Exigen a autoridades den con paradero de adolescente desaparecida en Tlapa, Guerrero<\/strong>"},"content":{"rendered":"\n<p class=\"wp-block-paragraph\">Josefina Aguilar Pastor&nbsp;<\/p>\n\n\n\n<p class=\"wp-block-paragraph\">SemM\u00e9xico, Chilpancingo, Gro, 16 de junio de 2022. \u2013&nbsp;Feministas del municipio de Tlapa, se manifestaron en la entrada del ayuntamiento para exigir la presentaci\u00f3n con vida&nbsp;&nbsp;de la adolescente Lucila Mendoza Garc\u00eda, quien el 9 de mayo pasado sali\u00f3 de su domicilio y no volvi\u00f3.&nbsp;<\/p>\n\n\n\n<p class=\"wp-block-paragraph\">Las activistas, con pancartas de presentaci\u00f3n, y consignas por la violencia contra de las mujeres, ni\u00f1as y adolescentes en su modalidad de desaparici\u00f3n,&nbsp;exigieron la presentaci\u00f3n con vida de Mendoza Garc\u00eda.&nbsp;&nbsp;<\/p>\n\n\n\n<p class=\"wp-block-paragraph\">Lucila Mendoza Garc\u00eda, de 19 a\u00f1os, ind\u00edgena \u00d1uusavi, originaria de la comunidad de Pueblo Viejo municipio de Metl\u00e1tonoc, cursa sus estudios en el CEBACH 7\/2 en el municipio de Tlapa de Comonfort, en la regi\u00f3n Monta\u00f1a, de donde el pasado 9 mayo fue desaparecida.<\/p>\n\n\n\n<p class=\"wp-block-paragraph\">Las activistas reclamaron&nbsp;que a pesar de que la familia de la adolescente ha tomado las medidas correspondientes en el proceso de su caso, hasta el momento no existe un avance en las investigaciones.&nbsp;<\/p>\n\n\n\n<p class=\"wp-block-paragraph\">\u201cExigimos al gobierno del estado que agilice el proceso para encontrarla con vida\u201d, externaron las manifestantes.&nbsp;<\/p>\n\n\n\n<p class=\"wp-block-paragraph\">Al mismo tiempo, dieron a conocer que otras mujeres m\u00e1s se encuentran en la misma condici\u00f3n de desaparecidas en el coraz\u00f3n de la Monta\u00f1a alta.&nbsp;&nbsp;<\/p>\n\n\n\n<p class=\"wp-block-paragraph\">\u00abExigimos tambi\u00e9n al gobierno actual, que tome cartas en el asunto sobre los asaltos que en las \u00faltimas semanas se han estado generado, agrediendo principalmente a las mujeres y sin agarrar a los responsables aun con pruebas de los agresores\u00bb, denunciaron.&nbsp;<\/p>\n\n\n\n<p class=\"wp-block-paragraph\">Las feministas dieron a conocer cifras sobre la violencia en contra de la ni\u00f1ez y adolescencia, refirieron que en el 2020, 75.78 por ciento de las agresiones ocurrieron en el hogar, 73.29 por ciento de los casos, la persona responsable ten\u00eda alg\u00fan parentesco con la v\u00edctima.&nbsp;<\/p>\n\n\n\n<p class=\"wp-block-paragraph\">Asimismo precisaron&nbsp;&nbsp;que 77.11 por ciento de la violencia sexual en menores ocurre en casa; y durante el 2021, se registraron 129 mil 020 carpetas de investigaci\u00f3n por violencia familiar.&nbsp;<\/p>\n\n\n\n<p class=\"wp-block-paragraph\">Cabe destacar que entre 2018 a 2021, se registraron cuatro mil 401 homicidios de ni\u00f1os, ni\u00f1as y adolescentes; en ese lapso, tan solo en 2020, hubo mil 150 suicidios de ni\u00f1os, ni\u00f1as y adolescentes.\u00a0<\/p>\n\n\n\n<figure class=\"wp-block-image size-large\"><a href=\"https:\/\/redsemlac.com\/semmexico\/wp-content\/uploads\/2022\/06\/FOTO-2-GRO.jpg\"><img decoding=\"async\" src=\"https:\/\/redsemlac.com\/semmexico\/wp-content\/uploads\/2022\/06\/FOTO-2-GRO-1024x768.jpg\" alt=\"\" class=\"wp-image-51835\"\/><\/a><\/figure>\n","protected":false},"excerpt":{"rendered":"<p>Feministas del municipio de Tlapa, se manifestaron en la entrada del ayuntamiento para exigir la presentaci\u00f3n con vida\u00a0\u00a0de la adolescente Lucila Mendoza Garc\u00eda, quien el 9 de mayo pasado sali\u00f3 de su domicilio y no volvi\u00f3.\u00a0<\/p>\n","protected":false},"author":3,"featured_media":51834,"comment_status":"open","ping_status":"open","sticky":false,"template":"","format":"standard","meta":{"_monsterinsights_skip_tracking":false,"footnotes":""},"categories":[693,47,48],"tags":[],"class_list":["post-51833","post","type-post","status-publish","format-standard","has-post-thumbnail","category-693","category-no-mas-impunidad","category-no-mas-impunidad-no-mas-impunidad"],"_links":{"self":[{"href":"https:\/\/redsemlac.com\/semmexico\/wp-json\/wp\/v2\/posts\/51833","targetHints":{"allow":["GET"]}}],"collection":[{"href":"https:\/\/redsemlac.com\/semmexico\/wp-json\/wp\/v2\/posts"}],"about":[{"href":"https:\/\/redsemlac.com\/semmexico\/wp-json\/wp\/v2\/types\/post"}],"author":[{"embeddable":true,"href":"https:\/\/redsemlac.com\/semmexico\/wp-json\/wp\/v2\/users\/3"}],"replies":[{"embeddable":true,"href":"https:\/\/redsemlac.com\/semmexico\/wp-json\/wp\/v2\/comments?post=51833"}],"version-history":[{"count":0,"href":"https:\/\/redsemlac.com\/semmexico\/wp-json\/wp\/v2\/posts\/51833\/revisions"}],"wp:featuredmedia":[{"embeddable":true,"href":"https:\/\/redsemlac.com\/semmexico\/wp-json\/wp\/v2\/media\/51834"}],"wp:attachment":[{"href":"https:\/\/redsemlac.com\/semmexico\/wp-json\/wp\/v2\/media?parent=51833"}],"wp:term":[{"taxonomy":"category","embeddable":true,"href":"https:\/\/redsemlac.com\/semmexico\/wp-json\/wp\/v2\/categories?post=51833"},{"taxonomy":"post_tag","embeddable":true,"href":"https:\/\/redsemlac.com\/semmexico\/wp-json\/wp\/v2\/tags?post=51833"}],"curies":[{"name":"wp","href":"https:\/\/api.w.org\/{rel}","templated":true}]}}