{"id":5183,"date":"2018-08-20T16:19:03","date_gmt":"2018-08-20T16:19:03","guid":{"rendered":"https:\/\/redsemlac.com\/semmexico\/?p=5183"},"modified":"2023-07-21T14:32:45","modified_gmt":"2023-07-21T19:32:45","slug":"villagomez-valdes-destaco-que-las-autoridades-siguen-haciendo-caso-omiso-a-problemas-como-la-violencia-contra-las-mujeres","status":"publish","type":"post","link":"https:\/\/redsemlac.com\/semmexico\/villagomez-valdes-destaco-que-las-autoridades-siguen-haciendo-caso-omiso-a-problemas-como-la-violencia-contra-las-mujeres\/","title":{"rendered":"Villag\u00f3mez Vald\u00e9s destac\u00f3 que las autoridades siguen haciendo caso omiso a problemas como la violencia contra las mujeres."},"content":{"rendered":"\n<p class=\"wp-block-paragraph\"><a href=\"https:\/\/www.semmexico.com\/gallery-post.php?id=5623#\">Lorena Castellanos<\/a><\/p>\n\n\n\n<p class=\"wp-block-paragraph\">SemM\u00e9xico. Yucat\u00e1n. 20 de agosto de 2018. A pocos d\u00edas del cambio de legislatura en el Congreso de Yucat\u00e1n, la doctora Gina Villag\u00f3mez Vald\u00e9s ha se\u00f1alado que los problemas \u201cprofundos\u201d del estado, como la violencia de g\u00e9nero y la discriminaci\u00f3n a la comunidad LGBT, no han sido resueltos por \u201cfalta de voluntad pol\u00edtica\u201d.<\/p>\n\n\n\n<p class=\"wp-block-paragraph\">De acuerdo con lo declarado por la doctora investigadora del Centro de Investigaciones Regionales (CIR) \u201cHideyo Noguchi\u201d de la Universidad Aut\u00f3noma de Yucat\u00e1n (UADY), la LXI legislatura \u201cno se atrevi\u00f3 a aventarse\u201d la toma de decisiones respecto a temas como el matrimonio igualitario, los derechos de las mujeres y el abuso sexual a menores.<\/p>\n\n\n\n<p class=\"wp-block-paragraph\">Y es que en el caso del matrimonio igualitario, asegur\u00f3, los diputados est\u00e1n dejando una \u201ccuenta pendiente\u201d por presiones de grupos de ultraderecha, pues est\u00e1n delegando la responsabilidad a la siguiente legislatura, pr\u00f3xima a iniciar labores el 1 de septiembre.<\/p>\n\n\n\n<p class=\"wp-block-paragraph\">\u201cEn este estado cuando el poder gubernamental dice \u2018va\u2019, va, y cuando dice \u2018d\u00e9jalo dormir\u2019, lo deja dormir. El Gobierno del Estado puede tomar cualquier decisi\u00f3n, armar expedientes, armar leyes en 24 horas. Si no se hizo es porque no quisieron hacerlo, no quisieron perder un contingente de votantes que no les alcanz\u00f3 para ganar\u201d, dijo.<\/p>\n\n\n\n<p class=\"wp-block-paragraph\">Asimismo, Villag\u00f3mez Vald\u00e9s destac\u00f3 que las autoridades siguen haciendo caso omiso a problemas como la violencia contra las mujeres y el abuso sexual a menores, los cuales se presentan principalmente al interior de los hogares, ya que no se han puesto en marcha pol\u00edticas p\u00fablicas para prevenir este tipo de conflictos, particularmente en el interior del estado.<\/p>\n\n\n\n<p class=\"wp-block-paragraph\">En este sentido, y de acuerdo con los datos de la \u00faltima Encuesta Nacional de la Din\u00e1mica de Relaciones en el Hogar (ENDIREH), lanzada en 2016, la acad\u00e9mica mencion\u00f3 que Yucat\u00e1n se ubica en el s\u00e9ptimo lugar de violencia en el hogar, situaci\u00f3n que describe como un problema estructural, el cual ha sido naturalizado por las mismas familias.<\/p>\n\n\n\n<p class=\"wp-block-paragraph\">De igual forma puntualiz\u00f3 que la entidad se encuentra entre los \u00edndices m\u00e1s altos a nivel nacional en alcoholismo, disoluci\u00f3n conyugal y de familias compuestas, es decir, \u201cpadrastros y familias nuevas en hogares yucatecos\u201d, lo que se convierte en \u201cun caldo de cultivo\u201d para la violencia sexual.<\/p>\n\n\n\n<p class=\"wp-block-paragraph\">\u201cSomos el estado con mayor violencia sexual y eso lo sabemos desde hace sexenios, y no se hab\u00eda tocado este punto hasta que la sociedad civil est\u00e1 presionando para ello, con las legislaciones locales en otros estados\u201d.<\/p>\n\n\n\n<p class=\"wp-block-paragraph\">La doctora asever\u00f3 que para combatir este problema, es necesario que haya Ministerios P\u00fablicos m\u00e1s cercanos a la poblaci\u00f3n del interior del estado, as\u00ed como una mayor sensibilidad y acompa\u00f1amiento de las autoridades hacia las v\u00edctimas, no obstante, se\u00f1al\u00f3 abiertamente que tanto al Comisi\u00f3n Estatal de Derechos Humanos (CODHEY), as\u00ed como el nuevo modelo anticorrupci\u00f3n han sido \u201cun cero a la izquierda\u201d en el tema.<\/p>\n\n\n\n<p class=\"wp-block-paragraph\">Pese a que tanto la legislatura como el Gobierno Estatal est\u00e1n a punto de cambiar, la activista manifest\u00f3 no esperar mucho por parte de la administraci\u00f3n entrante, en especial en la resoluci\u00f3n de temas \u201cdelicados\u201d como el matrimonio igualitario y los derechos de las mujeres.<\/p>\n\n\n\n<p class=\"wp-block-paragraph\">\u201cNo tengo mucha expectativa, espero que me callen la boca, haciendo una respuesta favorable para la sociedad\u201d, finaliz\u00f3.<\/p>\n\n\n\n<p class=\"wp-block-paragraph\">Sem\/GR<br><\/p>\n","protected":false},"excerpt":{"rendered":"<p>Lorena Castellanos SemM\u00e9xico. Yucat\u00e1n. 20 de agosto de 2018. A pocos d\u00edas del cambio de legislatura en el Congreso de Yucat\u00e1n, la doctora Gina Villag\u00f3mez Vald\u00e9s ha se\u00f1alado que los problemas \u201cprofundos\u201d del estado, como la violencia de g\u00e9nero y la discriminaci\u00f3n a la comunidad LGBT, no han sido resueltos por \u201cfalta de voluntad pol\u00edtica\u201d. [&hellip;]<\/p>\n","protected":false},"author":3,"featured_media":5184,"comment_status":"open","ping_status":"open","sticky":false,"template":"","format":"standard","meta":{"_monsterinsights_skip_tracking":false,"footnotes":""},"categories":[689,50],"tags":[],"class_list":["post-5183","post","type-post","status-publish","format-standard","has-post-thumbnail","category-689","category-congreso"],"_links":{"self":[{"href":"https:\/\/redsemlac.com\/semmexico\/wp-json\/wp\/v2\/posts\/5183","targetHints":{"allow":["GET"]}}],"collection":[{"href":"https:\/\/redsemlac.com\/semmexico\/wp-json\/wp\/v2\/posts"}],"about":[{"href":"https:\/\/redsemlac.com\/semmexico\/wp-json\/wp\/v2\/types\/post"}],"author":[{"embeddable":true,"href":"https:\/\/redsemlac.com\/semmexico\/wp-json\/wp\/v2\/users\/3"}],"replies":[{"embeddable":true,"href":"https:\/\/redsemlac.com\/semmexico\/wp-json\/wp\/v2\/comments?post=5183"}],"version-history":[{"count":0,"href":"https:\/\/redsemlac.com\/semmexico\/wp-json\/wp\/v2\/posts\/5183\/revisions"}],"wp:featuredmedia":[{"embeddable":true,"href":"https:\/\/redsemlac.com\/semmexico\/wp-json\/wp\/v2\/media\/5184"}],"wp:attachment":[{"href":"https:\/\/redsemlac.com\/semmexico\/wp-json\/wp\/v2\/media?parent=5183"}],"wp:term":[{"taxonomy":"category","embeddable":true,"href":"https:\/\/redsemlac.com\/semmexico\/wp-json\/wp\/v2\/categories?post=5183"},{"taxonomy":"post_tag","embeddable":true,"href":"https:\/\/redsemlac.com\/semmexico\/wp-json\/wp\/v2\/tags?post=5183"}],"curies":[{"name":"wp","href":"https:\/\/api.w.org\/{rel}","templated":true}]}}