{"id":51809,"date":"2022-06-16T15:29:12","date_gmt":"2022-06-16T21:29:12","guid":{"rendered":"https:\/\/redsemlac.com\/semmexico\/?p=51809"},"modified":"2023-07-21T19:06:57","modified_gmt":"2023-07-22T00:06:57","slug":"presas-politicas-en-nicaragua","status":"publish","type":"post","link":"https:\/\/redsemlac.com\/semmexico\/presas-politicas-en-nicaragua\/","title":{"rendered":"Presas pol\u00edticas en Nicaragua"},"content":{"rendered":"\n<p class=\"wp-block-paragraph\">SemM\u00e9xico\/LaCostillaRota, Managua, Nicaragua, &nbsp;16 de junio, de &nbsp;2022.- Tamara D\u00e1vila, Dora Mar\u00eda T\u00e9llez, Suyen Barahona y Ana Margarita Vijil, cumplen un a\u00f1o en prisi\u00f3n por el supuesto delito de conspiraci\u00f3n para cometer menoscabo a la integridad nacional, pero realmente, ellas son v\u00edctimas del r\u00e9gimen despiadado de Daniel Ortega.<\/p>\n\n\n\n<p class=\"wp-block-paragraph\">Todas est\u00e1n en El Chipote, una casa de horrores que sirve como c\u00e1rcel, sala de juicios y centro de torturas para los nicarag\u00fcenses contrarios al r\u00e9gimen; aqu\u00ed es donde estas mujeres valientes permanecen privadas de su libertad, sometidas a torturas y a los peores tratos.<\/p>\n\n\n\n<p class=\"wp-block-paragraph\">Su \u00fanico delito ha sido luchar por un pa\u00eds diferente, con una verdadera democracia con justicia y libertad. Estas aspiraciones justas y leg\u00edtimas, les han sido bloqueadas por un l\u00edder machista que se niega a dejar el poder.<\/p>\n\n\n\n<p class=\"wp-block-paragraph\">Entre el grupo de presas pol\u00edticas, Tamara D\u00e1vila,es hija de un oficial del Ej\u00e9rcito ya fallecido. Su situaci\u00f3n es \u201cparticularmente preocupante\u201d aseguran sus familiares.&nbsp;Permanece solitaria en una celda de castigo, con puerta de hierro, sin barrotes, y sellada con pernos en la que apenas puede respirar.<\/p>\n\n\n\n<p class=\"wp-block-paragraph\">Las&nbsp;celdas de Dora Mar\u00eda T\u00e9llez, Ana Vijil y&nbsp;Suyen Barahona, si tienen barrotes que permiten ver los pasillos, pero est\u00e1n sometidas a luz de bombillos el\u00e9ctricos las 24 horas del d\u00eda,&nbsp;sin saber cu\u00e1ndo es de noche y cu\u00e1ndo de d\u00eda.<\/p>\n\n\n\n<p class=\"wp-block-paragraph\">Vijil, logra dormir tap\u00e1ndose los ojos con su sost\u00e9n y abrig\u00e1ndose las manos con un par de calcetines, relata su madre, Josefina Gurdi\u00e1n.<\/p>\n\n\n\n<p class=\"wp-block-paragraph\">Un juez sandinista sentenci\u00f3 a Suyen Barahona y Dora Mar\u00eda T\u00e9llez, a ocho a\u00f1os de prisi\u00f3n, a Ana Margarita Vijil, q 12 a\u00f1os y&nbsp;a Tamara D\u00e1vila, le fueron impuestos 13 a\u00f1os de c\u00e1rcel.<\/p>\n\n\n\n<p class=\"wp-block-paragraph\">En Nicaragua se gobierna de una forma autoritaria donde la ley se impone al dictado del presidente. Daniel Ortega y su esposa, la&nbsp;Vicepresidenta Rosario Murillo, se han mantenido en el poder aprovechando su poder\u00edo sobre jueces y legisladores para reinterpretar la constituci\u00f3n y deshacerse de los l\u00edmites de su mandato y, aunque el fue un guerrillero y actu\u00f3 para deshacerse de la dictadura anterior, Ortega, se volvi\u00f3 peor que el Anastasio Somoza.<\/p>\n\n\n\n<p class=\"wp-block-paragraph\">Se repite la historia de una manera agravada en el sentido que el apego de Daniel Ortega al poder, su necedad de perpetuarse ah\u00ed y su incapacidad de aceptar que los nicarag\u00fcenses quieren una sociedad diferente, est\u00e1 precisamente afianzada del autoritarismo mesi\u00e1nico que se ha originado en imaginaci\u00f3n: su idea de ser un mes\u00edas para su pueblo.<\/p>\n\n\n\n<p class=\"wp-block-paragraph\">Daniel Ortega, como lo ha mostrado la evidencia hist\u00f3rica, es un abusador sexual y un abusador pol\u00edtico. De su mal ejemplo, hay algo que cada uno debe asumir como una lecci\u00f3n: la coherencia entre la conducta moral, personal, entre lo privado y lo p\u00fablico, es lo \u00fanico que nos va a garantizar que tengamos los l\u00edderes \u00edntegros que nuestros pa\u00edses necesitan.<\/p>\n\n\n\n<p class=\"wp-block-paragraph\">Definitivamente, la impunidad que favoreci\u00f3 a Daniel Ortega, estuvo acompa\u00f1ada de la complicidad de muchos hombres que en aquel momento trataron tapar su propia naturaleza abusiva. Pensaron que el abuso sexual dom\u00e9stico era un tema de menor importancia sin advertir que en la personalidad de un ser humano es precisamente la conducta en el hogar el primer reflejo de lo que luego, al ostentar mayores cuotas de poder, se pueden convertir en dictaduras cuyo respeto por la legalidad sea nulo.<\/p>\n\n\n\n<p class=\"wp-block-paragraph\">Nosotras estamos con nuestras hermanas nicarag\u00fcenses que han sido valientes, que se atreven a decir que ya no participaran m\u00e1s en este tipo de pol\u00edticas, que no favorecer\u00e1n el encubrimiento y combatir\u00e1n con su activismo y valent\u00eda la dictadura de Ortega. En La Costilla Rota, siempre daremos voz a las que no pueden gritar; esto es por ustedes Tamara D\u00e1vila, Dora Mar\u00eda T\u00e9llez, Suyen Barahona y Ana<\/p>\n\n\n\n<p class=\"wp-block-paragraph\">Margarita Vijil.<\/p>\n","protected":false},"excerpt":{"rendered":"<p>Tamara D\u00e1vila, Dora Mar\u00eda T\u00e9llez, Suyen Barahona y Ana Margarita Vijil, cumplen un a\u00f1o en prisi\u00f3n por el supuesto delito de conspiraci\u00f3n para cometer menoscabo a la integridad nacional, pero realmente, ellas son v\u00edctimas del r\u00e9gimen despiadado de Daniel Ortega<\/p>\n","protected":false},"author":3,"featured_media":51811,"comment_status":"open","ping_status":"open","sticky":false,"template":"","format":"standard","meta":{"_monsterinsights_skip_tracking":false,"footnotes":""},"categories":[693,53],"tags":[],"class_list":["post-51809","post","type-post","status-publish","format-standard","has-post-thumbnail","category-693","category-internacional"],"_links":{"self":[{"href":"https:\/\/redsemlac.com\/semmexico\/wp-json\/wp\/v2\/posts\/51809","targetHints":{"allow":["GET"]}}],"collection":[{"href":"https:\/\/redsemlac.com\/semmexico\/wp-json\/wp\/v2\/posts"}],"about":[{"href":"https:\/\/redsemlac.com\/semmexico\/wp-json\/wp\/v2\/types\/post"}],"author":[{"embeddable":true,"href":"https:\/\/redsemlac.com\/semmexico\/wp-json\/wp\/v2\/users\/3"}],"replies":[{"embeddable":true,"href":"https:\/\/redsemlac.com\/semmexico\/wp-json\/wp\/v2\/comments?post=51809"}],"version-history":[{"count":0,"href":"https:\/\/redsemlac.com\/semmexico\/wp-json\/wp\/v2\/posts\/51809\/revisions"}],"wp:featuredmedia":[{"embeddable":true,"href":"https:\/\/redsemlac.com\/semmexico\/wp-json\/wp\/v2\/media\/51811"}],"wp:attachment":[{"href":"https:\/\/redsemlac.com\/semmexico\/wp-json\/wp\/v2\/media?parent=51809"}],"wp:term":[{"taxonomy":"category","embeddable":true,"href":"https:\/\/redsemlac.com\/semmexico\/wp-json\/wp\/v2\/categories?post=51809"},{"taxonomy":"post_tag","embeddable":true,"href":"https:\/\/redsemlac.com\/semmexico\/wp-json\/wp\/v2\/tags?post=51809"}],"curies":[{"name":"wp","href":"https:\/\/api.w.org\/{rel}","templated":true}]}}