{"id":5180,"date":"2018-08-22T16:17:41","date_gmt":"2018-08-22T16:17:41","guid":{"rendered":"https:\/\/redsemlac.com\/semmexico\/?p=5180"},"modified":"2023-07-21T14:32:44","modified_gmt":"2023-07-21T19:32:44","slug":"deberan-realizar-una-accion-legislativa-en-la-ley-de-impuesto-sobre-la-renta","status":"publish","type":"post","link":"https:\/\/redsemlac.com\/semmexico\/deberan-realizar-una-accion-legislativa-en-la-ley-de-impuesto-sobre-la-renta\/","title":{"rendered":"Deber\u00e1n realizar una acci\u00f3n legislativa en la Ley de Impuesto sobre la Renta"},"content":{"rendered":"\n<p class=\"wp-block-paragraph\"><a href=\"https:\/\/www.semmexico.com\/gallery-post.php?id=5628#\">Lorena Castellanos<\/a><\/p>\n\n\n\n<p class=\"wp-block-paragraph\">SemM\u00e9xico. M\u00e9rida, Yucat\u00e1n. 22 de agosto de 2018. Dulce Mar\u00eda Sauri Riancho, diputada federal del PRI por la Tercera Circunscripci\u00f3n Plurinominal, ha declarado que desde su bancada velar\u00e1 porque se cumpla el compromiso que el ex candidato del tricolor a la Presidencia de la Rep\u00fablica, Jos\u00e9 Antonio Meade Kuribre\u00f1a, asumi\u00f3 con las trabajadoras del hogar.<\/p>\n\n\n\n<p class=\"wp-block-paragraph\">En entrevista a reporteros de la fuente, la ex gobernadora de Yucat\u00e1n record\u00f3 que tal compromiso refiere a que las empleadas dom\u00e9sticas cuenten con seguridad social. Para ello, los diputados deber\u00e1n realizar una acci\u00f3n legislativa en la Ley de Impuesto sobre la Renta, para que el pago de las aportaciones a este derecho sea deducible por parte de los empleadores.<\/p>\n\n\n\n<p class=\"wp-block-paragraph\">\u201cEste es un tema muy espec\u00edfico y muy concreto, que tiene que ver con casi 10 millones de personas que confiaron en Jos\u00e9 Antonio Meade y a m\u00ed en lo personal me interesa que se cumpla\u201d, afirm\u00f3.<\/p>\n\n\n\n<p class=\"wp-block-paragraph\">La ex presidenta nacional del partido, asegur\u00f3 que, a pesar de que el PRI representa la quinta fuerza en la C\u00e1mara de Diputados, as\u00ed como una minor\u00eda en la C\u00e1mara de Senadores, lo cual les \u201climita\u201d la capacidad \u201csacar adelante\u201d cualquier tipo de iniciativa, estar\u00e1 formando una bancada junto a sus compa\u00f1eros para \u201cresponderle a la poblaci\u00f3n\u201d que vot\u00f3 por ellos.<\/p>\n\n\n\n<p class=\"wp-block-paragraph\">De esta manera, detall\u00f3, la responsabilidad de los diputados del tricolor es capacitarse e informarse respecto a los temas que ser\u00e1n parte de la agenda legislativa anunciada por los diputados y senadores de Morena.<\/p>\n\n\n\n<p class=\"wp-block-paragraph\">\u201cHay una agenda que ellos como mayor\u00eda van a poner y sobre las cuales nosotros tenemos que tener una posici\u00f3n informada, sensata y serena. Aqu\u00ed no se trata porque somos oposici\u00f3n de oponernos a todo porque s\u00ed, pero tampoco porque somos oposici\u00f3n minoritaria, dejar que las cosas sucedan sin que nosotros demos argumentos\u201d.<\/p>\n\n\n\n<p class=\"wp-block-paragraph\">Al ser cuestionada de las propuestas de Morena sobre legalizar el aborto, la marihuana y el matrimonio igualitario, Sauri Riancho expres\u00f3 su desacuerdo, destacando que primero deber\u00edan aterrizar las iniciativas, antes de lanzar cualquier comentario.<br><\/p>\n","protected":false},"excerpt":{"rendered":"<p>Lorena Castellanos SemM\u00e9xico. M\u00e9rida, Yucat\u00e1n. 22 de agosto de 2018. Dulce Mar\u00eda Sauri Riancho, diputada federal del PRI por la Tercera Circunscripci\u00f3n Plurinominal, ha declarado que desde su bancada velar\u00e1 porque se cumpla el compromiso que el ex candidato del tricolor a la Presidencia de la Rep\u00fablica, Jos\u00e9 Antonio Meade Kuribre\u00f1a, asumi\u00f3 con las trabajadoras [&hellip;]<\/p>\n","protected":false},"author":3,"featured_media":5181,"comment_status":"open","ping_status":"open","sticky":false,"template":"","format":"standard","meta":{"_monsterinsights_skip_tracking":false,"footnotes":""},"categories":[689,50],"tags":[],"class_list":["post-5180","post","type-post","status-publish","format-standard","has-post-thumbnail","category-689","category-congreso"],"_links":{"self":[{"href":"https:\/\/redsemlac.com\/semmexico\/wp-json\/wp\/v2\/posts\/5180","targetHints":{"allow":["GET"]}}],"collection":[{"href":"https:\/\/redsemlac.com\/semmexico\/wp-json\/wp\/v2\/posts"}],"about":[{"href":"https:\/\/redsemlac.com\/semmexico\/wp-json\/wp\/v2\/types\/post"}],"author":[{"embeddable":true,"href":"https:\/\/redsemlac.com\/semmexico\/wp-json\/wp\/v2\/users\/3"}],"replies":[{"embeddable":true,"href":"https:\/\/redsemlac.com\/semmexico\/wp-json\/wp\/v2\/comments?post=5180"}],"version-history":[{"count":0,"href":"https:\/\/redsemlac.com\/semmexico\/wp-json\/wp\/v2\/posts\/5180\/revisions"}],"wp:featuredmedia":[{"embeddable":true,"href":"https:\/\/redsemlac.com\/semmexico\/wp-json\/wp\/v2\/media\/5181"}],"wp:attachment":[{"href":"https:\/\/redsemlac.com\/semmexico\/wp-json\/wp\/v2\/media?parent=5180"}],"wp:term":[{"taxonomy":"category","embeddable":true,"href":"https:\/\/redsemlac.com\/semmexico\/wp-json\/wp\/v2\/categories?post=5180"},{"taxonomy":"post_tag","embeddable":true,"href":"https:\/\/redsemlac.com\/semmexico\/wp-json\/wp\/v2\/tags?post=5180"}],"curies":[{"name":"wp","href":"https:\/\/api.w.org\/{rel}","templated":true}]}}