{"id":51795,"date":"2022-06-16T11:13:58","date_gmt":"2022-06-16T17:13:58","guid":{"rendered":"https:\/\/redsemlac.com\/semmexico\/?p=51795"},"modified":"2023-07-21T19:06:58","modified_gmt":"2023-07-22T00:06:58","slug":"proponen-incorporar-violencia-digital-y-mediatica-en-ley-para-acceso-de-las-mujeres-a-una-vida-libre-de-violencia-de-guerrero","status":"publish","type":"post","link":"https:\/\/redsemlac.com\/semmexico\/proponen-incorporar-violencia-digital-y-mediatica-en-ley-para-acceso-de-las-mujeres-a-una-vida-libre-de-violencia-de-guerrero\/","title":{"rendered":"<strong>Proponen incorporar violencia digital y medi\u00e1tica en Ley para Acceso de Las Mujeres a una Vida Libre de Violencia de Guerrero<\/strong>"},"content":{"rendered":"\n<p class=\"wp-block-paragraph\"><strong>J<\/strong>osefina Aguilar Pastor&nbsp;<\/p>\n\n\n\n<p class=\"wp-block-paragraph\">SemM\u00e9xico, Chilpancingo, Gro, 16 de junio de 2022. \u2013 La diputada local\u00a0Ang\u00e9lica Espinoza Garc\u00eda propuso incorporar la violencia digital, y medi\u00e1tica en la Ley para el Acceso de las Mujeres a una Vida Libre de Violencia de de Guerrero No. 553, para contribuir a erradicar todas las formas de violencia que tanto da\u00f1a y afecta a las mujeres por el uso de las Tecnolog\u00edas de la Informaci\u00f3n y la Comunicaci\u00f3n (TIC), Redes Sociales, Correo electr\u00f3nico o cualquier otro espacio del ecosistema digital.\u00a0\u00a0\u00a0<\/p>\n\n\n\n<p class=\"wp-block-paragraph\">Durante la sesi\u00f3n \u2013la \u00faltima del per\u00edodo ordinario-, la legisladora de Morena, present\u00f3 una propuesta de adici\u00f3n de&nbsp;la fracci\u00f3n VI, del art\u00edculo 9 de&nbsp;a la ley de Acceso de las Mujeres a una Vida Libre de Violencia del Estado,&nbsp;la cual argument\u00f3, tiene como finalidad reformar la para que se reconozca la violencia digital y medi\u00e1tica como un tipo de violencia.&nbsp;<\/p>\n\n\n\n<p class=\"wp-block-paragraph\">Con ello indic\u00f3, la legislaci\u00f3n brinda la oportunidad de que se garantice la prevenci\u00f3n, atenci\u00f3n, sanci\u00f3n y erradicaci\u00f3n de este nuevo tipo de violencia contra las mujeres, adem\u00e1s de contribuir&nbsp;&nbsp;al desarrollo integral de las mujeres y las ni\u00f1as y la plena participaci\u00f3n en la vida econ\u00f3mica, pol\u00edtica, administrativa, cultural y social del estado.&nbsp;<\/p>\n\n\n\n<p class=\"wp-block-paragraph\">La violencia digital y medi\u00e1tica, es cualquier acto realizado por medio del uso de las tecnolog\u00edas de la informaci\u00f3n y comunicaci\u00f3n en las cuales se exponga, difunda, distribuya, exhiba, comparta, comercialice, transmita, oferte, intercambie im\u00e1genes, audios, videos reales o simulados de contenido \u00edntimo y sexual de una persona sin su consentimiento, autorizaci\u00f3n o aprobaci\u00f3n.<\/p>\n\n\n\n<p class=\"wp-block-paragraph\">Y que con estas acciones causen da\u00f1o psicol\u00f3gico, emocional, en cualquier \u00e1mbito de su vida privada o en su imagen propia, causando&nbsp;da\u00f1o a la intimidad, privacidad y\/o dignidad de las mujeres, que se cometan por medio de las tecnolog\u00edas de la informaci\u00f3n y la comunicaci\u00f3n, define la propuesta.&nbsp;<\/p>\n\n\n\n<p class=\"wp-block-paragraph\">Las que se pueden manifestar mediante acoso, hostigamiento, amenazas, insultos, divulgaci\u00f3n de informaci\u00f3n ap\u00f3crifa, mensajes de odio, difusi\u00f3n sin consentimiento de contenido \u00edntimo, textos, fotograf\u00edas, videos y\/o datos personales u otras impresiones gr\u00e1ficas o sonoras verdaderas o alteradas, ya sean propias o de otra persona que cause da\u00f1o o perjuicio y que atente contra la integridad, la dignidad, la libertad o la vida privada de las mujeres, puntualiz\u00f3 la diputada.&nbsp;<\/p>\n\n\n\n<p class=\"wp-block-paragraph\">Al mismo tiempo, defini\u00f3 que se entender\u00e1 por tecnolog\u00edas de la informaci\u00f3n y comunicaci\u00f3n, como aquellos recursos, herramientas y programas que se utilizan para procesar, administrar y compartir la informaci\u00f3n mediante diversos soportes tecnol\u00f3gicos.&nbsp;&nbsp;<\/p>\n\n\n\n<p class=\"wp-block-paragraph\">En tanto que por violencia medi\u00e1tica se entiende todo acto a trav\u00e9s de cualquier medio de comunicaci\u00f3n, que de manera directa o indirecta promueva estereotipos sexistas, haga apolog\u00eda de la violencia contra las mujeres y las ni\u00f1as, produzca o permita la producci\u00f3n y difusi\u00f3n de discurso de odio sexista, discriminaci\u00f3n de g\u00e9nero o desigualdad entre mujeres y hombres, que cause da\u00f1o a las mujeres y ni\u00f1as de tipo psicol\u00f3gico, sexual, f\u00edsico, econ\u00f3mico, patrimonial o feminicida.&nbsp;<\/p>\n\n\n\n<p class=\"wp-block-paragraph\">La violencia medi\u00e1tica se\u00f1al\u00f3, se ejerce por cualquier persona f\u00edsica o moral que utilice un medio de comunicaci\u00f3n para producir y difundir contenidos que atentan contra la autoestima, salud, integridad, libertad y seguridad de las mujeres y ni\u00f1as, que impide su desarrollo y que atenta contra la igualdad.&nbsp;&nbsp;<\/p>\n\n\n\n<p class=\"wp-block-paragraph\">Para garantizar la integridad de la v\u00edctima, trat\u00e1ndose de violencia digital o medi\u00e1tica, la iniciativa propone ordenar a la autoridad competente las medidas de protecci\u00f3n necesarias, ordenando v\u00eda electr\u00f3nica o mediante escrito a las empresas de plataformas digitales, de medios de comunicaci\u00f3n, redes sociales o p\u00e1ginas electr\u00f3nicas, personas f\u00edsicas o morales, la interrupci\u00f3n, bloqueo, destrucci\u00f3n, o eliminaci\u00f3n de im\u00e1genes, audios o videos relacionados con la investigaci\u00f3n previa satisfacci\u00f3n de los requisitos de ley.&nbsp;<\/p>\n\n\n\n<p class=\"wp-block-paragraph\">En este caso, se deber\u00e1 identificar plenamente al proveedor de servicios en l\u00ednea a cargo de la administraci\u00f3n del sistema inform\u00e1tico, sitio o plataforma de Internet en donde se encuentre alojado el contenido y la localizaci\u00f3n precisa del contenido en Internet, se\u00f1alando el Localizador Uniforme de Recursos.&nbsp;&nbsp;<\/p>\n\n\n\n<p class=\"wp-block-paragraph\">La iniciativa fue&nbsp;turnada a la Comisi\u00f3n Para la Igualdad de G\u00e9nero, para su an\u00e1lisis y resoluci\u00f3n.&nbsp;<\/p>\n","protected":false},"excerpt":{"rendered":"<p> La diputada local\u00a0Ang\u00e9lica Espinoza Garc\u00eda propuso incorporar la violencia digital, y medi\u00e1tica en la Ley para el Acceso de las Mujeres a una Vida Libre de Violencia de de Guerrero No. 553<\/p>\n","protected":false},"author":3,"featured_media":51796,"comment_status":"open","ping_status":"open","sticky":false,"template":"","format":"standard","meta":{"_monsterinsights_skip_tracking":false,"footnotes":""},"categories":[693,50],"tags":[],"class_list":["post-51795","post","type-post","status-publish","format-standard","has-post-thumbnail","category-693","category-congreso"],"_links":{"self":[{"href":"https:\/\/redsemlac.com\/semmexico\/wp-json\/wp\/v2\/posts\/51795","targetHints":{"allow":["GET"]}}],"collection":[{"href":"https:\/\/redsemlac.com\/semmexico\/wp-json\/wp\/v2\/posts"}],"about":[{"href":"https:\/\/redsemlac.com\/semmexico\/wp-json\/wp\/v2\/types\/post"}],"author":[{"embeddable":true,"href":"https:\/\/redsemlac.com\/semmexico\/wp-json\/wp\/v2\/users\/3"}],"replies":[{"embeddable":true,"href":"https:\/\/redsemlac.com\/semmexico\/wp-json\/wp\/v2\/comments?post=51795"}],"version-history":[{"count":0,"href":"https:\/\/redsemlac.com\/semmexico\/wp-json\/wp\/v2\/posts\/51795\/revisions"}],"wp:featuredmedia":[{"embeddable":true,"href":"https:\/\/redsemlac.com\/semmexico\/wp-json\/wp\/v2\/media\/51796"}],"wp:attachment":[{"href":"https:\/\/redsemlac.com\/semmexico\/wp-json\/wp\/v2\/media?parent=51795"}],"wp:term":[{"taxonomy":"category","embeddable":true,"href":"https:\/\/redsemlac.com\/semmexico\/wp-json\/wp\/v2\/categories?post=51795"},{"taxonomy":"post_tag","embeddable":true,"href":"https:\/\/redsemlac.com\/semmexico\/wp-json\/wp\/v2\/tags?post=51795"}],"curies":[{"name":"wp","href":"https:\/\/api.w.org\/{rel}","templated":true}]}}