{"id":51785,"date":"2022-06-16T09:48:41","date_gmt":"2022-06-16T15:48:41","guid":{"rendered":"https:\/\/redsemlac.com\/semmexico\/?p=51785"},"modified":"2023-07-21T19:06:58","modified_gmt":"2023-07-22T00:06:58","slug":"entresemana-el-plagiario-y-mentirosillo-de-palacio","status":"publish","type":"post","link":"https:\/\/redsemlac.com\/semmexico\/entresemana-el-plagiario-y-mentirosillo-de-palacio\/","title":{"rendered":"Entresemana| El plagiario y \u00a0mentirosillo de Palacio"},"content":{"rendered":"\n<p class=\"wp-block-paragraph\"><strong>Mois\u00e9s S\u00e1nchez Lim\u00f3n<\/strong><\/p>\n\n\n\n<p class=\"wp-block-paragraph\">SemM\u00e9xico, Ciudad de M\u00e9xico, 16 de junio de 2022.- En todo el mundo es sabido, incluso de sus fervientes admiradores aunque se hagan que la virgen les habla, que su alteza seren\u00edsima miente como respira y nadie, nadie es nadie, en la ma\u00f1anera se atreve a reconvenirlo. Con tersura, por supuesto.<\/p>\n\n\n\n<p class=\"wp-block-paragraph\">\u00bfMiedo, precauci\u00f3n, desconocimiento, incultura, sue\u00f1o, maiceada? Ll\u00e1mele como usted quiera, pero en ese sal\u00f3n donde se venera al Santo Patrono de los otros datos, \u00e9ste procede con total impunidad y la ley le importa un pito.<\/p>\n\n\n\n<p class=\"wp-block-paragraph\">Ah\u00ed, en el Sal\u00f3n de la Tesorer\u00eda, Andr\u00e9s Manuel I puede hacer trizas o elevar a la fama mundana, a un pol\u00edtico opositor y hasta a cualquier integrante de su equipo porque \u00e9l es el due\u00f1o de la verdad y solo la verdad. \u00bfA poco no?<\/p>\n\n\n\n<p class=\"wp-block-paragraph\">Pero, f\u00edjese que el licenciado presidente nos result\u00f3 plagiario, igualito que Mart\u00ed Batres cuando en la LVIII Legislatura federal se descubri\u00f3 que se refriteaba iniciativas presentadas en la entonces Asamblea Legislativa del Distrito Federal y las expon\u00eda en el pleno de la C\u00e1mara de Diputados.<\/p>\n\n\n\n<p class=\"wp-block-paragraph\">Aunque Mart\u00ed, entonces diputado federal del PRD, no es ni ha sido ni ser\u00e1 el \u00fanico plagiario de iniciativas propias y ajenas. Ha habido diputados de otros partidos que, con esas ansias de novillero y novillera, se fusilan propuestas de reforma constitucional o de leyes secundarias.<\/p>\n\n\n\n<p class=\"wp-block-paragraph\">As\u00ed, el licenciado presidente, escritor, historiador, polit\u00f3logo, experto en relaciones internacionales y otros etc\u00e9teras, nos sali\u00f3 m\u00e1s cabr\u00f3n que bonito. Adem\u00e1s de mentir ol\u00edmpica e impunemente, se fusila ideas de iniciativa de reforma y, en ese \u00e1nimo de cacomixtle de las letras, hasta la historia tergiversa y miente haci\u00e9ndose el inocente e inexperto.<\/p>\n\n\n\n<p class=\"wp-block-paragraph\">En serio. Y la colega&nbsp;Adriana Estela Flores, reportera de&nbsp;<em>IMER Noticias&nbsp;<\/em>le dio la pauta&nbsp;cuando le record\u00f3 aquel acto en la plaza principal de Toluca, Estado de M\u00e9xico, en el que los aspirantes a la nominaci\u00f3n de Morena para contender por la Presidencia de la Rep\u00fablica.<\/p>\n\n\n\n<p class=\"wp-block-paragraph\">Ya hubo una denuncia por parte del PAN y el PRD ante el INE por actos anticipados de campa\u00f1a, le refiri\u00f3 Adriana Estela y le pregunt\u00f3 \u00bfc\u00f3mo ve esa denuncia?, adem\u00e1s de las expresiones que ha hecho el senador Ricardo Monreal respecto a que es un timbre de orgullo el que haya sido excluido de este acto y que \u00e9l dice que \u00e9l va a ser el presidente de la conciliaci\u00f3n nacional, presidente. Gracias.<\/p>\n\n\n\n<p class=\"wp-block-paragraph\"><strong>Andr\u00e9s Manuel I evit\u00f3 opinar respecto de lo dicho por Monreal \u00c1vila<\/strong>&nbsp;y pretendi\u00f3 salirse por la tangente<\/p>\n\n\n\n<p class=\"wp-block-paragraph\">\u201cPues eso es un asunto de los partidos\u201d, dijo y se lanz\u00f3 por en\u00e9sima contra la oposici\u00f3n legislativa, la misma que declar\u00f3 la moratoria constitucional que no legislativa, pero Andr\u00e9s Manuel I minti\u00f3, porque no le queda la ingenuidad, y sostuvo que \u201ceso de que no van a legislar o que no van a aprobar nada de lo que env\u00ede el Ejecutivo al Congreso. Entonces \u00bfpara qu\u00e9 es el Poder Legislativo? Su funci\u00f3n es legislar\u201d.<\/p>\n\n\n\n<p class=\"wp-block-paragraph\">Incluso, no se r\u00eda, sostuvo:<\/p>\n\n\n\n<p class=\"wp-block-paragraph\">\u201cSi yo actuara de mala fe, hasta dir\u00eda que mantengan ah\u00ed a los mismos dirigentes de estos partidos, porque nos ayudan, parecen promotores de la transformaci\u00f3n, s\u00ed, es como para decir:Va por M\u00e9xico, aguanten, aguanta, el pueblo se levanta. La verdad, muy mal\u201d.<\/p>\n\n\n\n<p class=\"wp-block-paragraph\">Y de la gracejada pas\u00f3 a la defensa de su movimiento, de Morena, del que dice tiene licencia pero se despacha con la cuchara grande, a militantes y no militantes los ve rete listos, muy despiertos porque, adujo, \u201cya no quieren dirigentes sin principios, sin ideales, ya no, ya eso se termin\u00f3. La gente quiere que los representen personas con principios, con ideales, no politiqueros y, a diferencia de lo que piensan los politiqueros, la gente se da cuenta de todo, ya no es el tiempo de antes\u201d.<\/p>\n\n\n\n<p class=\"wp-block-paragraph\">Y, cuando refiri\u00f3 que seguir\u00e1 con el env\u00edo de iniciativas presumi\u00f3: \u201cvoy a enviar la iniciativa para que no haya el cambio de horario\u201d.<\/p>\n\n\n\n<p class=\"wp-block-paragraph\"><strong>&#8212;<\/strong>\u00bfCu\u00e1ndo la enviar\u00eda? -Le preguntaron-.<\/p>\n\n\n\n<p class=\"wp-block-paragraph\"><strong>&#8212;<\/strong>Ya la semana pr\u00f3xima\u2014respondi\u00f3 y explic\u00f3<strong>:<\/strong>&nbsp;\u201cA cualquiera de las c\u00e1maras, pero la voy a enviar porque ya tengo los estudios y tengo una encuesta, le preguntamos a la gente, y ya la semana que viene la voy a enviar. Si no quieren votar o la rechazan, pues ni modo, pero ya cumpl\u00ed.<\/p>\n\n\n\n<p class=\"wp-block-paragraph\"><strong>Explic\u00f3 que ya se hizo la encuesta y \u201c<\/strong>71 por ciento a favor de que se cambie o, mejor dicho, que se quite\u201d, blofe\u00f3.<\/p>\n\n\n\n<p class=\"wp-block-paragraph\"><strong>Luego le plantearon que, de no aprobarse,<\/strong>&nbsp;\u00bfser\u00eda decreto, presidente?<\/p>\n\n\n\n<p class=\"wp-block-paragraph\"><strong>&#8212;<\/strong>Lo mejor es que sea en el Congreso&#8211;expuso.<\/p>\n\n\n\n<p class=\"wp-block-paragraph\"><strong>&#8212;<\/strong>Pero fue un decreto presidente\u2014le recordaron incluso que fue Ernesto Zedillo.<\/p>\n\n\n\n<p class=\"wp-block-paragraph\"><strong>&#8212;<\/strong>S\u00ed&#8212;justific\u00f3. Pero es mejor que sea una reforma a alguna de las leyes secundarias, para que no sea reforma constitucional.<\/p>\n\n\n\n<p class=\"wp-block-paragraph\">En serio, en serio. \u00a1Vaya manera de mentir!, y buscarle chichis a las hormigas. \u00bfPara qu\u00e9 una reforma cuando con un decreto es legal y posible borrar al Horario de Verano? Pues s\u00ed, pero el Duce es como el queso de Oaxaca y se enreda en sus mentiras.<\/p>\n\n\n\n<p class=\"wp-block-paragraph\">Y es que, mire usted: el horario de verano inici\u00f3 el 5 de enero de 1996, por decreto el entonces presidente Ernesto Zedillo. Y entr\u00f3 en operaci\u00f3n el primer domingo de abril.<\/p>\n\n\n\n<p class=\"wp-block-paragraph\">\u00a1Al plagiario!, \u00a1al plagiario!, casi grit\u00f3&nbsp;Olga Luz Espinosa Morales, diputada federal de la bancada del PRD quien le reclam\u00f3 al licenciado presidente L\u00f3pez Obrador el plagio de una iniciativa de su autor\u00eda.<\/p>\n\n\n\n<p class=\"wp-block-paragraph\">En efecto, Olga Luz present\u00f3 la iniciativa para la desaparici\u00f3n del \u201cHorario de Verano\u201d, publicada en la Gaceta parlamentaria el 26 de marzo pasado de este a\u00f1o pero su votaci\u00f3n se suspendi\u00f3 en el Pleno de la C\u00e1mara de Diputados el 27 de abril por falta de consenso de Morena, supuestamente para discutir el tema hasta septiembre pr\u00f3ximo.&nbsp;Y, \u00a1sopas!, que la anuncia el Santo Patrono de los otros datos como idea personal.<\/p>\n\n\n\n<p class=\"wp-block-paragraph\">Lo interesante: la iniciativa anunciada por Su Alteza Seren\u00edsima para eliminar el \u201cHorario de Verano\u201d no requiere Mayor\u00eda Calificada, como s\u00ed es el caso de las iniciativas que tambi\u00e9n anunci\u00f3 que enviar\u00e1 al Congreso sobre Guardia Nacional y Reforma Electoral, y para las cuales s\u00ed se requiere el respaldo opositor; pero no se conceder\u00e1 por ser violatorias de la Constituci\u00f3n, le record\u00f3 la diputada Espinosa Morales.<\/p>\n\n\n\n<p class=\"wp-block-paragraph\"><strong>\u00bfQu\u00e9 le parece?<\/strong>&nbsp;Y s\u00famele una enorme mentira dicha en vivo y a todo color, de costa a costa y de frontera a frontera, como una barnizada de cultura que suele aparejar el licenciado presidente para la barra mercenaria y contados colegas, reporteros de verdad que acuden a la ma\u00f1anera.<\/p>\n\n\n\n<p class=\"wp-block-paragraph\">Hablaba acerca de su cliente y referente favorito, Don Benito Ju\u00e1rez, de una an\u00e9cdota que cont\u00f3 el 5 de mayo pasado en Puebla, respecto de un pasaje inventado en Noticias del Imperio por el escritor Fernando del Paso Morante y, bueno, bueno, sostuvo que&nbsp;<strong>\u201cese gran escritor, finado, que mereci\u00f3 el Premio Nobel de Literatura, de los mejores escritores de M\u00e9xico (\u2026)\u201d.<\/strong><\/p>\n\n\n\n<p class=\"wp-block-paragraph\">Y nadie lo reconvino. \u00a1Total!, se trata de Su Alteza Seren\u00edsima, sabelotodo que levita por encima de cualquier mexicano medianamente le\u00eddo y estudiado,<\/p>\n\n\n\n<p class=\"wp-block-paragraph\">M\u00e1s adelante, en la ma\u00f1anera de media semana, justo cuando se rinde el parte del qui\u00e9n es qui\u00e9n en las mentiras de la semana, por la bachiller Ana Elizabeth Garc\u00eda Vilchis, en el que sin duda debe ser parte sobresaliente porque miente como respira, en defensa de su hijo mayor por aquello de la Casa Gris, esgrimi\u00f3:<\/p>\n\n\n\n<p class=\"wp-block-paragraph\">\u201cPero yo lo que estimo m\u00e1s importante en mi vida es la honestidad y yo no establezco relaciones de complicidad con nadie, y cuando digo: nadie, incluyo a mis hijos y a mis familiares; si no, ya me hubiesen destrozado estos mafiosos con sus voceros, no hubiese yo resistido. Mi escudo, lo que me protege es mi honestidad\u201d.<\/p>\n\n\n\n<p class=\"wp-block-paragraph\">En serio, lo dijo el licenciado presidente. \u00a1Caray!, nos sali\u00f3 plagiario y mentirosillo.<\/p>\n\n\n\n<p class=\"wp-block-paragraph\">\u00a1Ah!, y no olvidar los 20 milloncejos con los que, dice, su se\u00f1or padre compr\u00f3 La Chingada que le hered\u00f3. Consentido, chiqueado, pero \u00bfde d\u00f3nde, ap\u00e1? Marcelo conoce la historia. Digo.<\/p>\n\n\n\n<p class=\"wp-block-paragraph\"><a href=\"mailto:sanchezlimon@gmail.com\" target=\"_blank\" rel=\"noreferrer noopener\">sanchezlimon@gmail.com<\/a>&nbsp;&nbsp;<\/p>\n\n\n\n<p class=\"wp-block-paragraph\">&nbsp;<a href=\"http:\/\/www.entresemana.mx\/\" target=\"_blank\" rel=\"noreferrer noopener\">www.entresemana.mx<\/a>&nbsp;&nbsp;<\/p>\n\n\n\n<p class=\"wp-block-paragraph\"><strong>&nbsp;@msanchezlimon&nbsp;&nbsp;<\/strong><\/p>\n\n\n\n<p class=\"wp-block-paragraph\"><strong>&nbsp;@msanchezlimon1<\/strong><\/p>\n","protected":false},"excerpt":{"rendered":"<p>En todo el mundo es sabido, incluso de sus fervientes admiradores aunque se hagan que la virgen les habla, que su alteza seren\u00edsima miente como respira y nadie, nadie es nadie, en la ma\u00f1anera se atreve a reconvenirlo.<\/p>\n","protected":false},"author":3,"featured_media":41799,"comment_status":"open","ping_status":"open","sticky":false,"template":"","format":"standard","meta":{"_monsterinsights_skip_tracking":false,"footnotes":""},"categories":[693,105,83,35],"tags":[],"class_list":["post-51785","post","type-post","status-publish","format-standard","has-post-thumbnail","category-693","category-entresemana","category-moises-sanchez-limon","category-opinion"],"_links":{"self":[{"href":"https:\/\/redsemlac.com\/semmexico\/wp-json\/wp\/v2\/posts\/51785","targetHints":{"allow":["GET"]}}],"collection":[{"href":"https:\/\/redsemlac.com\/semmexico\/wp-json\/wp\/v2\/posts"}],"about":[{"href":"https:\/\/redsemlac.com\/semmexico\/wp-json\/wp\/v2\/types\/post"}],"author":[{"embeddable":true,"href":"https:\/\/redsemlac.com\/semmexico\/wp-json\/wp\/v2\/users\/3"}],"replies":[{"embeddable":true,"href":"https:\/\/redsemlac.com\/semmexico\/wp-json\/wp\/v2\/comments?post=51785"}],"version-history":[{"count":0,"href":"https:\/\/redsemlac.com\/semmexico\/wp-json\/wp\/v2\/posts\/51785\/revisions"}],"wp:featuredmedia":[{"embeddable":true,"href":"https:\/\/redsemlac.com\/semmexico\/wp-json\/wp\/v2\/media\/41799"}],"wp:attachment":[{"href":"https:\/\/redsemlac.com\/semmexico\/wp-json\/wp\/v2\/media?parent=51785"}],"wp:term":[{"taxonomy":"category","embeddable":true,"href":"https:\/\/redsemlac.com\/semmexico\/wp-json\/wp\/v2\/categories?post=51785"},{"taxonomy":"post_tag","embeddable":true,"href":"https:\/\/redsemlac.com\/semmexico\/wp-json\/wp\/v2\/tags?post=51785"}],"curies":[{"name":"wp","href":"https:\/\/api.w.org\/{rel}","templated":true}]}}