{"id":51779,"date":"2022-06-16T09:36:10","date_gmt":"2022-06-16T15:36:10","guid":{"rendered":"https:\/\/redsemlac.com\/semmexico\/?p=51779"},"modified":"2023-07-21T19:06:58","modified_gmt":"2023-07-22T00:06:58","slug":"mas-de-14-decadas-para-que-america-logre-la-paridad-de-genero-sino-se-acelera-el-paso","status":"publish","type":"post","link":"https:\/\/redsemlac.com\/semmexico\/mas-de-14-decadas-para-que-america-logre-la-paridad-de-genero-sino-se-acelera-el-paso\/","title":{"rendered":"M\u00e1s de 14 d\u00e9cadas para que Am\u00e9rica logre la paridad de g\u00e9nero sino se acelera el paso"},"content":{"rendered":"\n<p class=\"wp-block-paragraph\">Cuando las mujeres gobiernan hay mayor impacto positivo en todo:&nbsp; la productividad, bienestar social y desarrollo<\/p>\n\n\n\n<p class=\"wp-block-paragraph\">La muestra fue la innovaci\u00f3n y la capacidad de respuesta, de algunas jefas de Estado o Gobierno, durante la pandemia del COVID-19.<\/p>\n\n\n\n<p class=\"wp-block-paragraph\">Astrid Espinoza Nieto<\/p>\n\n\n\n<p class=\"wp-block-paragraph\">SemM\u00e9xico. Ciudad de M\u00e9xico, 16 de junio, 2022.- De continuar las cosas como est\u00e1n actualmente en materia de equidad de g\u00e9nero, los pa\u00edses que conforman el Continente Americano, tardar\u00e1n m\u00e1s de 145 a\u00f1os en lograr la paridad de g\u00e9nero en la pol\u00edtica, seg\u00fan datos del Global Gender Gap Report 2021, advierte Task Force Interamericano sobre Liderazgo de las Mujeres.<\/p>\n\n\n\n<p class=\"wp-block-paragraph\">Presentada en la reciente Cumbre de las Am\u00e9ricas, la publicaci\u00f3n titulada \u201cUn llamado a la Acci\u00f3n para Impulsar el Liderazgo de las Mujeres y la Democracia Paritaria en las Am\u00e9ricas\u201d, \u2018a la escasa presencia de mujeres en la toma de decisiones, por los impactos diferenciados de la pandemia por covid-19, tomar\u00e1 135,6 a\u00f1os cerrar la brecha de g\u00e9nero en todo el mundo.<\/p>\n\n\n\n<p class=\"wp-block-paragraph\">Discutida en una mesa especial en Los \u00c1ngeles, plante\u00f3 que el desarrollo, la econom\u00eda, la justicia, la salud, la educaci\u00f3n, la paz y seguridad, fueron concebidas desde una perspectiva ajena a las necesidades espec\u00edficas de las mujeres, ignorando el activo de sus aportes para la sociedad.<\/p>\n\n\n\n<p class=\"wp-block-paragraph\">Y para muestra, un bot\u00f3n. Las mujeres ocupan en promedio el 34.6 por ciento de los esca\u00f1os en los Congresos de las Am\u00e9ricas, mientras que el 24.9 por ciento de los cargos en los gobiernos locales de la regi\u00f3n y un escaso 15.5 por ciento en de las alcald\u00edas, en Am\u00e9rica Latina, donde 5 pa\u00edses han legislado sobre paridad, entre ellos M\u00e9xico.<\/p>\n\n\n\n<p class=\"wp-block-paragraph\">Este an\u00e1lisis advierte que no habr\u00e1 recuperaci\u00f3n de la crisis planteada por el covid19 sin el fortalecimiento de la gobernabilidad democr\u00e1tica, hoy inconcebible sin las mujeres en la toma de decisiones. Y llam\u00f3 al di\u00e1logo y la acci\u00f3n de los gobiernos de las am\u00e9ricas para empujar el proceso paritario desde una pol\u00edtica de Estado.<\/p>\n\n\n\n<p class=\"wp-block-paragraph\"><strong>El Retroceso<\/strong><\/p>\n\n\n\n<p class=\"wp-block-paragraph\">En los \u00faltimos treinta a\u00f1os, s\u00f3lo catorce mujeres han sido Jefas de Estado y de Gobierno en Am\u00e9rica Latina y el Caribe y pas\u00f3 de &nbsp;la regi\u00f3n con el mayor n\u00famero de Jefas de Estado y de Gobierno del mundo en 2014 &nbsp;(cinco mandatarias simult\u00e1neamente),al hoy donde &nbsp;\u00fanicamente Honduras cuenta con una mujer presidenta; dos mujeres son jefas &nbsp;de Estado en Barbados y Trinidad y Tobago, dice el Task Force Interamericano sobre Liderazgo de las Mujeres, que surgi\u00f3 con el compromiso de promover la igualdad de g\u00e9nero y el empoderamiento de las mujeres.<\/p>\n\n\n\n<p class=\"wp-block-paragraph\">El documento se\u00f1ala que el liderazgo de las mujeres constituye un elemento transversal en todas las discusiones, pero tiene una particular relevancia en relaci\u00f3n con la gobernabilidad, puesto que la participaci\u00f3n de las mujeres en los espacios de toma de decisiones es fundamental para la democracia, el desarrollo sostenible y la recuperaci\u00f3n de la regi\u00f3n.<\/p>\n\n\n\n<p class=\"wp-block-paragraph\">Recuerda que los estados tienen obligaciones y compromisos con los derechos humanos de las mujeres, asumidos en los instrumentos internacionales, en los acuerdos de las distintas conferencias mundiales y regionales -incluida la \u00faltima Cumbre de las Am\u00e9ricas-, lugar donde se present\u00f3 este documento y en la Agenda 2030 para el Desarrollo Sostenible.<\/p>\n\n\n\n<p class=\"wp-block-paragraph\">En este sentido, el organismo internacional creado a ra\u00edz de la \u201cVIII Cumbre de las Am\u00e9ricas para impulsar el liderazgo de las mujeres\u201d, destaca que existen desaf\u00edos pendientes para alcanzar la paridad, la igualdad sustantiva y la autonom\u00eda de las mujeres que todav\u00eda enfrenta resistencias y encuentra obst\u00e1culos.<\/p>\n\n\n\n<p class=\"wp-block-paragraph\">Considera que la aspiraci\u00f3n es alcanzar una democracia paritaria en la cual, la igualdad sustantiva y la paridad sean ejes vertebradores de las transformaciones impulsadas por estados inclusivos.<\/p>\n\n\n\n<p class=\"wp-block-paragraph\">Abordar el liderazgo de las mujeres implica reconocer el aporte de la diversidad y el valor de la pluralidad en la gobernabilidad democr\u00e1tica. Los espacios de toma de decisi\u00f3n se enriquecen cuando la diversidad de las personas y sus diferentes identidades, experiencias y aportes son reconocidos e incluidos en di\u00e1logos participativos y reflejados en las agendas.<\/p>\n\n\n\n<p class=\"wp-block-paragraph\"><strong>Reconocer el valor se su liderazgo<\/strong><\/p>\n\n\n\n<figure class=\"wp-block-image size-large\"><a href=\"https:\/\/redsemlac.com\/semmexico\/wp-content\/uploads\/2022\/06\/llamadoalaaccion_Pagina_11-scaled.jpg\"><img decoding=\"async\" src=\"https:\/\/redsemlac.com\/semmexico\/wp-content\/uploads\/2022\/06\/llamadoalaaccion_Pagina_11-1024x663.jpg\" alt=\"\" class=\"wp-image-51781\"\/><\/a><\/figure>\n\n\n\n<p class=\"wp-block-paragraph\">Asimismo, es fundamental reconocer que, si bien los liderazgos de las mujeres son diversos y no todos impulsan una misma agenda, a lo largo de sus vidas las mujeres experimentan m\u00faltiples formas de discriminaci\u00f3n basada en g\u00e9nero, y existen desigualdades estructurales que impactan en sus perspectivas, intereses y propuestas.<\/p>\n\n\n\n<p class=\"wp-block-paragraph\">Para el Task Force Interamericano sobre Liderazgo de las Mujeres, la inclusi\u00f3n de sus voces en los debates y espacios de toma de decisi\u00f3n resulta, por lo tanto, fundamental para el avance de agendas que buscan transformar siglos de asimetr\u00edas de poder.<\/p>\n\n\n\n<p class=\"wp-block-paragraph\">El documento se\u00f1ala que la evidencia muestra que el ejercicio femenino en cargos pol\u00edticos genera m\u00e1s recursos a la inversi\u00f3n social, hay mayor preocupaci\u00f3n por el bienestar social y la protecci\u00f3n jur\u00eddica, y aumentan la confianza ciudadana en el gobierno.<\/p>\n\n\n\n<p class=\"wp-block-paragraph\">Asimismo, las participaciones de las mujeres en las decisiones p\u00fablicas tienen un impacto positivo en la productividad, la innovaci\u00f3n y la capacidad de respuesta, tal como ha sido destacada a nivel internacional la gesti\u00f3n de algunas jefas de Estado o Gobierno alrededor del mundo durante la pandemia del COVID-19.<\/p>\n\n\n\n<p class=\"wp-block-paragraph\">En el contexto de la pandemia del COVID-19, cobr\u00f3 mayor reconocimiento y valoraci\u00f3n el liderazgo de las mujeres en la primera l\u00ednea de la respuesta. Por ejemplo, en el sector de la salud, las mujeres son m\u00e1s de la mitad del total de profesionales m\u00e9dicos y nueve de cada diez profesionales de enfermer\u00eda de Am\u00e9rica Latina y el Caribe, quienes muchas veces forman parte de categor\u00edas de personal con remuneraciones b\u00e1sicas, con autonom\u00eda m\u00ednima sobre flexibilidad en el trabajo y con una mayor exposici\u00f3n de riesgo a infecciones y contagios.<\/p>\n\n\n\n<p class=\"wp-block-paragraph\">Pero esta crucial contribuci\u00f3n en el cuidado de la salud tuvo en contraposici\u00f3n una participaci\u00f3n limitada en la toma de decisiones sobre la respuesta durante la pandemia.<\/p>\n\n\n\n<p class=\"wp-block-paragraph\">No obstante, lo anterior, el organismo internacional reconoci\u00f3 algunos avances entre los que destacan el hecho de que nueve pa\u00edses de Am\u00e9rica Latina tienen norma de paridad en su legislaci\u00f3n electoral y otros nueve cuentan con leyes de cuota entre el 20 y el 40 por ciento de representaci\u00f3n por sexo en las candidaturas electorales, lo que ha contribuido de manera importante al avance hacia el equilibrio representativo en la pol\u00edtica.<\/p>\n\n\n\n<figure class=\"wp-block-image size-large\"><a href=\"https:\/\/redsemlac.com\/semmexico\/wp-content\/uploads\/2022\/06\/llamadoalaaccion_Pagina_12-scaled.jpg\"><img decoding=\"async\" src=\"https:\/\/redsemlac.com\/semmexico\/wp-content\/uploads\/2022\/06\/llamadoalaaccion_Pagina_12-1024x635.jpg\" alt=\"\" class=\"wp-image-51782\"\/><\/a><\/figure>\n\n\n\n<p class=\"wp-block-paragraph\"><strong>M\u00e9xico<\/strong><\/p>\n\n\n\n<p class=\"wp-block-paragraph\">De M\u00e9xico destaca la reforma constitucional conocida como \u201cParidad en Todo\u201d, que establece el mandato de paridad para todos los cargos de los tres poderes del estado, en los tres \u00f3rdenes de gobierno, en los organismos aut\u00f3nomos, en la administraci\u00f3n p\u00fablica, como las candidaturas de los partidos pol\u00edticos a cargos de elecci\u00f3n popular, as\u00ed como en la elecci\u00f3n de representantes ante los ayuntamientos en los municipios con poblaci\u00f3n ind\u00edgena.<\/p>\n\n\n\n<p class=\"wp-block-paragraph\">Por su parte, y gracias tambi\u00e9n a la fuerza del movimiento feminista y las mujeres en espacios de decisi\u00f3n, Chile aprob\u00f3 una ley de paridad para las elecciones de convencionales constituyentes logrando con ello la primera Constituyente paritaria del mundo.<\/p>\n\n\n\n<p class=\"wp-block-paragraph\">En 2020, Ecuador aprob\u00f3 reformas a su ley electoral entre las cuales se dispone la paridad de g\u00e9nero en el encabezamiento de las listas para las elecciones seccionales (provinciales, municipales y parroquiales), aunque se aplicar\u00e1 progresivamente: el 30 por ciento en 2023, y el 50 por ciento en las elecciones de 2027.<\/p>\n\n\n\n<p class=\"wp-block-paragraph\">En Costa Rica se dio una jurisprudencia emblem\u00e1tica en la interpretaci\u00f3n de la Ley de Paridad por parte del Tribunal Electoral, lo cual permiti\u00f3 extender el concepto y las garant\u00edas a la paridad horizontal en el encabezamiento de listas electorales plurinominales, tanto para los cuerpos deliberativos de los municipios como para las diputaciones.<\/p>\n\n\n\n<p class=\"wp-block-paragraph\">Per\u00fa estableci\u00f3 en 2020 que las candidaturas a las gubernaturas y vicegubernaturas regionales de las organizaciones pol\u00edticas deben respetar la paridad y alternancia y que, del total de circunscripciones, la mitad debe estar encabezada por una mujer o un hombre.<\/p>\n\n\n\n<p class=\"wp-block-paragraph\">Por otro lado, la violencia contra las mujeres en la vida pol\u00edtica es un obst\u00e1culo importante a su participaci\u00f3n y empoderamiento.<\/p>\n\n\n\n<p class=\"wp-block-paragraph\">En este sentido, se destaca la incidencia estrat\u00e9gica de las mujeres municipalistas de Bolivia, quienes, a trav\u00e9s de sus denuncias y abogac\u00eda, hicieron visible el acoso y la violencia contra las mujeres candidatas y representantes del \u00e1mbito local y nacional, lo que contribuy\u00f3 a la aprobaci\u00f3n de la primera ley espec\u00edfica de la regi\u00f3n contra el acoso y la violencia pol\u00edtica hacia las mujeres en 2012.<\/p>\n\n\n\n<p class=\"wp-block-paragraph\">Este avance fue inspirador a nivel regional y mundial, tanto que en la actualidad ya once pa\u00edses de Am\u00e9rica Latina cuentan con alguna medida legal para el abordaje de esta violencia, ya sea v\u00eda leyes espec\u00edficas o mediante su incorporaci\u00f3n en otros marcos normativos.<\/p>\n\n\n\n<p class=\"wp-block-paragraph\">En estos procesos, ha sido relevante la Ley Modelo Interamericana para Prevenir, Sancionar y Erradicar la Violencia contra las Mujeres en la Vida Pol\u00edtica, que proporciona a los Estados el marco legal necesario para asegurar el derecho de las mujeres a una vida pol\u00edtica libre de violencia de acuerdo con lo establecido en la Convenci\u00f3n de Bel\u00e9m do Par\u00e1 y que ha servido de fundamento para la mayor\u00eda de las leyes aprobadas en la regi\u00f3n.<\/p>\n\n\n\n<p class=\"wp-block-paragraph\">Los Desaf\u00edos<\/p>\n\n\n\n<figure class=\"wp-block-image size-large\"><a href=\"https:\/\/redsemlac.com\/semmexico\/wp-content\/uploads\/2022\/06\/llamadoalaaccion_Pagina_18.jpg\"><img decoding=\"async\" src=\"https:\/\/redsemlac.com\/semmexico\/wp-content\/uploads\/2022\/06\/llamadoalaaccion_Pagina_18-1024x663.jpg\" alt=\"\" class=\"wp-image-51783\"\/><\/a><\/figure>\n\n\n\n<p class=\"wp-block-paragraph\">Sin embargo, de cara a la \u201cXI Cumbre de las Am\u00e9ricas sobre los desaf\u00edos para la gobernabilidad democr\u00e1tica en la regi\u00f3n y la participaci\u00f3n de las mujeres en ella\u201d, la publicaci\u00f3n insiste en la necesidad de acelerar el paso y plantea trabajar en:<\/p>\n\n\n\n<ol class=\"wp-block-list\" type=\"1\"><li>Redoblar los esfuerzos y el compromiso para que la paridad de g\u00e9nero sea una pol\u00edtica de Estado y para asegurar el acceso de las mujeres en condiciones de igualdad a los puestos de toma de decisiones en todos los poderes y \u00e1mbitos del Estado, incluido el poder judicial, y en los gobiernos nacionales, sub nacionales y locales, por medio de iniciativas y medidas legislativas y de car\u00e1cter electoral que garanticen la representaci\u00f3n paritaria de las mujeres en todos los \u00e1mbitos y niveles del poder pol\u00edtico.<\/li><\/ol>\n\n\n\n<ul class=\"wp-block-list\"><li>Adoptar todas las medidas que sean necesarias, incluidos cambios a nivel legislativo y pol\u00edticas afirmativas, para asegurar la paridad, la inclusi\u00f3n y la alternancia \u00e9tnica y racial en todos los poderes del Estado.<\/li><\/ul>\n\n\n\n<ul class=\"wp-block-list\"><li>Apoyar el liderazgo de las mujeres en organizaciones sociales y pol\u00edticas, impulsando la participaci\u00f3n democr\u00e1tica paritaria, el fortalecimiento institucional y las capacidades de incidencia de las organizaciones de la sociedad civil, los movimientos de mujeres y feministas, y en particular el liderazgo de las adolescentes, j\u00f3venes, ind\u00edgenas, afrodescendientes, mujeres rurales, mujeres migrantes, mujeres que viven con VIH\/SIDA<\/li><\/ul>\n\n\n\n<ul class=\"wp-block-list\"><li>Los Estados Partes tomar\u00e1n todas las medidas apropiadas para modificar los patrones socioculturales de conducta de hombres y mujeres, con miras a alcanzar la eliminaci\u00f3n de los prejuicios y las pr\u00e1cticas consuetudinarias y de cualquier otra \u00edndole que est\u00e9n basados en la idea de la inferioridad o superioridad de cualquiera de los sexos.<\/li><\/ul>\n\n\n\n<ul class=\"wp-block-list\"><li>Alentar esfuerzos sostenidos para garantizar, desde un enfoque interseccional, la protecci\u00f3n de los derechos humanos de las mujeres que participan en la vida pol\u00edtica y p\u00fablica, de las defensoras de los derechos humanos y de las mujeres periodistas y condenar la violencia pol\u00edtica contra las mujeres, incluida la que se ejerce contra ellas cuando acceden a los espacios de toma de decisiones.<\/li><\/ul>\n\n\n\n<ul class=\"wp-block-list\"><li>Impulsar medidas, incluyendo las presupuestarias, para posibilitar que las defensoras de derechos humanos, en especial de derechos pol\u00edticos y las organizaciones feministas y de mujeres reciban el apoyo y la protecci\u00f3n de las instituciones del estado, incluyendo asegurar su participaci\u00f3n en los procesos de elaboraci\u00f3n de pol\u00edticas p\u00fablicas y acceso a la justicia.<\/li><\/ul>\n\n\n\n<ul class=\"wp-block-list\"><li>Impulsar sistemas integrales de cuidado, desde las perspectivas de g\u00e9nero, derechos humanos, e interculturalidad, que promuevan la corresponsabilidad entre mujeres y hombres y entre el Estado, el mercado, las familias y la comunidad y que incluyan pol\u00edticas articuladas en materia de tiempo, recursos, prestaciones y servicios p\u00fablicos universales y de calidad para satisfacer las distintas necesidades de cuidado de la poblaci\u00f3n.<\/li><\/ul>\n\n\n\n<p class=\"wp-block-paragraph\">Para las 13 instituciones que conforman \u201cTask Force Interamericano sobre Liderazgo de las Mujeres\u201d, la IX Cumbre de las Am\u00e9ricas represent\u00f3 una gran oportunidad para renovar los compromisos y las obligaciones de los estados para el fortalecimiento de la democracia paritaria y el logro de la igualdad sustantiva.<\/p>\n\n\n\n<p class=\"wp-block-paragraph\">Por lo anterior, hace un llamado a la acci\u00f3n para impulsar el liderazgo de las mujeres y la democracia paritaria en las Am\u00e9ricas. De lo contrario tendr\u00e1n que pasar m\u00e1s de 14 d\u00e9cadas para lograr el objetivo, lo que mantendr\u00e1 a las mujeres en una situaci\u00f3n lastimosa y de desventaja.<\/p>\n","protected":false},"excerpt":{"rendered":"<p>De continuar las cosas como est\u00e1n actualmente en materia de equidad de g\u00e9nero, los pa\u00edses que conforman el Continente Americano, tardar\u00e1n m\u00e1s de 145 a\u00f1os en lograr la paridad de g\u00e9nero en la pol\u00edtica<\/p>\n","protected":false},"author":3,"featured_media":51780,"comment_status":"open","ping_status":"open","sticky":false,"template":"","format":"standard","meta":{"_monsterinsights_skip_tracking":false,"footnotes":""},"categories":[693,27,53],"tags":[],"class_list":["post-51779","post","type-post","status-publish","format-standard","has-post-thumbnail","category-693","category-cobertura-especial","category-internacional"],"_links":{"self":[{"href":"https:\/\/redsemlac.com\/semmexico\/wp-json\/wp\/v2\/posts\/51779","targetHints":{"allow":["GET"]}}],"collection":[{"href":"https:\/\/redsemlac.com\/semmexico\/wp-json\/wp\/v2\/posts"}],"about":[{"href":"https:\/\/redsemlac.com\/semmexico\/wp-json\/wp\/v2\/types\/post"}],"author":[{"embeddable":true,"href":"https:\/\/redsemlac.com\/semmexico\/wp-json\/wp\/v2\/users\/3"}],"replies":[{"embeddable":true,"href":"https:\/\/redsemlac.com\/semmexico\/wp-json\/wp\/v2\/comments?post=51779"}],"version-history":[{"count":0,"href":"https:\/\/redsemlac.com\/semmexico\/wp-json\/wp\/v2\/posts\/51779\/revisions"}],"wp:featuredmedia":[{"embeddable":true,"href":"https:\/\/redsemlac.com\/semmexico\/wp-json\/wp\/v2\/media\/51780"}],"wp:attachment":[{"href":"https:\/\/redsemlac.com\/semmexico\/wp-json\/wp\/v2\/media?parent=51779"}],"wp:term":[{"taxonomy":"category","embeddable":true,"href":"https:\/\/redsemlac.com\/semmexico\/wp-json\/wp\/v2\/categories?post=51779"},{"taxonomy":"post_tag","embeddable":true,"href":"https:\/\/redsemlac.com\/semmexico\/wp-json\/wp\/v2\/tags?post=51779"}],"curies":[{"name":"wp","href":"https:\/\/api.w.org\/{rel}","templated":true}]}}