{"id":51776,"date":"2022-06-15T15:37:43","date_gmt":"2022-06-15T21:37:43","guid":{"rendered":"https:\/\/redsemlac.com\/semmexico\/?p=51776"},"modified":"2023-07-21T19:06:58","modified_gmt":"2023-07-22T00:06:58","slug":"combatir-abuso-contra-adultos-mayores-prioridad-de-mecanismos-internacionales-contra-envejecimiento","status":"publish","type":"post","link":"https:\/\/redsemlac.com\/semmexico\/combatir-abuso-contra-adultos-mayores-prioridad-de-mecanismos-internacionales-contra-envejecimiento\/","title":{"rendered":"Combatir abuso contra adultos mayores, prioridad de mecanismos internacionales contra envejecimiento"},"content":{"rendered":"\n<p class=\"wp-block-paragraph\">Griselda Mendoza<\/p>\n\n\n\n<p class=\"wp-block-paragraph\">SemM\u00e9xico, Ciudad de M\u00e9xico, 15 de junio de 2022.- De acuerdo con el Plan de Acci\u00f3n Internacional de Madrid sobre el Envejecimiento (MIPAA) el maltrato contra adultos mayores a nivel global se registra de tres formas: negligencia, violencia y abuso.<\/p>\n\n\n\n<p class=\"wp-block-paragraph\">En el marco del D\u00eda Mundial de Toma de Conciencia del Abuso y Maltrato en la Vejez ; el MIPAA establece dos objetivos relacionados con la eliminaci\u00f3n de cualquier tipo de violencia contra los adultos mayores, que incluyen revisi\u00f3n de pol\u00edticas p\u00fablicas, promulgaci\u00f3n de leyes e iniciativas de sensibilizaci\u00f3n, informaci\u00f3n, capacitaci\u00f3n e investigaci\u00f3n sobre dicho fen\u00f3meno.<\/p>\n\n\n\n<p class=\"wp-block-paragraph\">En un comunicado la Organizaci\u00f3n de Naciones Unidas (ONU) precis\u00f3 que los 159 Estados Miembros que firmaron el MIPAA reafirmaron su compromiso para no escatimar esfuerzos y proteger los derechos humanos y libertades fundamentales, as\u00ed como la creaci\u00f3n de servicios de apoyo para abordar el maltrato contra personas mayores.<\/p>\n\n\n\n<p class=\"wp-block-paragraph\">Sin embargo, en ausencia de un est\u00e1ndar internacional sobre los derechos de las personas mayores, contin\u00faan las brechas entre la pol\u00edtica y pr\u00e1ctica, movilizaci\u00f3n de los recursos humanos y financieros necesarios, as\u00ed como el progreso desigual<br>.<\/p>\n\n\n\n<p class=\"wp-block-paragraph\">Este a\u00f1o, El primero es el inicio de la D\u00e9cada de las Naciones Unidas para el Envejecimiento Saludable (2021-2030), el cual marca el comienzo de diez a\u00f1os de colaboraci\u00f3n en el sector para mejorar la vida de las personas mayores, sus familias y sus comunidades.<\/p>\n\n\n\n<p class=\"wp-block-paragraph\">Cabe destacar que se conmemora el vig\u00e9simo aniversario de la Segunda Asamblea Mundial sobre el Envejecimiento y la cuarta revisi\u00f3n y evaluaci\u00f3n de la implementaci\u00f3n del Plan de Acci\u00f3n Internacional de Madrid sobre el Envejecimiento; ambos brindan la oportunidad de dar un empuje a la acci\u00f3n internacional para avanzar en la agenda del envejecimiento.<\/p>\n\n\n\n<p class=\"wp-block-paragraph\">El MIPAA representa la primera vez que los gobiernos acordaron vincular las cuestiones del envejecimiento con otros marcos para el desarrollo social y econ\u00f3mico y los derechos humanos.<\/p>\n","protected":false},"excerpt":{"rendered":"<p>Griselda Mendoza SemM\u00e9xico, Ciudad de M\u00e9xico, 15 de junio de 2022.- De acuerdo con el Plan de Acci\u00f3n Internacional de Madrid sobre el Envejecimiento (MIPAA) el maltrato contra adultos mayores a nivel global se registra de tres formas: negligencia, violencia y abuso. En el marco del D\u00eda Mundial de Toma de Conciencia del Abuso y [&hellip;]<\/p>\n","protected":false},"author":3,"featured_media":51777,"comment_status":"open","ping_status":"open","sticky":false,"template":"","format":"standard","meta":{"_monsterinsights_skip_tracking":false,"footnotes":""},"categories":[693,53],"tags":[],"class_list":["post-51776","post","type-post","status-publish","format-standard","has-post-thumbnail","category-693","category-internacional"],"_links":{"self":[{"href":"https:\/\/redsemlac.com\/semmexico\/wp-json\/wp\/v2\/posts\/51776","targetHints":{"allow":["GET"]}}],"collection":[{"href":"https:\/\/redsemlac.com\/semmexico\/wp-json\/wp\/v2\/posts"}],"about":[{"href":"https:\/\/redsemlac.com\/semmexico\/wp-json\/wp\/v2\/types\/post"}],"author":[{"embeddable":true,"href":"https:\/\/redsemlac.com\/semmexico\/wp-json\/wp\/v2\/users\/3"}],"replies":[{"embeddable":true,"href":"https:\/\/redsemlac.com\/semmexico\/wp-json\/wp\/v2\/comments?post=51776"}],"version-history":[{"count":0,"href":"https:\/\/redsemlac.com\/semmexico\/wp-json\/wp\/v2\/posts\/51776\/revisions"}],"wp:featuredmedia":[{"embeddable":true,"href":"https:\/\/redsemlac.com\/semmexico\/wp-json\/wp\/v2\/media\/51777"}],"wp:attachment":[{"href":"https:\/\/redsemlac.com\/semmexico\/wp-json\/wp\/v2\/media?parent=51776"}],"wp:term":[{"taxonomy":"category","embeddable":true,"href":"https:\/\/redsemlac.com\/semmexico\/wp-json\/wp\/v2\/categories?post=51776"},{"taxonomy":"post_tag","embeddable":true,"href":"https:\/\/redsemlac.com\/semmexico\/wp-json\/wp\/v2\/tags?post=51776"}],"curies":[{"name":"wp","href":"https:\/\/api.w.org\/{rel}","templated":true}]}}