{"id":5177,"date":"2018-08-22T16:16:15","date_gmt":"2018-08-22T16:16:15","guid":{"rendered":"https:\/\/redsemlac.com\/semmexico\/?p=5177"},"modified":"2023-07-21T14:32:44","modified_gmt":"2023-07-21T19:32:44","slug":"propone-diputada-modificar-codigo-penal-estatal","status":"publish","type":"post","link":"https:\/\/redsemlac.com\/semmexico\/propone-diputada-modificar-codigo-penal-estatal\/","title":{"rendered":"Propone diputada modificar C\u00f3digo Penal estatal."},"content":{"rendered":"\n<p class=\"wp-block-paragraph\"><a href=\"https:\/\/www.semmexico.com\/gallery-post.php?id=5633#\">Benny Cruz<\/a><\/p>\n\n\n\n<p class=\"wp-block-paragraph\">SemM\u00e9xico. Cd. Victoria, Tamaulipas. 22 de agosto de 2018.- Los delitos contra la familia han llegado ante las instancias legales con cinco mil, 626 expedientes presentados de enero a julio del presente a\u00f1o; siendo la violencia familiar la que acapara el indice delictivo con cuatro mil sesenta y nueve casos; de acuerdo al reporte de la Procuradur\u00eda de Justicia a trav\u00e9s del Secretario Ejecutivo Nacional.<br><br>En este tenor la diputada Mar\u00eda de Jes\u00fas Gurrola Arellano, ha propuesto que con el objeto de actualizar en el C\u00f3digo Penal para el Estado, se persiga de oficio la violencia familiar, homolog\u00e1ndola con la Ley General de Acceso de las Mujeres a una Vida Libre de Violencia.<br><br>Resalta la legisladora que con estas modificaciones, se perseguir\u00e1 de oficio el delito de violencia familiar, por lo que se hace m\u00e1s eficiente el mecanismo de sanci\u00f3n para los il\u00edcitos vinculados en esta materia.<br><br>A nivel federal con la reforma al C\u00f3digo Penal la violencia familiar se persiga de oficio y no por querella, por lo tanto no proceder\u00e1 el perd\u00f3n; adem\u00e1s de que cualquier persona podr\u00e1 hacer del conocimiento del Ministerio P\u00fablico este delito para que investigue y se dicten las medidas precautorias correspondientes.<br><br>En el plano estad\u00edstico el Secretariado Ejecutivo Nacional que concentra la estad\u00edstica delictiva de las entidades federativas, esta semana ha dado a conocer las cifras concentradas de los expedientes levantados de enero a julio del 2018.<br><br>En el conteo oficial se detalla que de los cinco mil 626 casos de delitos contra la familia, cuatro mil 069 son por violencia familiar, mil 126 por incumplimiento de obligaciones de asistencia familiar, 430 casos&nbsp; de otros delitos contra la familia, y un caso de violencia de g\u00e9nero en todas las modalidades distintas a la violencia familiar.<br><\/p>\n","protected":false},"excerpt":{"rendered":"<p>Benny Cruz SemM\u00e9xico. Cd. Victoria, Tamaulipas. 22 de agosto de 2018.- Los delitos contra la familia han llegado ante las instancias legales con cinco mil, 626 expedientes presentados de enero a julio del presente a\u00f1o; siendo la violencia familiar la que acapara el indice delictivo con cuatro mil sesenta y nueve casos; de acuerdo al [&hellip;]<\/p>\n","protected":false},"author":3,"featured_media":5178,"comment_status":"open","ping_status":"open","sticky":false,"template":"","format":"standard","meta":{"_monsterinsights_skip_tracking":false,"footnotes":""},"categories":[689,50],"tags":[],"class_list":["post-5177","post","type-post","status-publish","format-standard","has-post-thumbnail","category-689","category-congreso"],"_links":{"self":[{"href":"https:\/\/redsemlac.com\/semmexico\/wp-json\/wp\/v2\/posts\/5177","targetHints":{"allow":["GET"]}}],"collection":[{"href":"https:\/\/redsemlac.com\/semmexico\/wp-json\/wp\/v2\/posts"}],"about":[{"href":"https:\/\/redsemlac.com\/semmexico\/wp-json\/wp\/v2\/types\/post"}],"author":[{"embeddable":true,"href":"https:\/\/redsemlac.com\/semmexico\/wp-json\/wp\/v2\/users\/3"}],"replies":[{"embeddable":true,"href":"https:\/\/redsemlac.com\/semmexico\/wp-json\/wp\/v2\/comments?post=5177"}],"version-history":[{"count":0,"href":"https:\/\/redsemlac.com\/semmexico\/wp-json\/wp\/v2\/posts\/5177\/revisions"}],"wp:featuredmedia":[{"embeddable":true,"href":"https:\/\/redsemlac.com\/semmexico\/wp-json\/wp\/v2\/media\/5178"}],"wp:attachment":[{"href":"https:\/\/redsemlac.com\/semmexico\/wp-json\/wp\/v2\/media?parent=5177"}],"wp:term":[{"taxonomy":"category","embeddable":true,"href":"https:\/\/redsemlac.com\/semmexico\/wp-json\/wp\/v2\/categories?post=5177"},{"taxonomy":"post_tag","embeddable":true,"href":"https:\/\/redsemlac.com\/semmexico\/wp-json\/wp\/v2\/tags?post=5177"}],"curies":[{"name":"wp","href":"https:\/\/api.w.org\/{rel}","templated":true}]}}