{"id":51766,"date":"2022-06-15T13:54:59","date_gmt":"2022-06-15T19:54:59","guid":{"rendered":"https:\/\/redsemlac.com\/semmexico\/?p=51766"},"modified":"2023-07-21T19:06:59","modified_gmt":"2023-07-22T00:06:59","slug":"la-alianza-de-redes-feministas-nacionales-invita-a-la-segunda-jornada-abolicionista-trata-prostitucion-y-pornografia","status":"publish","type":"post","link":"https:\/\/redsemlac.com\/semmexico\/la-alianza-de-redes-feministas-nacionales-invita-a-la-segunda-jornada-abolicionista-trata-prostitucion-y-pornografia\/","title":{"rendered":"La Alianza de Redes Feministas Nacionales invita a la Segunda Jornada Abolicionista \u201cTrata, Prostituci\u00f3n y Pornograf\u00eda\u201d"},"content":{"rendered":"\n<p class=\"wp-block-paragraph\"><strong>Redacci\u00f3n<\/strong><\/p>\n\n\n\n<p class=\"wp-block-paragraph\">SemM\u00e9xico. Cd. de M\u00e9xico, 15 de junio de 2022.-&nbsp; La Alianza de Redes Feministas Nacionales realizar\u00e1 la Segunda Jornada Abolicionista \u201cTrata, Prostituci\u00f3n y Pornograf\u00eda\u201d como parte de las Jornadas Vindicaciones Feministas, Hablemos de los Siete Ejes de Opresi\u00f3n contra las Mujeres, que tiene por objetivo analizar las diversas formas de violencia que est\u00e1n viviendo las mujeres en M\u00e9xico.<\/p>\n\n\n\n<p class=\"wp-block-paragraph\">Las organizaciones convocantes se\u00f1alaron que dicha violencia se agrava debido al estado de emergencia nacional, la pandemia por la Covid 19, &nbsp;diversas decisiones de la administraci\u00f3n p\u00fablica federal; as\u00ed como confusi\u00f3n y&nbsp; uso incorrecto institucional de las categor\u00edas sexo y g\u00e9nero en marcos legales, situaci\u00f3n que debe visibilizarse.<\/p>\n\n\n\n<p class=\"wp-block-paragraph\">La Segunda Jornada Abolicionista \u201cTrata, Prostituci\u00f3n y Pornograf\u00eda\u201d contar\u00e1 con la participaci\u00f3n de importantes ponentes nacionales e internacionales quienes, desde una perspectiva feminista, abordar\u00e1n este tema en dos sesiones que se transmitir\u00e1n a trav\u00e9s de Facebook \u00a0en <strong><a href=\"https:\/\/www.facebook.com\/FNFABOLICIONISTA\/\">https:\/\/www.facebook.com\/FNFABOLICIONISTA\/<\/a><\/strong><\/p>\n\n\n\n<p class=\"wp-block-paragraph\">Ponentes viernes 17 de junio de 2022, 19:00 horas:&nbsp; Grethel Baeza, Soci\u00f3loga feminista radical abolicionista. \u25cfArgentina Casanova, Defensora feminista; &nbsp;Lupita Ramos, abogada feminista, Leticia Armijo, compositora y music\u00f3loga feminista.<\/p>\n\n\n\n<p class=\"wp-block-paragraph\">Ponentes del s\u00e1bado 18 de junio de 2022, a las 11:00 horas: Teresa Ulloa, defensora de v\u00edctimas de trata y explotaci\u00f3n sexual, &nbsp;Rosario Carracedo, abogada feminista (Espa\u00f1a),&nbsp; Rosa Cobo, soci\u00f3loga feminista (Espa\u00f1a) y Sonia S\u00e1nchez, Educadora popular y militante feminista (Argentina)<\/p>\n\n\n\n<p class=\"wp-block-paragraph\">Dichas actividades se realizar\u00e1n mensualmente, de junio a septiembre del presente a\u00f1o, y, tienen la finalidad de promover la reflexi\u00f3n y elaboraci\u00f3n de propuestas con el prop\u00f3sito de incidir en las pol\u00edticas p\u00fablicas destinadas a las mujeres, ello, expuesto desde las voces y perspectivas de especialistas nacionales e internacionales que cuentan con una amplia trayectoria.<\/p>\n","protected":false},"excerpt":{"rendered":"<p>Redacci\u00f3n SemM\u00e9xico. Cd. de M\u00e9xico, 15 de junio de 2022.-&nbsp; La Alianza de Redes Feministas Nacionales realizar\u00e1 la Segunda Jornada Abolicionista \u201cTrata, Prostituci\u00f3n y Pornograf\u00eda\u201d como parte de las Jornadas Vindicaciones Feministas, Hablemos de los Siete Ejes de Opresi\u00f3n contra las Mujeres, que tiene por objetivo analizar las diversas formas de violencia que est\u00e1n viviendo [&hellip;]<\/p>\n","protected":false},"author":3,"featured_media":51767,"comment_status":"open","ping_status":"open","sticky":false,"template":"","format":"standard","meta":{"_monsterinsights_skip_tracking":false,"footnotes":""},"categories":[693,54],"tags":[],"class_list":["post-51766","post","type-post","status-publish","format-standard","has-post-thumbnail","category-693","category-mujeres"],"_links":{"self":[{"href":"https:\/\/redsemlac.com\/semmexico\/wp-json\/wp\/v2\/posts\/51766","targetHints":{"allow":["GET"]}}],"collection":[{"href":"https:\/\/redsemlac.com\/semmexico\/wp-json\/wp\/v2\/posts"}],"about":[{"href":"https:\/\/redsemlac.com\/semmexico\/wp-json\/wp\/v2\/types\/post"}],"author":[{"embeddable":true,"href":"https:\/\/redsemlac.com\/semmexico\/wp-json\/wp\/v2\/users\/3"}],"replies":[{"embeddable":true,"href":"https:\/\/redsemlac.com\/semmexico\/wp-json\/wp\/v2\/comments?post=51766"}],"version-history":[{"count":0,"href":"https:\/\/redsemlac.com\/semmexico\/wp-json\/wp\/v2\/posts\/51766\/revisions"}],"wp:featuredmedia":[{"embeddable":true,"href":"https:\/\/redsemlac.com\/semmexico\/wp-json\/wp\/v2\/media\/51767"}],"wp:attachment":[{"href":"https:\/\/redsemlac.com\/semmexico\/wp-json\/wp\/v2\/media?parent=51766"}],"wp:term":[{"taxonomy":"category","embeddable":true,"href":"https:\/\/redsemlac.com\/semmexico\/wp-json\/wp\/v2\/categories?post=51766"},{"taxonomy":"post_tag","embeddable":true,"href":"https:\/\/redsemlac.com\/semmexico\/wp-json\/wp\/v2\/tags?post=51766"}],"curies":[{"name":"wp","href":"https:\/\/api.w.org\/{rel}","templated":true}]}}