{"id":51763,"date":"2022-06-15T11:38:19","date_gmt":"2022-06-15T17:38:19","guid":{"rendered":"https:\/\/redsemlac.com\/semmexico\/?p=51763"},"modified":"2023-07-21T19:06:59","modified_gmt":"2023-07-22T00:06:59","slug":"crecen-denuncias-por-violencia-de-genero-en-espana-durante-primer-trimestre-de-2022","status":"publish","type":"post","link":"https:\/\/redsemlac.com\/semmexico\/crecen-denuncias-por-violencia-de-genero-en-espana-durante-primer-trimestre-de-2022\/","title":{"rendered":"Crecen denuncias por violencia de g\u00e9nero en Espa\u00f1a durante primer trimestre de 2022"},"content":{"rendered":"\n<p class=\"wp-block-paragraph\"><strong>Sonia Hortal Hurtado<\/strong><\/p>\n\n\n\n<p class=\"wp-block-paragraph\">SemM\u00e9xico\/AmecoPress. Madrid, Espa\u00f1a, 15 de junio, 2022.-\u00a0 El n\u00famero de denuncias por violencia de g\u00e9nero durante el primer trimestre de 2022 alcanz\u00f3 41 mil 765, lo que representa un incremento de 19.3 por ciento, respecto al mismo periodo de 2021, mientras, que el total de v\u00edctimas ascendi\u00f3 a 40 mil 481 mujeres, 17,9 por ciento, que en el ciclo de referencia, de acuerdo con el informe anual del Observatorio contra la Violencia Dom\u00e9stica y de G\u00e9nero.<\/p>\n\n\n\n<p class=\"wp-block-paragraph\">El reporte refleja que ambos indicadores muestran una tendencia a la alza, tambi\u00e9n con&nbsp; respecto a los meses de enero, febrero y marzo de 2020, cuando el n\u00famero de denuncias fue de 36 mil185 y el de mujeres v\u00edctimas se ubic\u00f3 en 34 mil 837.<\/p>\n\n\n\n<p class=\"wp-block-paragraph\">La publicaci\u00f3n del documento es responsabilidad del Observatorio Contra la Violencia Dom\u00e9stica y de G\u00e9nero; en \u00e9l se muestran datos relacionados con las v\u00edctimas, las denuncias, las \u00f3rdenes de protecci\u00f3n, las medidas judiciales, las sentencias y los \u00f3rganos judiciales y las acciones tomadas en relaci\u00f3n con el tema.<\/p>\n\n\n\n<p class=\"wp-block-paragraph\">Refiere que en lo que va de 2022, la violencia machista ha segado la vida de 19 mujeres y un menor, con lo que suman mil 149 mujeres y 47 menores asesinados en el periodo del 1 de enero de 2003 a la fecha.<\/p>\n\n\n\n<p class=\"wp-block-paragraph\">Frente a este panorama, la presidenta del Observatorio, \u00c1ngeles Carmona subray\u00f3 la necesidad de no bajar la guardia frente a la violencia de g\u00e9nero y destac\u00f3 la importancia de que todas las instituciones sigan trabajando de manera coordinada en su prevenci\u00f3n y total erradicaci\u00f3n.<\/p>\n\n\n\n<p class=\"wp-block-paragraph\">Otros datos relevantes contenidos en el informe revelan que&nbsp; el n\u00famero de mujeres que han sufrido violencia de g\u00e9nero, estimado por cada 10 mil 000 de ellas, ha ascendido en el \u00faltimo trimestre a 16,7 (2,5 m\u00e1s que hace un a\u00f1o) en toda Espa\u00f1a, Por encima de la media nacional se ubicaron Baleares (22,8), Murcia (22,6) y la Comunidad Valenciana, y por debajo de la tasa nacional Castilla y Le\u00f3n (10,6), Galicia (11,6) y La Rioja (12,5).<\/p>\n\n\n\n<p class=\"wp-block-paragraph\">Adem\u00e1s, aument\u00f3 el porcentaje de denuncias presentadas por los servicios asistenciales y terceros en general para ubicarse en 2 mil 024, que&nbsp; representan&nbsp; 2.83% del total. En tanto que aquellas que se realizaron con intervenci\u00f3n directa de las Fuerzas de Seguridad del Estado se ubicaron en 6 mil 76, es decir, 14.55% del total, por lo que reflejan un&nbsp; incremento respecto al mismo trimestre del a\u00f1o anterior de13.27por ciento.<\/p>\n\n\n\n<p class=\"wp-block-paragraph\">Sobre el tema, \u00c1ngeles Carmona asegur\u00f3 que \u201cLa denuncia es la \u00fanica salida posible a la situaci\u00f3n de violencia y la forma de acabar con el aislamiento que sufren estas mujeres\u201d pues esta v\u00eda garantiza una adecuada protecci\u00f3n de las v\u00edctimas y permite que hechos delictivos tan graves no queden impunes.<\/p>\n\n\n\n<p class=\"wp-block-paragraph\">En el Informe se precis\u00f3 que en el periodo analizado, \u00fanicamente 3 mil 809 mujeres v\u00edctimas de violencia de g\u00e9nero se acogieron a la dispensa a la obligaci\u00f3n de declarar, lo que representa 9,41 por ciento del total.<\/p>\n\n\n\n<p class=\"wp-block-paragraph\">La cifra es importante porque se trata del porcentaje de dispensas m\u00e1s bajo registrado por el Observatorio y se produce tras la reforma del art\u00edculo 416 de la Ley de Enjuiciamiento Criminal aprobada el a\u00f1o pasado.<\/p>\n\n\n\n<p class=\"wp-block-paragraph\">Del total de mujeres que se acogieron a la dispensa, dos mil 173 eran espa\u00f1olas, lo que representa 5,36 por ciento sobre el total de v\u00edctimas y mil 636 ten\u00edan otras nacionalidades.<\/p>\n\n\n\n<p class=\"wp-block-paragraph\">Por otro lado, en el reporte se consigna que el porcentaje de sentencias condenatorias dictadas por los \u00f3rganos judiciales espa\u00f1oles, como son los juzgados de violencia sobre la mujer, los juzgados de lo penal y las audiencias provinciales, que participaron en procesos relativos a violencia de g\u00e9nero, se situ\u00f3 en el 75.69%, lo que representa dos puntos porcentuales y medio m\u00e1s que hace un a\u00f1o.<\/p>\n\n\n\n<p class=\"wp-block-paragraph\">El n\u00famero total de sentencias dictadas durante el trimestre analizado fue de 14 mil 599, de las cuales 11 mil 050 fueron condenatorias y tres mil 549, que equivale a 24,31 por ciento, absolutorias.<\/p>\n\n\n\n<p class=\"wp-block-paragraph\">Los juzgados emitieron un total de 14 mil 417 medidas cautelares de protecci\u00f3n a las v\u00edctimas, es decir, en beneficio de mujeres, ni\u00f1as y ni\u00f1os, equivalente a 2.64 por ciento m\u00e1s que en el mismo periodo de 2021.<\/p>\n\n\n\n<p class=\"wp-block-paragraph\">Tambi\u00e9n se dictaron cuatro mil 274 medidas civiles cuya finalidad es la protecci\u00f3n de la mujer y de los y las menores de edad en tanto se resuelve el proceso penal. Adicionalmente se adoptaron 833 medidas consistentes en la suspensi\u00f3n del r\u00e9gimen de visitas, un incremento significativo de 270% m\u00e1s que el a\u00f1o anterior cuando solo se dictaron 225.<\/p>\n\n\n\n<p class=\"wp-block-paragraph\">Seg\u00fan la presidenta del Observatorio, estas cifras muestran que jueces y juezas cumplen, como es su deber, con la legalidad establecida y est\u00e1n muy sensibilizados y concienciados frente a la violencia de g\u00e9nero.<\/p>\n\n\n\n<p class=\"wp-block-paragraph\">\u201cLa calidad de nuestros jueces, su esfuerzo y la eficacia del sistema de justicia se pone tambi\u00e9n de manifiesto en el n\u00famero de sentencias dictadas por los distintos \u00f3rganos judiciales que se ocupan de enjuiciar los delitos de violencia de g\u00e9nero, que en el trimestre analizado sumaron 14 mil 559, es decir, mil 510 sentencias m\u00e1s que en el mismo periodo de 2021. Adem\u00e1s, siete de cada diez de esas resoluciones fueron condenatorias, puntualiz\u00f3 \u00c1ngeles Carmona.<\/p>\n","protected":false},"excerpt":{"rendered":"<p>El reporte refleja que ambos indicadores muestran una tendencia a la alza, tambi\u00e9n con\u00a0 respecto a los meses de enero, febrero y marzo de 2020, cuando el n\u00famero de denuncias fue de 36 mil185 y el de mujeres v\u00edctimas se ubic\u00f3 en 34 mil 837.<\/p>\n","protected":false},"author":3,"featured_media":51764,"comment_status":"open","ping_status":"open","sticky":false,"template":"","format":"standard","meta":{"_monsterinsights_skip_tracking":false,"footnotes":""},"categories":[693,53],"tags":[],"class_list":["post-51763","post","type-post","status-publish","format-standard","has-post-thumbnail","category-693","category-internacional"],"_links":{"self":[{"href":"https:\/\/redsemlac.com\/semmexico\/wp-json\/wp\/v2\/posts\/51763","targetHints":{"allow":["GET"]}}],"collection":[{"href":"https:\/\/redsemlac.com\/semmexico\/wp-json\/wp\/v2\/posts"}],"about":[{"href":"https:\/\/redsemlac.com\/semmexico\/wp-json\/wp\/v2\/types\/post"}],"author":[{"embeddable":true,"href":"https:\/\/redsemlac.com\/semmexico\/wp-json\/wp\/v2\/users\/3"}],"replies":[{"embeddable":true,"href":"https:\/\/redsemlac.com\/semmexico\/wp-json\/wp\/v2\/comments?post=51763"}],"version-history":[{"count":0,"href":"https:\/\/redsemlac.com\/semmexico\/wp-json\/wp\/v2\/posts\/51763\/revisions"}],"wp:featuredmedia":[{"embeddable":true,"href":"https:\/\/redsemlac.com\/semmexico\/wp-json\/wp\/v2\/media\/51764"}],"wp:attachment":[{"href":"https:\/\/redsemlac.com\/semmexico\/wp-json\/wp\/v2\/media?parent=51763"}],"wp:term":[{"taxonomy":"category","embeddable":true,"href":"https:\/\/redsemlac.com\/semmexico\/wp-json\/wp\/v2\/categories?post=51763"},{"taxonomy":"post_tag","embeddable":true,"href":"https:\/\/redsemlac.com\/semmexico\/wp-json\/wp\/v2\/tags?post=51763"}],"curies":[{"name":"wp","href":"https:\/\/api.w.org\/{rel}","templated":true}]}}