{"id":51760,"date":"2022-06-15T11:32:41","date_gmt":"2022-06-15T17:32:41","guid":{"rendered":"https:\/\/redsemlac.com\/semmexico\/?p=51760"},"modified":"2023-07-21T19:06:59","modified_gmt":"2023-07-22T00:06:59","slug":"temen-que-liberen-a-feminicidas-de-fany","status":"publish","type":"post","link":"https:\/\/redsemlac.com\/semmexico\/temen-que-liberen-a-feminicidas-de-fany\/","title":{"rendered":"Temen que liberen a feminicidas de Fany"},"content":{"rendered":"\n<p class=\"wp-block-paragraph\"><strong>Alba Alem\u00e1n<\/strong><\/p>\n\n\n\n<p class=\"wp-block-paragraph\"><br>SemM\u00e9xico\/Testigo P\u00farpura,&nbsp; Veracruz, 15 de junio de 2022.- Familiares de Fany, hija del exalcalde del municipio de Xoxocotla, y quien fue v\u00edctima de feminicidio en diciembre del 2021, acudieron al Congreso estatal para pedir apoyo, ya que temen que sus feminicidas queden en libertad.<\/p>\n\n\n\n<p class=\"wp-block-paragraph\"><br>La madre de Fany, quien ten\u00eda 12 a\u00f1os, indic\u00f3 que hasta el momento no ha habido una sentencia condenatoria para Leodan \u201cN\u201d, Jes\u00fas \u201cN\u201d y Gerardo \u201cN\u201d, detenidos en febrero de este a\u00f1o por su participaci\u00f3n en el crimen, por lo que piden agilidad en el proceso y la pena m\u00e1xima.<\/p>\n\n\n\n<p class=\"wp-block-paragraph\"><br>\u201cNuestro temor es que puedan salir libres y que da\u00f1en a m\u00e1s personas, que da\u00f1en a m\u00e1s familias como lo hicieron con nosotros, nosotros queremos que estas personas se sentencien y que reciban la pena m\u00e1xima por feminicidio\u201d, dijo.<\/p>\n\n\n\n<p class=\"wp-block-paragraph\"><br>Rosales, Zavaleta, manifest\u00f3 que no consideran que la situaci\u00f3n en la que viven los detenidos en el penal de Amatl\u00e1n sea realmente un castigo, ya que conviven juntos, tienen techo y comida.<\/p>\n\n\n\n<p class=\"wp-block-paragraph\"><br>A\u00f1adi\u00f3 que no solo pide justicia por su hija, sino tambi\u00e9n por el otro adolescente que tambi\u00e9n fue v\u00edctima y posteriormente a la agresi\u00f3n perdi\u00f3 la vista.<br><br>\u201cYo pido justicia que este crimen no quede impune, le pido al se\u00f1or gobernador que interceda por mi hija porque no solo es mi hija, es el joven Adri\u00e1n que lo dejaron sin vista por darle un balazo\u201d, dijo.<\/p>\n\n\n\n<p class=\"wp-block-paragraph\"><br>Fany, fue privada de la libertad el 28 de diciembre de 2021 la localidad de La Mesita, Xoxocotla, municipio de la regi\u00f3n de las Altas Monta\u00f1as de Veracruz, a unos cuantos d\u00edas de que su padre, Magdaleno P\u00e9rez, dejara el cargo de la presidencia municipal.<br><br>Este crimen conmocion\u00f3 a la poblaci\u00f3n de las altas monta\u00f1as y el gobernador&nbsp; de Veracruz asegur\u00f3 que existe unidad en el caso, por ello, la madre de Fany pidi\u00f3 la intervenci\u00f3n de las autoridades estatales.<\/p>\n","protected":false},"excerpt":{"rendered":"<p> Familiares de Fany, hija del exalcalde del municipio de Xoxocotla, y quien fue v\u00edctima de feminicidio en diciembre del 2021, acudieron al Congreso estatal para pedir apoyo, ya que temen que sus feminicidas queden en libertad.<\/p>\n","protected":false},"author":3,"featured_media":51761,"comment_status":"open","ping_status":"open","sticky":false,"template":"","format":"standard","meta":{"_monsterinsights_skip_tracking":false,"footnotes":""},"categories":[693,47,48],"tags":[142],"class_list":["post-51760","post","type-post","status-publish","format-standard","has-post-thumbnail","category-693","category-no-mas-impunidad","category-no-mas-impunidad-no-mas-impunidad","tag-violencia"],"_links":{"self":[{"href":"https:\/\/redsemlac.com\/semmexico\/wp-json\/wp\/v2\/posts\/51760","targetHints":{"allow":["GET"]}}],"collection":[{"href":"https:\/\/redsemlac.com\/semmexico\/wp-json\/wp\/v2\/posts"}],"about":[{"href":"https:\/\/redsemlac.com\/semmexico\/wp-json\/wp\/v2\/types\/post"}],"author":[{"embeddable":true,"href":"https:\/\/redsemlac.com\/semmexico\/wp-json\/wp\/v2\/users\/3"}],"replies":[{"embeddable":true,"href":"https:\/\/redsemlac.com\/semmexico\/wp-json\/wp\/v2\/comments?post=51760"}],"version-history":[{"count":0,"href":"https:\/\/redsemlac.com\/semmexico\/wp-json\/wp\/v2\/posts\/51760\/revisions"}],"wp:featuredmedia":[{"embeddable":true,"href":"https:\/\/redsemlac.com\/semmexico\/wp-json\/wp\/v2\/media\/51761"}],"wp:attachment":[{"href":"https:\/\/redsemlac.com\/semmexico\/wp-json\/wp\/v2\/media?parent=51760"}],"wp:term":[{"taxonomy":"category","embeddable":true,"href":"https:\/\/redsemlac.com\/semmexico\/wp-json\/wp\/v2\/categories?post=51760"},{"taxonomy":"post_tag","embeddable":true,"href":"https:\/\/redsemlac.com\/semmexico\/wp-json\/wp\/v2\/tags?post=51760"}],"curies":[{"name":"wp","href":"https:\/\/api.w.org\/{rel}","templated":true}]}}