{"id":51757,"date":"2022-06-15T08:32:17","date_gmt":"2022-06-15T14:32:17","guid":{"rendered":"https:\/\/redsemlac.com\/semmexico\/?p=51757"},"modified":"2023-07-21T19:06:59","modified_gmt":"2023-07-22T00:06:59","slug":"organizaciones-feministas-apoyan-a-maria-salmeron-y-expresan-su-malestar-por-las-incidencias-producidas-en-el-procedimiento-judicial-ante-la-solicitud-de-suspension-de-la-pena","status":"publish","type":"post","link":"https:\/\/redsemlac.com\/semmexico\/organizaciones-feministas-apoyan-a-maria-salmeron-y-expresan-su-malestar-por-las-incidencias-producidas-en-el-procedimiento-judicial-ante-la-solicitud-de-suspension-de-la-pena\/","title":{"rendered":"Organizaciones feministas apoyan a Mar\u00eda Salmer\u00f3n y expresan su malestar por las incidencias producidas en el procedimiento judicial ante la solicitud de suspensi\u00f3n de la pena"},"content":{"rendered":"\n<p class=\"wp-block-paragraph\"><strong>Redacci\u00f3n <\/strong><\/p>\n\n\n\n<p class=\"wp-block-paragraph\">SemM\u00e9xico\/AmecoPress; Madrid, 15 de junio 2022.- Tras la negaci\u00f3n del indulto del gobierno espa\u00f1ol, Mar\u00eda Salmer\u00f3n entr\u00f3 a prisi\u00f3n, porque los esfuerzos realizados para que desde el tribunal competente se suspendiera el cumplimiento de la pena de c\u00e1rcel.<\/p>\n\n\n\n<p class=\"wp-block-paragraph\">No pudo evitar entrar a prisi\u00f3n por la demora padecida en tr\u00e1mites judiciales de esta petici\u00f3n. Situaci\u00f3n que merece la denuncia de las organizaciones feministas que hemos acompa\u00f1ando y apoyado en las \u00faltimas semanas el procedimiento para la suspensi\u00f3n de su entrada en prisi\u00f3n.<\/p>\n\n\n\n<p class=\"wp-block-paragraph\">Llama, poderosamente, la atenci\u00f3n c\u00f3mo el juzgado se neg\u00f3 a no efectuar la suspensi\u00f3n de la pena, sino a tramitar el escrito presentado solicitando la suspensi\u00f3n de la misma por cambio de circunstancias, no dando posibilidad de recurrirlo y admitiendo el recurso el d\u00eda que venc\u00eda el ingreso voluntario en prisi\u00f3n, sin suspender la misma.<\/p>\n\n\n\n<p class=\"wp-block-paragraph\">Las organizaciones feministas que apoyamos este escrito, queremos exponerlo ante la sociedad que, en el caso de Mar\u00eda Salmer\u00f3n, existen razones jur\u00eddicas suficientes para adoptar una medida como la suspensi\u00f3n de condena no de forma graciosa y arbitraria, sino amparadas en los requisitos legales exigidos para este tipo de supuestos:<\/p>\n\n\n\n<ol class=\"wp-block-list\"><li>Son hechos de 2014 y Mar\u00eda no ha vuelto a cometer delito alguno.<\/li><li>Las penas impuestas por procedimientos anteriores se encuentran canceladas o prescritas<\/li><li> Se ha pagado la responsabilidad civil.<\/li><li> La desobediencia se dio porque la menor de 14 a\u00f1os en ese momento se negaba a ir con su padre, condenado anteriormente por maltrato.<\/li><li> Desde 2015 no se la ha vuelto a obligar a la menor a cumplir un r\u00e9gimen de visitas y a fecha de hoy es mayor de edad, por lo que no se va a volver a cometer ese delito.<\/li><li>La ley actual ha cambiado e inicialmente se suspenden las visitas de los hijos con padres maltratadores.<\/li><\/ol>\n\n\n\n<p class=\"wp-block-paragraph\">Una vez m\u00e1s, comprobamos de primera mano, c\u00f3mo se obstaculiza formalmente los tr\u00e1mites de las peticiones que plantean las v\u00edctimas de violencia de g\u00e9nero en los juzgados, bas\u00e1ndose en argumentos, en muchos casos, m\u00e1s que cuestionables desde una perspectiva estrictamente jur\u00eddica.<\/p>\n\n\n\n<p class=\"wp-block-paragraph\">Creemos que situaciones como \u00e9sta demuestran que no se est\u00e1 favoreciendo la aplicaci\u00f3n de la JUSTICIA con may\u00fasculas cuando se trata de la protecci\u00f3n a las v\u00edctimas de la violencia machista, que es el fin \u00faltimo que se debe perseguir por los tribunales de justicia.<\/p>\n\n\n\n<p class=\"wp-block-paragraph\">Con esta nota mostramos nuestro desaliento ante la imposibilidad de cambiar este trato, que el sistema judicial aplica en muchas ocasiones a las mujeres, poni\u00e9ndoles muchos obst\u00e1culos para defender sus derechos y los de sus hijos e hijas dentro del sistema judicial, a veces al margen de la pura l\u00f3gica legal y procesal.<\/p>\n\n\n\n<p class=\"wp-block-paragraph\">Hacemos un llamado a la sociedad y en particular a&nbsp; las organizaciones feministas del Estado para que contribuyan a la difusi\u00f3n de este comunicado y se adhieran al mismo realizando cuantas acciones estimen en defensa de los derechos de las mujeres en la justicia.<\/p>\n\n\n\n<p class=\"wp-block-paragraph\">\u00a1Contra la violencia institucional y por una Justicia que no sea ni machista ni patriarca!<\/p>\n\n\n\n<p class=\"wp-block-paragraph\"><strong>Foto: archivo AmecoPress.\u00a0<\/strong><\/p>\n","protected":false},"excerpt":{"rendered":"<p>Tras la negaci\u00f3n del indulto del gobierno espa\u00f1ol, Mar\u00eda Salmer\u00f3n entr\u00f3 a prisi\u00f3n, porque los esfuerzos realizados para que desde el tribunal competente se suspendiera el cumplimiento de la pena de c\u00e1rcel.<\/p>\n","protected":false},"author":3,"featured_media":51758,"comment_status":"open","ping_status":"open","sticky":false,"template":"","format":"standard","meta":{"_monsterinsights_skip_tracking":false,"footnotes":""},"categories":[693,53],"tags":[],"class_list":["post-51757","post","type-post","status-publish","format-standard","has-post-thumbnail","category-693","category-internacional"],"_links":{"self":[{"href":"https:\/\/redsemlac.com\/semmexico\/wp-json\/wp\/v2\/posts\/51757","targetHints":{"allow":["GET"]}}],"collection":[{"href":"https:\/\/redsemlac.com\/semmexico\/wp-json\/wp\/v2\/posts"}],"about":[{"href":"https:\/\/redsemlac.com\/semmexico\/wp-json\/wp\/v2\/types\/post"}],"author":[{"embeddable":true,"href":"https:\/\/redsemlac.com\/semmexico\/wp-json\/wp\/v2\/users\/3"}],"replies":[{"embeddable":true,"href":"https:\/\/redsemlac.com\/semmexico\/wp-json\/wp\/v2\/comments?post=51757"}],"version-history":[{"count":0,"href":"https:\/\/redsemlac.com\/semmexico\/wp-json\/wp\/v2\/posts\/51757\/revisions"}],"wp:featuredmedia":[{"embeddable":true,"href":"https:\/\/redsemlac.com\/semmexico\/wp-json\/wp\/v2\/media\/51758"}],"wp:attachment":[{"href":"https:\/\/redsemlac.com\/semmexico\/wp-json\/wp\/v2\/media?parent=51757"}],"wp:term":[{"taxonomy":"category","embeddable":true,"href":"https:\/\/redsemlac.com\/semmexico\/wp-json\/wp\/v2\/categories?post=51757"},{"taxonomy":"post_tag","embeddable":true,"href":"https:\/\/redsemlac.com\/semmexico\/wp-json\/wp\/v2\/tags?post=51757"}],"curies":[{"name":"wp","href":"https:\/\/api.w.org\/{rel}","templated":true}]}}