{"id":51750,"date":"2022-06-15T07:50:14","date_gmt":"2022-06-15T13:50:14","guid":{"rendered":"https:\/\/redsemlac.com\/semmexico\/?p=51750"},"modified":"2023-07-21T19:06:59","modified_gmt":"2023-07-22T00:06:59","slug":"no-fue-homicidio-es-feminicidio-los-hechos-de-un-asesinato-contra-maria-l-chable-asunto-que-revictimizan","status":"publish","type":"post","link":"https:\/\/redsemlac.com\/semmexico\/no-fue-homicidio-es-feminicidio-los-hechos-de-un-asesinato-contra-maria-l-chable-asunto-que-revictimizan\/","title":{"rendered":"No fue homicidio, es feminicidio. Los hechos de un asesinato contra Mar\u00eda L. Chabl\u00e9, asunto que revictimizan"},"content":{"rendered":"\n<p class=\"wp-block-paragraph\"><strong>Gudelia Delgado\/<\/strong><strong> Foto: Casimiro L\u00f3pez<\/strong><strong><\/strong><\/p>\n\n\n\n<p class=\"wp-block-paragraph\">SemM\u00e9xico\/ Tabasco Hoy. Villahermosa, Tabasco, 15 de junio, 2021.- La noche del pasado 5 de junio, Mar\u00eda L. Chabl\u00e9 fue asesinada presuntamente por Pedro \u201cN\u201d, exdelegado municipal del poblado Aquiles Serd\u00e1n de Macuspana, Tabasco, lugar donde ocurri\u00f3 el crimen.<\/p>\n\n\n\n<p class=\"wp-block-paragraph\">Desde el primer momento posterior a su muerte, Mar\u00eda L. Chabl\u00e9 ha sido revictimizada y discriminada; personal de la Fiscal\u00eda General del Estado (FGE) de Tabasco tard\u00f3 m\u00e1s de diez horas en hacer el levantamiento del cuerpo de la v\u00edctima, lo que es un trato indigno y ruin, producto de la misoginia institucional.<\/p>\n\n\n\n<p class=\"wp-block-paragraph\">La larga exposici\u00f3n del cad\u00e1ver de nuestra compa\u00f1era propici\u00f3 que se hiciera una profusa divulgaci\u00f3n de im\u00e1genes que resultan por dem\u00e1s revictimizantes; este hecho convoca a la reflexi\u00f3n respecto a que la \u201cLey Ingrid\u201d, aprobada en abril del presente a\u00f1o en el Congreso estatal, adem\u00e1s de sancionar a personas servidoras p\u00fablicas por difundir im\u00e1genes sensibles de mujeres v\u00edctimas de feminicidio, haga lo propio con particulares y representantes de medios informativos.<\/p>\n\n\n\n<p class=\"wp-block-paragraph\">El 7 de junio, la FGE inform\u00f3 la captura de Pedro \u201cN\u201d y la clasificaci\u00f3n del crimen como \u201cHomicidio Calificado\u201d, lo que es falso e inaudito porque Mar\u00eda L. Chabl\u00e9 fue asesinada por ser mujer y por ser lesbiana; entre su asesino y ella hab\u00eda una relaci\u00f3n jerarquizada en la que \u00e9l ten\u00eda un rol de superioridad, \u00e9l abus\u00f3 de su posici\u00f3n en la comunidad para perpetrar el crimen y el cuerpo de la v\u00edctima fue expuesto en forma degradante, por tanto, nuestra compa\u00f1era fue v\u00edctima de feminicidio y es as\u00ed como su muerte debe ser clasificada, investigada y sancionada.<\/p>\n\n\n\n<p class=\"wp-block-paragraph\">Diversos medios informativos han emitido discursos revictimizantes y discriminatorios en los que se pondera la orientaci\u00f3n sexual de la v\u00edctima y se justifica veladamente a su feminicida por la misma causa. Asegurar que el feminicida \u201cno soport\u00f3\u201d que su hija se relacionara con Mar\u00eda L. exime parcialmente al criminal y criminaliza a la v\u00edctima. Son muestras fehacientes de la misoginia y la lesbofobia con la que juzgan y act\u00faan autoridades y medios de comunicaci\u00f3n.<\/p>\n\n\n\n<p class=\"wp-block-paragraph\">Mar\u00eda L. ha sido criminalizada e, incluso despu\u00e9s de su muerte, discriminada por su orientaci\u00f3n sexual, lo que adem\u00e1s de confirmar su asesinato como un feminicidio, constituye un agravante del mismo.<\/p>\n\n\n\n<p class=\"wp-block-paragraph\">Con el de Mar\u00eda L. asciende a 11 el n\u00famero de feminicidios en Tabasco en lo que va del a\u00f1o. La entidad se convierte en un inconmensurable foco rojo para las mujeres.<\/p>\n\n\n\n<p class=\"wp-block-paragraph\">Desde la Red de Colectivas Feministas Tabasque\u00f1as exigimos, una vez m\u00e1s, la emisi\u00f3n de la Alerta de G\u00e9nero. Por si fueran pocos los argumentos jur\u00eddicos para que el gobierno estatal atraiga todos los recursos posibles para enfrentar este embate de violencia machista, est\u00e1n todos los argumentos \u00e9ticos para hacerlo. La realidad es una y es incuestionable: nos est\u00e1n matando. \u00a1Alerta de G\u00e9nero Ya!<\/p>\n\n\n\n<p class=\"wp-block-paragraph\">*Publicado originalmente en Tabasco Hoy<\/p>\n","protected":false},"excerpt":{"rendered":"<p>La noche del pasado 5 de junio, Mar\u00eda L. Chabl\u00e9 fue asesinada presuntamente por Pedro \u201cN\u201d, exdelegado municipal del poblado Aquiles Serd\u00e1n de Macuspana, Tabasco, lugar donde ocurri\u00f3 el crimen.<\/p>\n","protected":false},"author":3,"featured_media":51751,"comment_status":"open","ping_status":"open","sticky":false,"template":"","format":"standard","meta":{"_monsterinsights_skip_tracking":false,"footnotes":""},"categories":[693,47,48],"tags":[],"class_list":["post-51750","post","type-post","status-publish","format-standard","has-post-thumbnail","category-693","category-no-mas-impunidad","category-no-mas-impunidad-no-mas-impunidad"],"_links":{"self":[{"href":"https:\/\/redsemlac.com\/semmexico\/wp-json\/wp\/v2\/posts\/51750","targetHints":{"allow":["GET"]}}],"collection":[{"href":"https:\/\/redsemlac.com\/semmexico\/wp-json\/wp\/v2\/posts"}],"about":[{"href":"https:\/\/redsemlac.com\/semmexico\/wp-json\/wp\/v2\/types\/post"}],"author":[{"embeddable":true,"href":"https:\/\/redsemlac.com\/semmexico\/wp-json\/wp\/v2\/users\/3"}],"replies":[{"embeddable":true,"href":"https:\/\/redsemlac.com\/semmexico\/wp-json\/wp\/v2\/comments?post=51750"}],"version-history":[{"count":0,"href":"https:\/\/redsemlac.com\/semmexico\/wp-json\/wp\/v2\/posts\/51750\/revisions"}],"wp:featuredmedia":[{"embeddable":true,"href":"https:\/\/redsemlac.com\/semmexico\/wp-json\/wp\/v2\/media\/51751"}],"wp:attachment":[{"href":"https:\/\/redsemlac.com\/semmexico\/wp-json\/wp\/v2\/media?parent=51750"}],"wp:term":[{"taxonomy":"category","embeddable":true,"href":"https:\/\/redsemlac.com\/semmexico\/wp-json\/wp\/v2\/categories?post=51750"},{"taxonomy":"post_tag","embeddable":true,"href":"https:\/\/redsemlac.com\/semmexico\/wp-json\/wp\/v2\/tags?post=51750"}],"curies":[{"name":"wp","href":"https:\/\/api.w.org\/{rel}","templated":true}]}}