{"id":51748,"date":"2022-06-15T07:46:52","date_gmt":"2022-06-15T13:46:52","guid":{"rendered":"https:\/\/redsemlac.com\/semmexico\/?p=51748"},"modified":"2023-07-21T19:06:59","modified_gmt":"2023-07-22T00:06:59","slug":"tras-la-puerta-del-poder-renunciar-lo-reflexionarey-les-aviso-alito-a-exdirigentes","status":"publish","type":"post","link":"https:\/\/redsemlac.com\/semmexico\/tras-la-puerta-del-poder-renunciar-lo-reflexionarey-les-aviso-alito-a-exdirigentes\/","title":{"rendered":"<strong>Tras la Puerta del Poder| \u00bfRenunciar? Lo reflexionar\u00e9\u2026y les aviso: \u201c<em>Alito<\/em>\u201d a exdirigentes<\/strong><strong><\/strong>"},"content":{"rendered":"\n<p class=\"wp-block-paragraph\"><strong>Roberto Vizca\u00edno&nbsp;<\/strong><\/p>\n\n\n\n<p class=\"wp-block-paragraph\">SemM\u00e9xico, Ciudad de M\u00e9xico, 15 de junio de 2022.- Algunos de ellos llegaron \u201ccon la espada desenvainada\u201d y sin m\u00e1s le exigieron a Alejandro Moreno renunciar a la presidencia del CEN del PRI.<\/p>\n\n\n\n<p class=\"wp-block-paragraph\">Como se hab\u00eda previsto al encuentro de las 10 de la ma\u00f1ana llegaron puntuales los exdirigentes del tricolor:&nbsp;<strong>Claudia Ruiz Massieu<\/strong>,&nbsp;<strong>Carolina Monroy<\/strong>,&nbsp;<strong>Beatriz Paredes<\/strong>,&nbsp;<strong>Dulce Mar\u00eda Sauri<\/strong>,&nbsp;<strong>Manlio Fabio Beltrones<\/strong>,&nbsp;<strong>C\u00e9sar Camacho<\/strong>,&nbsp;<strong>Pedro Joaqu\u00edn<\/strong>,&nbsp;<strong>Humberto Roque<\/strong>,&nbsp;<strong>Jos\u00e9 Antonio Gonz\u00e1lez<\/strong>,&nbsp;<strong>Jorge de la Vega Dom\u00ednguez<\/strong>&nbsp;y&nbsp;<strong>Roberto Madrazo.<\/strong><\/p>\n\n\n\n<p class=\"wp-block-paragraph\"><strong>Igual estuvieron<\/strong>&nbsp;el exsecretario de Gobernaci\u00f3n de Enrique Pe\u00f1a Nieto, el exgobernador hidalguense&nbsp;<strong>Miguel \u00c1ngel Osorio Chong<\/strong>, hoy muy gris y mudo coordinador de los senadores del tricolor;&nbsp;<strong>Rub\u00e9n Moreira<\/strong>, exgobernador de Coahuila y coordinador de los 7\u20190 diputados federales del PRI.<\/p>\n\n\n\n<p class=\"wp-block-paragraph\">Al centro de la enorme mesa del sal\u00f3n Presidentes del CEN del PRI&nbsp;<strong>Alejandro Moreno<\/strong>, a quien los medios informativos prefiguraron en un pat\u00edbulo sumario.<\/p>\n\n\n\n<p class=\"wp-block-paragraph\">A partir de ese momento todos ellos hablaron y hablaron y hablaron y \u201c<strong><em>Alito<\/em><\/strong>\u201d los escuch\u00f3 sin mover &nbsp;una ceja y si interrumpir ning\u00fan alegato.<\/p>\n\n\n\n<p class=\"wp-block-paragraph\">Cinco horas transcurrieron en ese repetitivo ejercicio de degradaci\u00f3n partidaria (\u201ctenemos dos a\u00f1os sin ganar una\u201d, \u201ctienes p\u00e9sima reputaci\u00f3n\u201d, \u201cno podemos seguir as\u00ed\u201d, debes considerar hacerte a un lado, etc\u00e9tera.<\/p>\n\n\n\n<p class=\"wp-block-paragraph\">Agotadas las exposiciones el dirigente partidario tom\u00f3 el micr\u00f3fono y de entrada les agradeci\u00f3 haberse presentado por primera vez en su partido desde que \u00e9l lleg\u00f3, y les reconoci\u00f3 su decisi\u00f3n de expresar sus opiniones en un momento en que \u00e9l est\u00e1 bajo el peor embate del Gobierno de&nbsp;<strong>Andr\u00e9s Manuel L\u00f3pez Obrador<\/strong>&nbsp;y asumiendo que gran parte de lo que el mandatario le atribuye es cierto.<\/p>\n\n\n\n<p class=\"wp-block-paragraph\">Sin discutir las obviedades, les record\u00f3 que a \u00e9l no lo coloc\u00f3 frente al PRI ning\u00fan presidente de la Rep\u00fablica, como a varios de ellos s\u00ed lo hicieron.<\/p>\n\n\n\n<p class=\"wp-block-paragraph\">Y les pidi\u00f3 reconocer que este despiadado ataque de medios y de amagos judiciales en su contra obedece al hecho de bajo su dirigencia el PRI no s\u00f3lo ha logrado obtener en las elecciones de 2021 y las de 2022 votos y porcentajes que lo ubican en un 18 por ciento del total de los sufragios, lo cual con el 18 por ciento logrado por el PAN y el 5 por ciento del PRD los hace, juntos, con un 40 \/ 41 por ciento de votos frente a los 36 por ciento alcanzado por Morena que junto a los votos del Verde y PT suman los 46 por ciento del total.<\/p>\n\n\n\n<p class=\"wp-block-paragraph\">Es decir, ambos bloques est\u00e1n en empate t\u00e9cnico. Y eso significa que \u201chay tiro\u201d.<\/p>\n\n\n\n<p class=\"wp-block-paragraph\">Eso, les dijo \u201c<strong><em>Alito<\/em><\/strong>\u201d, significa que la Alianza Va por M\u00e9xico puede ganar no s\u00f3lo las gubernaturas de Coahuila y el Estado de M\u00e9xico en 2023 sino la Presidencia de la Rep\u00fablica en 2024.<\/p>\n\n\n\n<p class=\"wp-block-paragraph\">Ni decir que esta Alianza se hace sumamente competitiva frente a las elecciones en 2024 de 500 diputaciones federales, 128 Senadur\u00edas, 9 gubernaturas y 16 alcald\u00edas en la CDMX as\u00ed como 30 congresos estatales y unos 1,500 alcald\u00edas en el pa\u00eds.<\/p>\n\n\n\n<p class=\"wp-block-paragraph\">De ah\u00ed, les indic\u00f3, que la campa\u00f1a de desprestigio en su contra, con amenazas de muerte y c\u00e1rcel de por medo en su contra, sea brutal.<\/p>\n\n\n\n<p class=\"wp-block-paragraph\">Por ello les pidi\u00f3 no entrar en el juego de&nbsp;<strong>Andr\u00e9s Manuel L\u00f3pez Obrador<\/strong>&nbsp;y sumarse a la unidad dentro del PRI.<\/p>\n\n\n\n<p class=\"wp-block-paragraph\">Por lo dem\u00e1s les indic\u00f3 que c\u00f3mo no, que reflexionar\u00eda lo de su renuncia o renovaci\u00f3n de la dirigencia del PRI que por lo dem\u00e1s es ociosa, porque \u00e9l concluye los 4 a\u00f1os de su per\u00edodo en agosto de 2023.<\/p>\n\n\n\n<p class=\"wp-block-paragraph\">Y entonces estar\u00e1 ya libre la disputa por la nueva presidencia del PRI.<\/p>\n\n\n\n<p class=\"wp-block-paragraph\">Nada de supo despu\u00e9s de los expresidentes, pues ninguno de ellos hizo siquiera el amago de responder nada a los medios. As\u00ed como llegaron, se fueron.<\/p>\n\n\n\n<p class=\"wp-block-paragraph\">Conclusi\u00f3n:&nbsp;<strong>Alejandro Moreno<\/strong>&nbsp;se queda al frente del PRI y dentro de la Alianza opositora. Hasta concluir con su mandato. &nbsp;<\/p>\n\n\n\n<h2 class=\"wp-block-heading\" id=\"moratoria-en-el-senado\">\u00bf<strong>Moratoria en el Senado<\/strong>?<\/h2>\n\n\n\n<p class=\"wp-block-paragraph\">Reconocido como el m\u00e1s efectivo negociador de acuerdos parlamentarios, el senador&nbsp;<strong>Ricardo Monreal<\/strong>, acord\u00f3 con los coordinadores de la oposici\u00f3n en no hacer en esa c\u00e1mara eco del pacto de moratoria a reformas constitucionales.<\/p>\n\n\n\n<p class=\"wp-block-paragraph\">Los \u00fanicos que s\u00ed aplicar\u00e1n en el Senado esa moratoria convenida por los dirigentes de la Alianza Va por M\u00e9xico (integrada por PAN, PRI y PRD), dijo, son los legisladores de Acci\u00f3n Nacional.<\/p>\n\n\n\n<p class=\"wp-block-paragraph\">Sobre todo en 2 reformas: la que busca trasladar la Guardia Nacional a la Secretar\u00eda de la Defensa Nacional y la Electoral que busca achicar y quitarle atribuciones al INE, al TRIFE y disminuir las prerrogativas a los partidos pol\u00edticos.<\/p>\n\n\n\n<p class=\"wp-block-paragraph\">Sin embargo, los coordinadores del PRI, PRD, PVEM, PT, rechazaron la propuesta para no discutir ni aprobar ninguna iniciativa de reforma constitucional enviada por el presidente&nbsp;<strong>Andr\u00e9s Manuel L\u00f3pez Obrador<\/strong>&nbsp;en 2022, 2023 y 2024.<\/p>\n\n\n\n<p class=\"wp-block-paragraph\">\u201cNosotros respetamos la estrategia del bloque opositor, pero seguiremos trabajando en la creaci\u00f3n de leyes\u201d y en las modificaciones al marco legal vigente, que sean necesarias para el pa\u00eds, afirm\u00f3 el zacatecano.<\/p>\n\n\n\n<p class=\"wp-block-paragraph\">Hasta el momento, aclar\u00f3&nbsp;<strong>Monreal<\/strong>, toda esta discusi\u00f3n es el vacio porque el mandatario no ha enviado la iniciativa de la Guardia Nacional.<\/p>\n\n\n\n<p class=\"wp-block-paragraph\">Lo \u00fanico que envi\u00f3 fue la iniciativa de reforma pol\u00edtico-electoral, dijo.<\/p>\n\n\n\n<p class=\"wp-block-paragraph\"><a href=\"mailto:rvizcainoa@gmail.com\">rvizcainoa@gmail.com<\/a>&nbsp;<\/p>\n\n\n\n<p class=\"wp-block-paragraph\">Twitter: @_Vizcaino<\/p>\n\n\n\n<p class=\"wp-block-paragraph\">Facebook \/&nbsp;<a href=\"https:\/\/www.facebook.com\/rvizcainoa\" target=\"_blank\" rel=\"noreferrer noopener\">https:\/\/www.facebook.com\/rvizcainoa<\/a>&nbsp;<\/p>\n","protected":false},"excerpt":{"rendered":"<p>Algunos de ellos llegaron \u201ccon la espada desenvainada\u201d y sin m\u00e1s le exigieron a Alejandro Moreno renunciar a la presidencia del CEN del PRI.<\/p>\n","protected":false},"author":3,"featured_media":39589,"comment_status":"open","ping_status":"open","sticky":false,"template":"","format":"standard","meta":{"_monsterinsights_skip_tracking":false,"footnotes":""},"categories":[693,35,623,622],"tags":[459],"class_list":["post-51748","post","type-post","status-publish","format-standard","has-post-thumbnail","category-693","category-opinion","category-roberto-vizcaino","category-tras-la-puerta-del-poder","tag-opinion"],"_links":{"self":[{"href":"https:\/\/redsemlac.com\/semmexico\/wp-json\/wp\/v2\/posts\/51748","targetHints":{"allow":["GET"]}}],"collection":[{"href":"https:\/\/redsemlac.com\/semmexico\/wp-json\/wp\/v2\/posts"}],"about":[{"href":"https:\/\/redsemlac.com\/semmexico\/wp-json\/wp\/v2\/types\/post"}],"author":[{"embeddable":true,"href":"https:\/\/redsemlac.com\/semmexico\/wp-json\/wp\/v2\/users\/3"}],"replies":[{"embeddable":true,"href":"https:\/\/redsemlac.com\/semmexico\/wp-json\/wp\/v2\/comments?post=51748"}],"version-history":[{"count":0,"href":"https:\/\/redsemlac.com\/semmexico\/wp-json\/wp\/v2\/posts\/51748\/revisions"}],"wp:featuredmedia":[{"embeddable":true,"href":"https:\/\/redsemlac.com\/semmexico\/wp-json\/wp\/v2\/media\/39589"}],"wp:attachment":[{"href":"https:\/\/redsemlac.com\/semmexico\/wp-json\/wp\/v2\/media?parent=51748"}],"wp:term":[{"taxonomy":"category","embeddable":true,"href":"https:\/\/redsemlac.com\/semmexico\/wp-json\/wp\/v2\/categories?post=51748"},{"taxonomy":"post_tag","embeddable":true,"href":"https:\/\/redsemlac.com\/semmexico\/wp-json\/wp\/v2\/tags?post=51748"}],"curies":[{"name":"wp","href":"https:\/\/api.w.org\/{rel}","templated":true}]}}