{"id":5174,"date":"2018-08-24T16:14:55","date_gmt":"2018-08-24T16:14:55","guid":{"rendered":"https:\/\/redsemlac.com\/semmexico\/?p=5174"},"modified":"2023-07-21T14:32:44","modified_gmt":"2023-07-21T19:32:44","slug":"recoge-los-logros-alcanzados-en-las-lxii-y-lxiii-legislaturas","status":"publish","type":"post","link":"https:\/\/redsemlac.com\/semmexico\/recoge-los-logros-alcanzados-en-las-lxii-y-lxiii-legislaturas\/","title":{"rendered":"Recoge los logros alcanzados en las LXII y LXIII Legislaturas"},"content":{"rendered":"\n<p class=\"wp-block-paragraph\"><a href=\"https:\/\/www.semmexico.com\/gallery-post.php?id=5652#\">Redacci\u00f3n<\/a><\/p>\n\n\n\n<p class=\"wp-block-paragraph\">SemM\u00e9xico, Cd. de M\u00e9xico, 24 agosto 2018.- Los avances en las LXII y LXIII Legislaturas en materia de igualdad de g\u00e9nero y en contra de la violencia pol\u00edtica fueron resaltados durante la presentaci\u00f3n del libro Mujeres haciendo historia en la vida pol\u00edtica de M\u00e9xico, que se present\u00f3 esta semana en el Senado de la Rep\u00fablica.<\/p>\n\n\n\n<p class=\"wp-block-paragraph\">Guadalupe G\u00f3mez Maganda destac\u00f3 que el libro registra la lucha hist\u00f3rica de las mujeres por la conquista de sus derechos pol\u00edticos y recoge logros como el presupuesto etiquetado para ellas, las pol\u00edticas p\u00fablicas contra la violencia, as\u00ed como las bases para la tipificaci\u00f3n del feminicidio.<\/p>\n\n\n\n<p class=\"wp-block-paragraph\">La ex dirigente del Organismo Nacional de Mujeres Priistas record\u00f3 que conquistar el derecho a votar y ser electas, as\u00ed como alcanzar la paridad requiri\u00f3 m\u00e1s de medio siglo, para fortalecer la democracia como la mejor v\u00eda para resolver contradicciones y desigualdades en M\u00e9xico.<\/p>\n\n\n\n<p class=\"wp-block-paragraph\">Por su parte, la senadora Diva Hadamira Gast\u00e9lum Bajo, presidenta de la Comisi\u00f3n Para la Igualdad de G\u00e9nero, tras reconocer como aliado e impulsor de las reformas a favor de las mujeres en Emilio Gamboa Patr\u00f3n, dijo que la nueva integraci\u00f3n del Senado y de la C\u00e1mara de Diputados, donde destaca la paridad en su composici\u00f3n: \u201choy se presume la integraci\u00f3n de las c\u00e1maras, pero se necesita voluntad de los que tienen el poder y ese se llama Enrique Pe\u00f1a Nieto.<\/p>\n\n\n\n<p class=\"wp-block-paragraph\">El coordinador parlamentario del PRI, Emilio Gamboa Patr\u00f3n, afirm\u00f3 que las mujeres han ganado sus propios espacios y conquistado sus derechos a base de trabajo, esfuerzo y dedicaci\u00f3n.<\/p>\n\n\n\n<p class=\"wp-block-paragraph\">Record\u00f3 que el n\u00famero de senadoras se ha incrementado paulatinamente desde el 2000; en ese a\u00f1o, refiri\u00f3, hab\u00eda en el Senado de la Rep\u00fablica s\u00f3lo 33 legisladoras, pero en la LXII y LXIII Legislaturas aument\u00f3 a 63, y a partir del 1 de septiembre m\u00e1s de la mitad de los integrantes de esta C\u00e1mara ser\u00e1n mujeres.<\/p>\n\n\n\n<p class=\"wp-block-paragraph\">El diputado priista C\u00e9sar Camacho Quiroz explic\u00f3 que la manera de resolver la deficiencia legislativa que existe en materia de feminicidio, es establecer este delito en la Ley General de Acceso de las Mujeres a una Vida Libre de Violencia, lo que permitir\u00e1.<\/p>\n\n\n\n<p class=\"wp-block-paragraph\">Precis\u00f3 que este tipo penal var\u00eda, seg\u00fan los estados en donde est\u00e1 tipificado, pero deja en indefinici\u00f3n a aquellas v\u00edctimas en las entidades federativas, donde es \u201cdeficitariamente regulado\u201d, por lo que esta medida permitir\u00e1 que se aplique tanto para autoridades federales como locales\u201d.<\/p>\n\n\n\n<p class=\"wp-block-paragraph\">SEM\/sj<br><\/p>\n","protected":false},"excerpt":{"rendered":"<p>Redacci\u00f3n SemM\u00e9xico, Cd. de M\u00e9xico, 24 agosto 2018.- Los avances en las LXII y LXIII Legislaturas en materia de igualdad de g\u00e9nero y en contra de la violencia pol\u00edtica fueron resaltados durante la presentaci\u00f3n del libro Mujeres haciendo historia en la vida pol\u00edtica de M\u00e9xico, que se present\u00f3 esta semana en el Senado de la [&hellip;]<\/p>\n","protected":false},"author":3,"featured_media":5175,"comment_status":"open","ping_status":"open","sticky":false,"template":"","format":"standard","meta":{"_monsterinsights_skip_tracking":false,"footnotes":""},"categories":[689,50],"tags":[],"class_list":["post-5174","post","type-post","status-publish","format-standard","has-post-thumbnail","category-689","category-congreso"],"_links":{"self":[{"href":"https:\/\/redsemlac.com\/semmexico\/wp-json\/wp\/v2\/posts\/5174","targetHints":{"allow":["GET"]}}],"collection":[{"href":"https:\/\/redsemlac.com\/semmexico\/wp-json\/wp\/v2\/posts"}],"about":[{"href":"https:\/\/redsemlac.com\/semmexico\/wp-json\/wp\/v2\/types\/post"}],"author":[{"embeddable":true,"href":"https:\/\/redsemlac.com\/semmexico\/wp-json\/wp\/v2\/users\/3"}],"replies":[{"embeddable":true,"href":"https:\/\/redsemlac.com\/semmexico\/wp-json\/wp\/v2\/comments?post=5174"}],"version-history":[{"count":0,"href":"https:\/\/redsemlac.com\/semmexico\/wp-json\/wp\/v2\/posts\/5174\/revisions"}],"wp:featuredmedia":[{"embeddable":true,"href":"https:\/\/redsemlac.com\/semmexico\/wp-json\/wp\/v2\/media\/5175"}],"wp:attachment":[{"href":"https:\/\/redsemlac.com\/semmexico\/wp-json\/wp\/v2\/media?parent=5174"}],"wp:term":[{"taxonomy":"category","embeddable":true,"href":"https:\/\/redsemlac.com\/semmexico\/wp-json\/wp\/v2\/categories?post=5174"},{"taxonomy":"post_tag","embeddable":true,"href":"https:\/\/redsemlac.com\/semmexico\/wp-json\/wp\/v2\/tags?post=5174"}],"curies":[{"name":"wp","href":"https:\/\/api.w.org\/{rel}","templated":true}]}}