{"id":51729,"date":"2022-06-14T08:10:54","date_gmt":"2022-06-14T14:10:54","guid":{"rendered":"https:\/\/redsemlac.com\/semmexico\/?p=51729"},"modified":"2023-07-21T19:07:00","modified_gmt":"2023-07-22T00:07:00","slug":"integrantes-de-caravana-son-detenidos-aunque-porten-su-forma-migratoria-multiple","status":"publish","type":"post","link":"https:\/\/redsemlac.com\/semmexico\/integrantes-de-caravana-son-detenidos-aunque-porten-su-forma-migratoria-multiple\/","title":{"rendered":"Integrantes de caravana son detenidos, aunque porten su Forma Migratoria M\u00faltiple"},"content":{"rendered":"\n<p class=\"wp-block-paragraph\"><strong>Gabriela Couti\u00f1o<\/strong><\/p>\n\n\n\n<p class=\"wp-block-paragraph\">SemM\u00e9xico, Tuxtla Guti\u00e9rrez, Chis. 14 junio de 2022.- Migrantes integrantes de la caravana que parti\u00f3 el pasado 6 de junio pasado de Tapachula, y que se dispers\u00f3 con la entrega a siete mil personas de la Forma Migratoria M\u00faltiple (FMM) con una vigencia de 30 d\u00edas, est\u00e1n siendo detenidos en diversas partes del pa\u00eds, por cuerpos de seguridad que no est\u00e1n facultados para ejercer tareas de control y verificaci\u00f3n migratoria, denunci\u00f3 el Colectivo de Observaci\u00f3n y Monitoreo de Derechos Humanos en el Sureste Mexicano (COMDHSM).<\/p>\n\n\n\n<p class=\"wp-block-paragraph\"><br>\u00abEn las detenciones realizadas particularmente en el norte del pa\u00eds, las autoridades argumentan que las FMM, no son v\u00e1lidas para garantizar la estancia de las personas en el territorio nacional, respondiendo a pol\u00edticas de contenci\u00f3n de Estados Unidos. Tambi\u00e9n hemos recibido reportes de personas expulsadas a Guatemala que requieren de mayor investigaci\u00f3n\u201d,\u00a0 denunciaron.<br><br>Al se\u00f1alar que los tr\u00e1mites realizados en el Centro de Atenci\u00f3n Integral al Tr\u00e1nsito Fronterizo (CAITF) Cerro Gordo de Huixtla, se realizaron de manera discrecional y sin informaci\u00f3n clara, ni suficiente; el Colectivo se\u00f1al\u00f3 que la entrega de la FMM, que solamente garantiza estancia regular por 30 d\u00edas, \u201cno resuelve de fondo la necesidad y el derecho de las personas a regularizaci\u00f3n migratoria de mediano y largo plazo, as\u00ed como tampoco garantiza el acceso a derechos fundamentales\u201d.<br><br>La veintena de organizaciones civiles, refiere que el \u00e9xodo, conformado por personas, en su mayor\u00eda de nacionalidad venezolana, y familias con ni\u00f1as, ni\u00f1os y adolescentes, adem\u00e1s de personas LGBTIQ+, mujeres embarazadas y personas con discapacidad, sali\u00f3 de Tapachula ante la falta de v\u00edas de regularizaci\u00f3n y acceso a la solicitud de asilo.<\/p>\n\n\n\n<p class=\"wp-block-paragraph\">En el transcurso de estos d\u00edas, agreg\u00f3-, se han congregado m\u00e1s personas en el CAITF de Huixtla, para obtener la regularizaci\u00f3n migratoria tras meses de espera a sus procesos en Tapachula, \u201clo que genera m\u00e1s confusi\u00f3n sobre los procedimientos. Hoy, lunes 13 de junio, siguen m\u00e1s de mil personas en dicho lugar sin informaci\u00f3n, ni comunicaci\u00f3n clara, por parte del Instituto Nacional de Migraci\u00f3n (INM) sobre los procedimientos\u00bb.<br><br>Al denunciar la violencia institucional ejercida por el INM ante la discrecionalidad y arbitrariedad en los procesos de regularizaci\u00f3n migratoria, generando tensi\u00f3n entre las personas y desconfianza general, el colectivo dijo que \u201dlas FMM se otorgaron despu\u00e9s de haber expuesto a las personas a diversos riesgos a su integridad y salud f\u00edsica y emocional por las condiciones de precariedad en las que se<br>les oblig\u00f3 a esperar por sus documentos, y de las cuales ni siquiera necesidades b\u00e1sicas como agua se pudieron cubrir\u00bb.<br><br>\u201cLas FMM se otorgaron despu\u00e9s de haber expuesto a las personas a diversos riesgos a su integridad y salud f\u00edsica y emocional por las condiciones de precariedad en las que se les oblig\u00f3 a esperar por sus documentos, y de las cuales ni siquiera necesidades b\u00e1sicas, como agua se pudieron cubrir. Personas de perfiles de alta vulnerabilidad, como lo son familias con ni\u00f1as y ni\u00f1os, mujeres embarazadas y personas de la comunidad LGBTIQ+ tampoco recibieron atenci\u00f3n adecuada\u201d.<br><br>A\u00f1adi\u00f3: \u201cEl jueves 9 de junio se document\u00f3 la necesidad urgente de atenci\u00f3n m\u00e9dica a un ni\u00f1o en el CAITF, sin embargo, a\u00fan con la presencia de una ambulancia la familia tuvo que trasladarse por sus propios medios a buscar atenci\u00f3n m\u00e9dica, ya que la ambulancia no ten\u00eda ch\u00f3fer y las autoridades presentes, Guardia Nacional (GN), Tr\u00e1nsito y Polic\u00eda, se negaron a brindar la atenci\u00f3n necesaria\u201d.<br><br>El Colectivo de Observaci\u00f3n y Monitoreo de Derechos Humanos en el Sureste Mexicano (COMDHSM) advierte que continuar\u00e1 con la labor de monitoreo y observaci\u00f3n de los procedimientos en las ciudades de la frontera sur de M\u00e9xico, al tiempo que exigi\u00f3 a la Secretar\u00eda de Gobernaci\u00f3n, al INM, a la Guardia Nacional y a la Polic\u00eda municipal y estatal \u00abrespeto a la legalidad de los documentos de estancia regular en el pa\u00eds otorgados por el propio INM y los derechos que dichos documentos garantizan, en particular la no detenci\u00f3n\u00bb.<\/p>\n","protected":false},"excerpt":{"rendered":"<p>Migrantes integrantes de la caravana que parti\u00f3 el pasado 6 de junio pasado de Tapachula, y que se dispers\u00f3 con la entrega a siete mil personas de la Forma Migratoria M\u00faltiple (FMM) con una vigencia de 30 d\u00edas<\/p>\n","protected":false},"author":3,"featured_media":51730,"comment_status":"open","ping_status":"open","sticky":false,"template":"","format":"standard","meta":{"_monsterinsights_skip_tracking":false,"footnotes":""},"categories":[693,29,27],"tags":[],"class_list":["post-51729","post","type-post","status-publish","format-standard","has-post-thumbnail","category-693","category-caravana-migrante","category-cobertura-especial"],"_links":{"self":[{"href":"https:\/\/redsemlac.com\/semmexico\/wp-json\/wp\/v2\/posts\/51729","targetHints":{"allow":["GET"]}}],"collection":[{"href":"https:\/\/redsemlac.com\/semmexico\/wp-json\/wp\/v2\/posts"}],"about":[{"href":"https:\/\/redsemlac.com\/semmexico\/wp-json\/wp\/v2\/types\/post"}],"author":[{"embeddable":true,"href":"https:\/\/redsemlac.com\/semmexico\/wp-json\/wp\/v2\/users\/3"}],"replies":[{"embeddable":true,"href":"https:\/\/redsemlac.com\/semmexico\/wp-json\/wp\/v2\/comments?post=51729"}],"version-history":[{"count":0,"href":"https:\/\/redsemlac.com\/semmexico\/wp-json\/wp\/v2\/posts\/51729\/revisions"}],"wp:featuredmedia":[{"embeddable":true,"href":"https:\/\/redsemlac.com\/semmexico\/wp-json\/wp\/v2\/media\/51730"}],"wp:attachment":[{"href":"https:\/\/redsemlac.com\/semmexico\/wp-json\/wp\/v2\/media?parent=51729"}],"wp:term":[{"taxonomy":"category","embeddable":true,"href":"https:\/\/redsemlac.com\/semmexico\/wp-json\/wp\/v2\/categories?post=51729"},{"taxonomy":"post_tag","embeddable":true,"href":"https:\/\/redsemlac.com\/semmexico\/wp-json\/wp\/v2\/tags?post=51729"}],"curies":[{"name":"wp","href":"https:\/\/api.w.org\/{rel}","templated":true}]}}