{"id":5171,"date":"2018-08-27T16:12:55","date_gmt":"2018-08-27T16:12:55","guid":{"rendered":"https:\/\/redsemlac.com\/semmexico\/?p=5171"},"modified":"2023-07-21T14:32:43","modified_gmt":"2023-07-21T19:32:43","slug":"mayoria-con-experiencia-en-puestos-de-decision-o-ex-legisladoras","status":"publish","type":"post","link":"https:\/\/redsemlac.com\/semmexico\/mayoria-con-experiencia-en-puestos-de-decision-o-ex-legisladoras\/","title":{"rendered":"Mayor\u00eda con experiencia en puestos de decisi\u00f3n o ex legisladoras."},"content":{"rendered":"\n<p class=\"wp-block-paragraph\"><a href=\"https:\/\/www.semmexico.com\/gallery-post.php?id=5672#\">Sara Lovera<\/a><\/p>\n\n\n\n<p class=\"wp-block-paragraph\">Entrevistas videograbadas de Lizbeth \u00c1lvarez<\/p>\n\n\n\n<p class=\"wp-block-paragraph\"><a href=\"https:\/\/youtu.be\/Kau5ijfZwFw\"><strong>Ver entrevistas en video aqu\u00ed<\/strong><\/a><\/p>\n\n\n\n<p class=\"wp-block-paragraph\">SemM\u00e9xico. Cd. de M\u00e9xico. 27 de agosto de 2018.- Comprometidas a eliminar la violencia contra las mujeres, 11 diputadas, de las 241 que iniciar\u00e1n esta semana su trabajo como legisladoras federales, elegidas al azar por SemM\u00e9xico hablaron de la agenda de las mujeres.<\/p>\n\n\n\n<p class=\"wp-block-paragraph\">Dubitativas, algunas sobre el compromiso de g\u00e9nero, 10 de ellas tienen antecedentes pol\u00edticos, como legisladoras federales, locales o responsables de puestos en la administraci\u00f3n p\u00fablica, en los estados o municipios;&nbsp; con credenciales de educaci\u00f3n superior, s\u00f3lo una no; de entre ellas una muy joven de la diversidad sexual, una que viene de la lucha social \u00fanicamente, plurinominales o que ganaron el puesto en las urnas, podr\u00edan trabajar una agenda de g\u00e9nero y construir, como se espera, &nbsp;una s\u00f3lida bancada feminista.<\/p>\n\n\n\n<p class=\"wp-block-paragraph\">Las une, a estas once de distintos partidos pol\u00edticos, su claridad respecto a la violencia contra las mujeres; una cree que no deber\u00eda superponerse la violencia pol\u00edtica a todas las otras violencias de g\u00e9nero, dicen poco sobre la despenalizaci\u00f3n del aborto pero s\u00ed se\u00f1alan la urgencia de avanzar en la igualdad sustantiva.<\/p>\n\n\n\n<p class=\"wp-block-paragraph\">Delinearon la necesidad de m\u00e1s presupuesto y m\u00e1s de una parece estar interesada en el trabajo para otras y otros. Dos de ellas tienen claro que el tema central es combatir la corrupci\u00f3n y ninguna habl\u00f3 de la cuarta transformaci\u00f3n del pa\u00eds.<\/p>\n\n\n\n<p class=\"wp-block-paragraph\">Por sus historias, hay que decir, que el 50 por ciento salt\u00f3 de un partido pol\u00edtico a otro, en su historia. El azar, por ahora, hizo que la mayor\u00eda venga de entidades conservadoras o cuyo origen es el otrora partido de estado.<\/p>\n\n\n\n<p class=\"wp-block-paragraph\">Este, que no es sino un sondeo r\u00e1pido, muestra que en ning\u00fan caso las nuevas legisladoras llegaron sin experiencia, s\u00f3lo dos fueron elegidas en la t\u00f3mbola de designaci\u00f3n, con la que se eligieron de candidatas por MORENA, el ahora partido dominante.<\/p>\n\n\n\n<p class=\"wp-block-paragraph\">Estas son sus declaraciones:<\/p>\n\n\n\n<p class=\"wp-block-paragraph\"><strong>Martha Tagle (Movimiento Ciudadano<\/strong>)<\/p>\n\n\n\n<p class=\"wp-block-paragraph\">&nbsp;Ex senadora, militante de larga data. S\u00f3lo militante del partido naranja, feminista.<\/p>\n\n\n\n<p class=\"wp-block-paragraph\">&nbsp;Al reconocer que la LXIV legislatura, ser\u00e1 casi paritaria, 241 mujeres de 500 bancas, consider\u00f3 que este es \u201cel momento\u201d de mujeres en mayor\u00eda en el Congreso, el reto, para ella, es concretar una agenda legislativa en favor del avance de las mujeres\u201d. Se refiri\u00f3 indirectamente a la enorme cantidad de mujeres en la direcci\u00f3n de los municipios (346) y advirti\u00f3 que en las entidades de la Rep\u00fablica todav\u00eda existen simulaciones que buscan dar la vuelta a ley electoral para evitar que las mujeres lleguen a los espacios pol\u00edticos.<\/p>\n\n\n\n<p class=\"wp-block-paragraph\">Urgi\u00f3 a la vinculaci\u00f3n de las nuevas representantes populares. Propuso sobre la violencia pol\u00edtica, que adem\u00e1s de la ley general, es imperativo que tenga sanciones, \u201ceste debe ser uno de los primeros temas\u201d.<\/p>\n\n\n\n<p class=\"wp-block-paragraph\">Piensa que la paridad, que ahora es s\u00f3lo para la lista de candidaturas, debe convertirse en una realidad cotidiana, para toda la sociedad; otro tema es luchar o trabajar por el empoderamiento econ\u00f3mico para aligerar las cargas de la mayor\u00eda de las mujeres y hacer realidad una vida libre de violencia. Mejor presupuesto con recursos etiquetados para disminuir las brechas de desigualdad. Y desde luego fortalecer la Comisi\u00f3n de Igualdad en el Congreso.<\/p>\n\n\n\n<p class=\"wp-block-paragraph\">Luego deline\u00f3 su aspiraci\u00f3n legislativa: revisar la Ley de Igualdad; incidir en el Plan Nacional de Desarrollo; generar un Plan Nacional de Igualdad promovido en el pr\u00f3ximo gobierno. Hacer funcionar todo lo que ya est\u00e1 en la ley, como la interrupci\u00f3n del embarazo por violaci\u00f3n\u201d.&nbsp;<\/p>\n\n\n\n<figure class=\"wp-block-image\"><img decoding=\"async\" src=\"http:\/\/www.semmexico.com\/SemWork\/uploads\/martha%20tagle.jpg\" alt=\"\"\/><\/figure>\n\n\n\n<p class=\"wp-block-paragraph\"><strong>Josefina Salazar B\u00e1ez de militancia panista.<\/strong><\/p>\n\n\n\n<p class=\"wp-block-paragraph\">Elegida por quinto distrito electoral federal en San Luis Potos\u00ed por la coalici\u00f3n \u201cPor M\u00e9xico al Frente\u201d, obtuvo 86 mil 943 votos.<\/p>\n\n\n\n<p class=\"wp-block-paragraph\">Piensa sobre la despenalizaci\u00f3n del aborto, que no. Dijo estar a favor de la vida. \u201cHe sido una defensora de respetar el derecho a la vida desde la concepci\u00f3n, lo he hecho desde mi estado en San Luis Potos\u00ed y lo voy a seguir haciendo desde la C\u00e1mara Federal\u201d. Fue ya diputada local.<\/p>\n\n\n\n<p class=\"wp-block-paragraph\">Se propone trabajar asuntos como la Alerta de Violencia de G\u00e9nero (AVG) que \u201cno ha estado funcionando\u201d.<\/p>\n\n\n\n<p class=\"wp-block-paragraph\">\u201cCreo que las alertas de g\u00e9nero no tienen que ser llamados a misa, como sucede actualmente. Tienen que reglamentarse y sancionar a aquellos servidores p\u00fablicos que no est\u00e9n sirviendo con las mismas. No necesitamos m\u00e1s mujeres muertas en M\u00e9xico, no las queremos y por supuesto que se tienen que revisar para que sean efectivas estas alertas en los estados\u201d, dijo.<\/p>\n\n\n\n<p class=\"wp-block-paragraph\">Para ella la violencia pol\u00edtica es relevante, pero no lo m\u00e1s importante: \u201ccreo que tenemos que irnos hacia el tema de la violencia dom\u00e9stica, la violencia laboral, violencia comunitaria. Son muchos los temas que tenemos que estar trabajando en conjunto\u201d.<\/p>\n\n\n\n<p class=\"wp-block-paragraph\">Est\u00e1 a favor de crear una Secretar\u00eda de las Mujeres para buscar verdaderas pol\u00edticas p\u00fablicas transversales de g\u00e9nero, el empoderamiento de las mujeres y ofrecer nuevas oportunidades. Desterrar que se les niega el trabajo por tener hijos, por la edad, porque no tienen preparaci\u00f3n. Cada vez hay m\u00e1s mujeres que son jefas de familia. Debe haber mujeres con independencia econ\u00f3mica y sin vivir la violencia en sus casas.<\/p>\n\n\n\n<figure class=\"wp-block-image\"><img decoding=\"async\" src=\"http:\/\/www.semmexico.com\/SemWork\/uploads\/josefina%20salazar.jpg\" alt=\"\"\/><\/figure>\n\n\n\n<p class=\"wp-block-paragraph\"><strong>Martha Elisa Gonz\u00e1lez Estrada (PAN), Aguascalientes.<\/strong><\/p>\n\n\n\n<p class=\"wp-block-paragraph\">Ex sindica, ex diputada local; es directora del Instituto Municipal de las Mujeres en la ciudad de Aguascalientes. Su preocupaci\u00f3n central est\u00e1 en las trabajadoras, que no tienen el mismo salario que los hombres; reconocer el trabajo dom\u00e9stico, invisible y su empoderamiento econ\u00f3mico\u201d.<\/p>\n\n\n\n<p class=\"wp-block-paragraph\">Asegur\u00f3 que el asunto es fortalecer el empoderamiento econ\u00f3mico de las mujeres. \u201cUna gran cantidad de mujeres est\u00e1n a cargo de sus hijos y necesitamos apoyarlas para que puedan salir adelante. Que la ley las pueda proteger\u201d.<\/p>\n\n\n\n<p class=\"wp-block-paragraph\">Afirm\u00f3 estar a favor de la vida, aunque cree importante no satanizar a las mujeres que abortan, por situaciones de violaci\u00f3n.<\/p>\n\n\n\n<p class=\"wp-block-paragraph\">Tambi\u00e9n cree que la violencia de g\u00e9nero ha escalado: \u201cPareciera que entre m\u00e1s avances la violencia se va recrudeciendo\u201d Considera que debe ser visible.<\/p>\n\n\n\n<p class=\"wp-block-paragraph\">Pidi\u00f3 capacitaci\u00f3n para los Ministerios P\u00fablicos, para que impartan justicia, con perspectiva de g\u00e9nero \u201cporque de nada nos sirve que haya una legislaci\u00f3n en donde se castigue el feminicidio si realmente a la hora que se va a impartir justicia no lo ven desde esta \u00f3ptica. Desafortunadamente no se penaliza como se debe\u201d. Est\u00e1 en contra de la corrupci\u00f3n. Aunque fue en coalici\u00f3n con el Partido de la Revoluci\u00f3n Democr\u00e1tica, (PRD), piensa que no debe repartirse la riqueza, como propone el socialismo, sino atemperar las desigualdades econ\u00f3micas y sociales. Piensa que la familia es lo m\u00e1s importante.<\/p>\n\n\n\n<figure class=\"wp-block-image\"><img decoding=\"async\" src=\"http:\/\/www.semmexico.com\/SemWork\/uploads\/martha%20elisa%20gonzalez.jpg\" alt=\"\"\/><\/figure>\n\n\n\n<p class=\"wp-block-paragraph\"><strong>Cynthia L\u00f3pez Castro (PRI): ex asamble\u00edsta.<\/strong><\/p>\n\n\n\n<p class=\"wp-block-paragraph\">Con estudios en Ciencia Pol\u00edtica en el Instituto Tecnol\u00f3gico Aut\u00f3nomo de M\u00e9xico y quiere estudiar una maestr\u00eda en temas de Desarrollo Urbano. Fue directora de Vinculaci\u00f3n en la Oficina de la Presidencia de la Rep\u00fablica. S\u00f3lo ha militado en el PRI.<\/p>\n\n\n\n<p class=\"wp-block-paragraph\">Para la agenda legislativa su tema fundamental es la del presupuesto con visi\u00f3n de g\u00e9nero y expres\u00f3 que es una con visi\u00f3n de g\u00e9nero como puede abordarse el trabajo legislativo, para seguir fomentando leyes donde \u201clas mujeres estemos libres de violencia. Todas las mujeres hemos sufrido violencia, acoso, violencia pol\u00edtica, discriminaci\u00f3n\u201d.<\/p>\n\n\n\n<p class=\"wp-block-paragraph\">Como ex legisladora local se\u00f1al\u00f3: \u201cEn el periodo pasado qued\u00f3 pendiente la ley sobre regular la violencia pol\u00edtica, va a ser fundamental trabajar sobre eso para que ninguna mujer sea violentada pol\u00edticamente\u201d.<\/p>\n\n\n\n<p class=\"wp-block-paragraph\">Fue Secretaria de Gesti\u00f3n y Desarrollo Social del PRI en Distrito Federal<\/p>\n\n\n\n<figure class=\"wp-block-image\"><img decoding=\"async\" src=\"http:\/\/www.semmexico.com\/SemWork\/uploads\/cintia%20lopez.jpg\" alt=\"\"\/><\/figure>\n\n\n\n<p class=\"wp-block-paragraph\"><strong>Sonia Rocha Acosta (PAN): ex senadora de la Rep\u00fablica por Quer\u00e9taro.<\/strong><\/p>\n\n\n\n<p class=\"wp-block-paragraph\">Sobre la paridad, coment\u00f3 que \u201choy casi somos 50 y 50 en la C\u00e1mara, y en la de senadores igual. Lo que falta es la igualdad en el tema privado, empresarial, que las mujeres y los hombres ganen lo mismo por la misma actividad laboral que hacen, que el trabajo sea reconocido en la misma circunstancia.<\/p>\n\n\n\n<p class=\"wp-block-paragraph\">Y explic\u00f3: Que cuando una mujer vaya a pedir trabajo no le pregunten que si es casada o soltera porque eso no importa. Que no le digan si quiere tener hijos o si va a tenerlos; ese es un tema que no se deber\u00edan de cuestionar porque es privado. Sobre eso tenemos que legislar\u201d.<\/p>\n\n\n\n<p class=\"wp-block-paragraph\">Dijo que con la paridad \u201chemos avanzado mucho pero nos falta el tema de gobernadores y gobernadoras, que a\u00fan no lo hay en nuestro pa\u00eds, por ejemplo.<\/p>\n\n\n\n<p class=\"wp-block-paragraph\">Ella ha impulsado, en el Senado, la iniciativa de que durante abril de cada a\u00f1o se haga conciencia sobre prevenci\u00f3n del embarazo adolescente y que el primer mi\u00e9rcoles de mayo sea conmemorada la toma de conciencia sobre la salud mental materna.<\/p>\n\n\n\n<figure class=\"wp-block-image\"><img decoding=\"async\" src=\"http:\/\/www.semmexico.com\/SemWork\/uploads\/sonia%20rocha.jpg\" alt=\"\"\/><\/figure>\n\n\n\n<p class=\"wp-block-paragraph\"><strong>Alma Marina Vitela Rodr\u00edguez, diputada del estado de Durango, Partido Encuentro Social (PES), ex militante por a\u00f1os del PRI, fue regidora. Coahuila.<\/strong><\/p>\n\n\n\n<p class=\"wp-block-paragraph\">De ella se ha dicho que es una mujer pol\u00edtica de siempre. Oriunda de la Comarca Lagunera, es enfermera de profesi\u00f3n; a trav\u00e9s del&nbsp; Partido Revolucionario Institucional desempe\u00f1\u00f3 importantes cargos p\u00fablicos y responsabilidades partidistas, como regidora; diputada local y federal; consejera pol\u00edtica municipal, estatal y nacional; dirigente del ONMPRI y Secretaria General del PRI Estatal.&nbsp; Hoy lleg\u00f3 por el PES en alianza con MORENA.<\/p>\n\n\n\n<p class=\"wp-block-paragraph\">Sobre el combate a la violencia de g\u00e9nero, coment\u00f3 que hay que dedicarle presupuesto, tiempo y seguimiento, porque hay lugares en el pa\u00eds en los que no se ha declarado la Alerta de Violencia de G\u00e9nero contra las Mujeres \u201chay mucho trabajo por hacer en ese sentido, porque las mujeres son la base de la sociedad de este pa\u00eds\u201d.<\/p>\n\n\n\n<p class=\"wp-block-paragraph\">Sobre la violencia pol\u00edtica, opin\u00f3 que se da cuando deciden mandarte a lugares en lo que los hombres no quieren participar. Simplemente al interior de los partidos, ellos te van infringiendo violencia al desde que vas caminando; desde los comentarios que hacen tus compa\u00f1eros cuando quieres participar o ya est\u00e1s participando, intentan boicotearte desde el interior. La violencia existe y en la pol\u00edtica es dura\u201d.<\/p>\n\n\n\n<figure class=\"wp-block-image\"><img decoding=\"async\" src=\"http:\/\/www.semmexico.com\/SemWork\/uploads\/alma%20marina.jpg\" alt=\"\"\/><\/figure>\n\n\n\n<p class=\"wp-block-paragraph\"><strong>Mariana Dunyaska Garc\u00eda Rojas (PAN) Veracruz.<\/strong><\/p>\n\n\n\n<p class=\"wp-block-paragraph\">En el PAN ha sido integrante de la Secretar\u00eda Municipal de Vinculaci\u00f3n con la Sociedad en el periodo 2006-2007, Consejera Estatal en el Estado de Veracruz periodo 2008-2011, Integrante de la Comisi\u00f3n Dictaminadora y del Comit\u00e9 Directivo Estatal en el Estado de Veracruz, periodo 2008-2011, Secretar\u00eda Estatal de Promoci\u00f3n Pol\u00edtica de la Mujer en el Estado de Veracruz, periodo 2008-2011, Capacitadora Nacional SCAN Fundaci\u00f3n Rafael Preciado Hern\u00e1ndez, Consejera Nacional, periodo 2010-2013 e Integrante del Comit\u00e9 Directivo Estatal de Veracruz, periodo 2011-2014. Fue diputada federal de la LXII Legislatura.<\/p>\n\n\n\n<p class=\"wp-block-paragraph\">Opin\u00f3 que tenemos que hablar de las nuevas masculinidades; trabajar para que se equilibren los g\u00e9neros, ya que es un tema poco visto en materia de paridad. \u201cHay que impulsar las acciones afirmativas en favor de las mujeres pero hay que trabajar junto con los hombres para erradicar la violencia y encontrar armon\u00eda\u201d.<\/p>\n\n\n\n<p class=\"wp-block-paragraph\">Se\u00f1al\u00f3 que en materia del trabajo conjunto en el hogar, es fundamental hablar del trabajo dom\u00e9stico, de su reconocimiento y valor.<\/p>\n\n\n\n<p class=\"wp-block-paragraph\">\u201cTenemos que lograr un equilibrio en los estereotipos tanto de hombres como mujeres. Hay que hacer trabajo en el interior de las familias, hay que hacer trabajo en las nuevas masculinidades de los j\u00f3venes, en la visi\u00f3n de que son entes emocionales y pueden ser parte del trabajo al interior del hogar. Podemos compartir las tareas\u201d.<\/p>\n\n\n\n<figure class=\"wp-block-image\"><img decoding=\"async\" src=\"http:\/\/www.semmexico.com\/SemWork\/uploads\/mariana%20dunyaska.jpg\" alt=\"\"\/><\/figure>\n\n\n\n<p class=\"wp-block-paragraph\"><strong>Norma Adela Guel Sald\u00edvar (PRI): Aguascalientes.<\/strong><\/p>\n\n\n\n<p class=\"wp-block-paragraph\">Su padre fue gobernador Francisco Guel Jim\u00e9nez. Fue diputada local por el Partido Revolucionario Institucional (PRI).<\/p>\n\n\n\n<p class=\"wp-block-paragraph\">Piensa que para abatir la violencia contra las mujeres, es necesario reforzar y aumentar las penas a los criminales. \u201cNo podemos seguir permitiendo que las mujeres queden expuestas, ni que por el uso de una minifalda, que se le achaquen a las mujeres\u2026 necesitamos apoyarlas y no cambiar de v\u00edctimas a ser consideradas provocadoras\u201d.<\/p>\n\n\n\n<p class=\"wp-block-paragraph\">Gracias al Congreso paritario, consider\u00f3 necesario formar una buena comisi\u00f3n de mujeres: \u201cDe hecho las mujeres tenemos que trabajar por las mujeres y dejar a un lado conductas como poner piedritas a otras; tenemos que ser solidarias entre todas nosotras\u201d. No habl\u00f3 de otros temas para la agenda de g\u00e9nero.<\/p>\n\n\n\n<figure class=\"wp-block-image\"><img decoding=\"async\" src=\"http:\/\/www.semmexico.com\/SemWork\/uploads\/norma%20adela.jpg\" alt=\"\"\/><\/figure>\n\n\n\n<p class=\"wp-block-paragraph\"><strong>Reyna Celeste Ascencio Ortega, Michoac\u00e1n (Morena).<\/strong><\/p>\n\n\n\n<p class=\"wp-block-paragraph\">En Michoac\u00e1n, ha trabajado en la promoci\u00f3n y defensa de los derechos de las personas lesbianas, gays, bisexuales y trans. De origen ind\u00edgena estudi\u00f3 la licenciatura en Derecho, y durante dos a\u00f1os se desempe\u00f1\u00f3 como secretaria estatal de Diversidad Sexual de Morena, es ya la primera representante abiertamente LGBT+ de ese partido.<\/p>\n\n\n\n<p class=\"wp-block-paragraph\">Tiene 25 a\u00f1os de edad, egresada de la carrera de Derecho, considera que tambi\u00e9n representa a j\u00f3venes y pueblos originarios.<\/p>\n\n\n\n<p class=\"wp-block-paragraph\">Consider\u00f3 que al provenir de una comunidad en la que todav\u00eda est\u00e1 muy arraigado el machismo, vivi\u00f3 violencia pol\u00edtica: \u201cDe momento no distingu\u00ed bien si era por ser joven o por ser mujer. Ser joven en la pol\u00edtica te lleva a recibir agresiones \u2018\u00bfpor qu\u00e9 una jovencita est\u00e1 intentando sobresalir?\u2019\u201d.<\/p>\n\n\n\n<p class=\"wp-block-paragraph\">Asegura que el t\u00e9rmino pol\u00edtica se ha desvirtuado: \u201cSi rescatamos la verdadera esencia de la pol\u00edtica es ayudar a los dem\u00e1s, con eso me quedo. Lamentablemente la pol\u00edtica de hoy se ha convertido en politiquer\u00eda; es ese sentir: el querer hacer las cosas mucho mejor\u201d.<\/p>\n\n\n\n<p class=\"wp-block-paragraph\">Una de las razones que me inspiraron a participar son los temas de la austeridad, la transparencia y fuera la corrupci\u00f3n, dijo.<\/p>\n\n\n\n<p class=\"wp-block-paragraph\">Naci\u00f3 en Uruapan, Michoac\u00e1n, aunque dice ser originaria de Paracho, una comunidad pur\u00e9pecha de 37 mil 464 habitantes. Juega basquetbol y futbol, y toca la guitarra.<\/p>\n\n\n\n<figure class=\"wp-block-image\"><img decoding=\"async\" src=\"http:\/\/www.semmexico.com\/SemWork\/uploads\/reyna%20celeste.jpg\" alt=\"\"\/><\/figure>\n\n\n\n<p class=\"wp-block-paragraph\"><strong>Socorro Baena Jim\u00e9nez, Estado de M\u00e9xico (Morena).<\/strong><\/p>\n\n\n\n<p class=\"wp-block-paragraph\">Sin antecedentes de responsabilidades partidarias, ni puestos p\u00fablicos. Es la primera vez que participa en una elecci\u00f3n. Fue insaculada de las urnas de MORENA, al azar.&nbsp; &nbsp;<\/p>\n\n\n\n<p class=\"wp-block-paragraph\">Piensa que es necesario acabar con la sumisi\u00f3n de las mujeres. \u201cNecesitamos, como legisladoras, salir y hablar con esas mujeres violentadas, hacer y llevarles foros\u201d.<\/p>\n\n\n\n<p class=\"wp-block-paragraph\">Agreg\u00f3 que \u201clas compa\u00f1eras que est\u00e1n aqu\u00ed haciendo que exista igualdad de g\u00e9nero no han volteado a ver los pueblos ind\u00edgenas, en donde realmente las mujeres necesitan el apoyo. Trataremos de impulsar una ley para que vean a los pueblos ind\u00edgenas\u201d.<\/p>\n\n\n\n<p class=\"wp-block-paragraph\">Adem\u00e1s, relat\u00f3: \u201cYo viv\u00ed la violencia pol\u00edtica, violencia familiar; o que pasa es que como mujeres no queremos aceptar que vivimos violencia\u201d.<\/p>\n\n\n\n<figure class=\"wp-block-image\"><img decoding=\"async\" src=\"http:\/\/www.semmexico.com\/SemWork\/uploads\/socorro%20baena.jpg\" alt=\"\"\/><\/figure>\n\n\n\n<p class=\"wp-block-paragraph\"><strong>Susana Cano Gonz\u00e1lez, Estado de M\u00e9xico (Morena), enfermera jubilada.<\/strong><\/p>\n\n\n\n<p class=\"wp-block-paragraph\">Diputada Plurinominal. De extracci\u00f3n sindical. Fue insaculada de las urnas de MORENA, al azar.<\/p>\n\n\n\n<p class=\"wp-block-paragraph\">La diputada de 69 a\u00f1os de edad afirma que las familias se han venido deteriorando, ha crecido el n\u00famero de madres solteras. Consider\u00f3 que se han equivocado los conceptos de derecho e igualdad de la mujer, y cada d\u00eda aparecen m\u00e1s mujeres muertas.<\/p>\n\n\n\n<p class=\"wp-block-paragraph\">Piensa que la violencia se puede erradicar desde las familias, con una buena educaci\u00f3n desde los hogares.<\/p>\n\n\n\n<p class=\"wp-block-paragraph\">Asever\u00f3 que pretende legislar para que existan estancias para los adultos mayores, ya que muchos de ellos son abandonados por sus familiares. Lo que propone Morena es que el apoyo a este sector sea universal, remarc\u00f3.&nbsp;<br><\/p>\n","protected":false},"excerpt":{"rendered":"<p>Sara Lovera Entrevistas videograbadas de Lizbeth \u00c1lvarez Ver entrevistas en video aqu\u00ed SemM\u00e9xico. Cd. de M\u00e9xico. 27 de agosto de 2018.- Comprometidas a eliminar la violencia contra las mujeres, 11 diputadas, de las 241 que iniciar\u00e1n esta semana su trabajo como legisladoras federales, elegidas al azar por SemM\u00e9xico hablaron de la agenda de las mujeres. [&hellip;]<\/p>\n","protected":false},"author":3,"featured_media":5172,"comment_status":"open","ping_status":"open","sticky":false,"template":"","format":"standard","meta":{"_monsterinsights_skip_tracking":false,"footnotes":""},"categories":[689,50,69],"tags":[],"class_list":["post-5171","post","type-post","status-publish","format-standard","has-post-thumbnail","category-689","category-congreso","category-sara-lovera"],"_links":{"self":[{"href":"https:\/\/redsemlac.com\/semmexico\/wp-json\/wp\/v2\/posts\/5171","targetHints":{"allow":["GET"]}}],"collection":[{"href":"https:\/\/redsemlac.com\/semmexico\/wp-json\/wp\/v2\/posts"}],"about":[{"href":"https:\/\/redsemlac.com\/semmexico\/wp-json\/wp\/v2\/types\/post"}],"author":[{"embeddable":true,"href":"https:\/\/redsemlac.com\/semmexico\/wp-json\/wp\/v2\/users\/3"}],"replies":[{"embeddable":true,"href":"https:\/\/redsemlac.com\/semmexico\/wp-json\/wp\/v2\/comments?post=5171"}],"version-history":[{"count":0,"href":"https:\/\/redsemlac.com\/semmexico\/wp-json\/wp\/v2\/posts\/5171\/revisions"}],"wp:featuredmedia":[{"embeddable":true,"href":"https:\/\/redsemlac.com\/semmexico\/wp-json\/wp\/v2\/media\/5172"}],"wp:attachment":[{"href":"https:\/\/redsemlac.com\/semmexico\/wp-json\/wp\/v2\/media?parent=5171"}],"wp:term":[{"taxonomy":"category","embeddable":true,"href":"https:\/\/redsemlac.com\/semmexico\/wp-json\/wp\/v2\/categories?post=5171"},{"taxonomy":"post_tag","embeddable":true,"href":"https:\/\/redsemlac.com\/semmexico\/wp-json\/wp\/v2\/tags?post=5171"}],"curies":[{"name":"wp","href":"https:\/\/api.w.org\/{rel}","templated":true}]}}