{"id":51668,"date":"2022-06-13T09:26:54","date_gmt":"2022-06-13T15:26:54","guid":{"rendered":"https:\/\/redsemlac.com\/semmexico\/?p=51668"},"modified":"2023-07-21T19:07:02","modified_gmt":"2023-07-22T00:07:02","slug":"miradas-de-reportero-seis-buenas-noticias-entre-periodistas","status":"publish","type":"post","link":"https:\/\/redsemlac.com\/semmexico\/miradas-de-reportero-seis-buenas-noticias-entre-periodistas\/","title":{"rendered":"Miradas de reportero| Seis buenas noticias entre periodistas"},"content":{"rendered":"\n<p class=\"wp-block-paragraph\"><strong>Rogelio Hern\u00e1ndez L\u00f3pez<\/strong><\/p>\n\n\n\n<p class=\"wp-block-paragraph\">SemM\u00e9xico, Ciudad de M\u00e9xico, 13 de junio de 2022.- La revista radiof\u00f3nica de Radio Educaci\u00f3n el <em>Fin Justifica los Medios<\/em> ya cumple32 a\u00f1os y ocho meses. Ah\u00ed, se hace un recuento semanal de lo que ocurre en la industria de los medios de comunicaci\u00f3n, el periodismo y entre periodistas. Son pocos los espacios que hacen esto. El 9 de junio pasado, los conductores, Graciela Ram\u00edrez y Jos\u00e9 \u00c1ngel Dom\u00ednguez invitaron a Juan Bautista Aguilar y a este reportero.<\/p>\n\n\n\n<p class=\"wp-block-paragraph\">Y en una hora, no alcanzamos a revisar la cantidad de hechos trascendentes ocurridos en nuestro medio ambiente, menos pudimos evaluar que en once d\u00edas consecutivos hubo seis noticias alentadoras que podr\u00edan mejorar la dif\u00edcil situaci\u00f3n de quienes informan profesionalmente y que, la mejor por su significancia, es el notable aumento de periodistas activistas por sus derechos.<\/p>\n\n\n\n<p class=\"wp-block-paragraph\"><a><strong>Disminuci\u00f3n de los \u00edndices de impunidad<\/strong><\/a>. El mismo jueves 9 de junio el subsecretario federal de Seguridad P\u00fablica, Ricardo Mej\u00eda Berdeja inform\u00f3 en Palacio Nacional que ya hab\u00edan sido identificados los cuatro presuntos asesinos de las periodistas de Cosoleacaque, Veracruz, Yesenia Mollinedo Falconi y Sheila Johana Garc\u00eda, y que dos ya estaban en prisi\u00f3n preventiva.<\/p>\n\n\n\n<p class=\"wp-block-paragraph\">Pero adem\u00e1s agreg\u00f3 que de los nueve casos de ese tipo de homicidios registrados por el gobierno federal en 2022 \u201cya hay 26 detenidos o buscados con \u00f3rdenes de aprehensi\u00f3n\u201d, que 19 est\u00e1n vinculados a proceso. Esa disposici\u00f3n pol\u00edtica y actuaci\u00f3n no hab\u00eda visto en el gobierno federal. Un factor es que en todos los asesinatos de este a\u00f1o hubo protestas de periodistas, dos simult\u00e1neas en m\u00e1s de 25 estados en enero y febrero m\u00e1s la presi\u00f3n sistem\u00e1tica de colegas cercanos a las v\u00edctimas para que se haga justicia.<\/p>\n\n\n\n<p class=\"wp-block-paragraph\">Verifiquemos:<\/p>\n\n\n\n<p class=\"wp-block-paragraph\"><strong>Hacia la disminuci\u00f3n de la <a>precariedad.<\/a><\/strong> En la ma\u00f1ana del 7 de junio pasado, Jes\u00fas Ram\u00edrez Cuevas el coordinador de Comunicaci\u00f3n Social de la Presidencia anunci\u00f3 el primer programa federal de seguridad social para periodistas que acrediten serlo desde al menos un a\u00f1o antes y que trabajen por cuenta propia.<\/p>\n\n\n\n<p class=\"wp-block-paragraph\">Con datos de la Encuesta Nacional de Ocupaci\u00f3n y Empleo se estim\u00f3 que se beneficiar\u00eda a 6 mil 26 con los cinco seguros del Instituto Mexicano del Seguro Social (enfermedades y maternidad; de riesgo de trabajo; de invalidez y vida; de retiro o de cesant\u00eda por vejez y de guarder\u00edas y prestaciones sociales). En meses siguientes difundir\u00e1n facilidades para adquisici\u00f3n de vivienda con el Infonavit y se realizar\u00e1 \u2013dijo&#8211;un padr\u00f3n riguroso de beneficiarios <em>(Ver <\/em><a href=\"http:\/\/imss.gob.mx\/periodistas-por-cuenta-propia\"><em>http:\/\/imss.gob.mx\/periodistas-por-cuenta-propia<\/em><\/a><em>).<\/em><\/p>\n\n\n\n<p class=\"wp-block-paragraph\">Este anunci\u00f3 desat\u00f3 en redes sociales discusiones entre periodistas con tres enfoques: Por un lado, s\u00ed hubo una buena cantidad de colegas que de inmediato ingresaron al sitio web para inscribirse y que adem\u00e1s calificaron el anunci\u00f3 como positivo y afirmaron que quienes necesitan la seguridad social son muchos m\u00e1s que los estimados.<\/p>\n\n\n\n<p class=\"wp-block-paragraph\">En el segmento de periodistas consolidados se acus\u00f3 que es una medida clientelar del gobierno federal que se apropia de una demanda muy sentida de periodistas vulnerables para atraerlos hacia sus posiciones, que el programa es como un \u201cchayo corruptor, de la especie de pago para que no me pegues\u201d.<\/p>\n\n\n\n<p class=\"wp-block-paragraph\">Y una tercera posici\u00f3n fue la de tasar ese programa como incompleto, que no atiende las causas estructurales de la precariedad social y laboral de los periodistas, que se convertir\u00e1 en \u201calcahuete\u201d de las empresas de prensa.<\/p>\n\n\n\n<p class=\"wp-block-paragraph\">Esa efervescencia entre periodistas, tanto en lo individual como en forma colectiva, tuvo una expresi\u00f3n m\u00e1s razonada e integral por parte de los abogados laborales y periodistas de varias entidades del pa\u00eds que se organizan en torno al <em>Colectivo Tenemos que hablar, <\/em>fundado en 2016.<\/p>\n\n\n\n<p class=\"wp-block-paragraph\">En un pronunciamiento que emiti\u00f3 el mismo 7 de junio, ese colectivo sostiene que \u201cel Seguro social para periodistas es necesario, pero (el) programa federal no resuelve problemas estructurales\u201d y entre un sinf\u00edn de preguntas dice: \u201c\u00bfqu\u00e9 garant\u00eda existe de que las empresas no utilizar\u00e1n este programa para cambiar sus esquemas de contrataci\u00f3n para trasladar los costos al Estado -como lo han hecho antes-?; \u00bfacaso no previeron que favorecer\u00e1n la contrataci\u00f3n de trabajadoras y trabajadores bajo el esquema de honorarios y la eliminaci\u00f3n de puestos de trabajos asalariados?\u201d &nbsp;<em>(<\/em><a href=\"http:\/\/tenemosquehablar.org.mx\/pronunicamientosegurosocialperiodistas\/\"><em>http:\/\/tenemosquehablar.org.mx\/pronunicamientosegurosocialperiodistas\/<\/em><\/a><em>).<\/em><\/p>\n\n\n\n<p class=\"wp-block-paragraph\">&nbsp;Este colectivo ha crecido en adhesiones en varias entidades del pa\u00eds, sobre todo desde que en febrero de 2020 intensific\u00f3 su pretensi\u00f3n de crear un sindicato nacional y modificar las leyes que reconozcan el car\u00e1cter profesional del trabajo de los periodistas.<\/p>\n\n\n\n<p class=\"wp-block-paragraph\"><strong>Aceleran proceso para nueva ley general de protecci\u00f3n<\/strong>. El proceso que inici\u00f3 la Subsecretar\u00eda de Derechos Humanos de la Segob para incentivar la participaci\u00f3n de personas defensoras de derechos y de periodistas en el pa\u00eds se intensific\u00f3 con di\u00e1logos en otras entidades y en fechas m\u00e1s cercanas. Originalmente se preve\u00edan cinco reuniones regionales. Ya se hicieron ocho estatales y seguir\u00e1n m\u00e1s hasta julio. Esos foros se iniciaron en la Ciudad de M\u00e9xico, siguieron en Oaxaca, Sonora, Tepic, Cuernavaca y Tijuana. El s\u00e9ptimo se inici\u00f3 en Guadalajara el 30 de mayo y el octavo en Morelia los d\u00edas 7 y 8 de junio. El proyecto de ley, aseguran, estar\u00e1 antes de septiembre.<\/p>\n\n\n\n<p class=\"wp-block-paragraph\">En estos di\u00e1logos ha ido creciendo la cantidad de periodistas participantes, no obstante que se realizan en d\u00edas y horas de labor reporteril. Adem\u00e1s, en Cuernavaca, Tepic, Tijuana y Morelia los trabajadores del periodismo, elaboraron documentos colectivamente con propuestas que rebasan los linderos de lo que debe ser la ley, para demanda mejores condiciones laborales y sociales contra la precariedad, m\u00e1s atenci\u00f3n y protecciones de las autoridades locales.<\/p>\n\n\n\n<p class=\"wp-block-paragraph\">Un caso muy destacable de este activismo colectivo de periodistas, por ejemplo, fue el colectivo <em>Niunom\u00e1s<\/em> de Michoac\u00e1n (que agrupa a colegas de varios municipios) que present\u00f3 un posicionamiento bastante punzante el primer d\u00eda del foro.<\/p>\n\n\n\n<p class=\"wp-block-paragraph\">Adem\u00e1s, de recordar la falta de justicia en sus 14 colegas asesinados y 6 desaparecidos de 2006 a la fecha los representantes del colectivo <em>Niunom\u00e1s<\/em> exigieron a la Segob \u201cno caer en la simulaci\u00f3n pretextando que la Ley (que se prepara) fue consultada, y que se vea puntualmente reflejada la participaci\u00f3n que periodistas y defensores de derechos humanos en la iniciativa que habr\u00e1 de turnarse al Poder Legislativo.\u201d Y como en los dem\u00e1s di\u00e1logos demandaron tambi\u00e9n que se precise mejor la definici\u00f3n de quienes hacen labor period\u00edstica profesionalmente;&nbsp; demandaron que la nueva ley, \u201cprevea definiciones claras y precisas al respecto, tomando en cuenta que el ejercicio period\u00edstico tambi\u00e9n se cristaliza a partir del trabajo colectivo de mujeres y hombres que lo hacen posible editando, corrigiendo, imprimiendo o distribuyendo, y que en estados como Michoac\u00e1n, la experiencia demuestra que son copart\u00edcipes de los riesgos que implica la labor informativa.\u201d <em>(<\/em><a href=\"https:\/\/www.facebook.com\/niunomas.michoacan.3\"><em>https:\/\/www.facebook.com\/niunomas.michoacan.3<\/em><\/a><em>)<\/em><\/p>\n\n\n\n<p class=\"wp-block-paragraph\"><strong>Se viabilizan reformas para reconocer 13 derechos para ejercer el periodismo<\/strong>. En consultas con Senadores el 30 de mayo se conoci\u00f3 que pr\u00e1cticamente en todos los grupos parlamentarios \u201cvieron con buenos ojos\u201d la iniciativa que present\u00f3 el 22 de febrero el legislador independiente Emilio \u00c1lvarez Icaza para reformar la Ley Federal del Trabajo y del Impuesto Sobre la Renta.<\/p>\n\n\n\n<p class=\"wp-block-paragraph\">En ellas, se pretende reconocer 9 derechos para quienes ejerzan el periodismo profesionalmente, derechos que se sumar\u00edan a otros cuatro ya asentados en otras leyes. El motivo central es que las empresas de prensa cumplan con el pago de salarios profesionales y prestaciones laborales, incluida la protecci\u00f3n en misiones peligrosas. La propuesta se examina en comisiones. <em>(https:\/\/emilioalvarezicaza.com\/iniciativa-de-ley-para-proteger-derechos-laborales-y-sociales-a-periodistas\/)<\/em><\/p>\n\n\n\n<p class=\"wp-block-paragraph\">Lo que agranda la posibilidad de estas reformas es que, para el segundo periodo de sesiones del Congreso de la Uni\u00f3n, seg\u00fan han informado en la Secretar\u00eda de Gobernaci\u00f3n, el Ejecutivo Federal presentar\u00e1 no solo la nueva Ley General de Protecci\u00f3n, sino otras relacionadas, entre ellas una para asentar derechos laborales de periodistas. Eso otorga todav\u00eda m\u00e1s viabilidad a la iniciativa de \u00c1lvarez Icaza porque las comisiones legislativas tienen que dictaminar juntas las relacionadas m\u00e1s recientes.<\/p>\n\n\n\n<p class=\"wp-block-paragraph\">Lo que sobresale es que, en los di\u00e1logos por la nueva ley de protecci\u00f3n, la demanda de legislar contra la precariedad laboral la han expuesto periodistas en los ocho foros y tambi\u00e9n que decenas de colegas participaron en el dise\u00f1o de las iniciativas del Senador independiente en cinco reuniones. En esto, ha sido intensa y muy sensible la participaci\u00f3n de colegas para empujar legislaciones por derechos para ejercer. Ya antes otros grupos de periodistas empujaron, desde 2010 para que se crearan la ley federal y luego las 14 leyes estatales de protecci\u00f3n que existen.<\/p>\n\n\n\n<p class=\"wp-block-paragraph\"><strong>Se pide definir en M\u00e9xico un d\u00eda de las personas periodistas<\/strong>. En el 38 aniversario del asesinato del columnista Manuel Buend\u00eda Tellezgir\u00f3n, el 30 de mayo, se entreg\u00f3 a Ricardo Monreal (en su car\u00e1cter de Presidente de la Junta de Coordinaci\u00f3n Pol\u00edtica del Senado de la Rep\u00fablica) un proyecto de decreto firmado por 115 periodistas de 14 entidades del pa\u00eds (27 mujeres y 88 hombres) para que, como c\u00e1mara de origen del Congreso de la Uni\u00f3n, haga suyas ocho consideraciones para decretar el 30 de mayo como el D\u00eda Nacional de las Personas Periodistas.<\/p>\n\n\n\n<p class=\"wp-block-paragraph\">En los argumentos se refiere que la fecha del 7 de junio no representa a los trabajadores del<\/p>\n\n\n\n<p class=\"wp-block-paragraph\">periodismo porque ese d\u00eda se decret\u00f3 el de la libertad de expresi\u00f3n pero en realidad fue un pacto del gobierno federal para darles libertad a las empresas de prensa m\u00e1s influyentes pero que no benefici\u00f3 a quienes viven de este trabajo y, en sentido contrario, con el tiempo se fue estigmatizando a todos los periodistas, como si fuese responsables de los arreglos conveniencieros y corruptores de las c\u00fapulas empresariales y de gobernantes. <a href=\"https:\/\/m.facebook.com\/story.php?story_fbid=10166929713930604&amp;id=699310603\"><em>https:\/\/m.facebook.com\/story.php?story_fbid=10166929713930604&amp;id=699310603<\/em><\/a><em>.<\/em><\/p>\n\n\n\n<p class=\"wp-block-paragraph\"><strong>La mejor noticia, es que crece el activismo de periodistas por su seguridad y derechos<\/strong>. Como se percibe en las cinco noticias referidas, todas reflejan que cada d\u00eda aumenta la participaci\u00f3n de los trabajadores del periodismo para enfrentar las dificultades que les asolan como personas y como profesionales.<\/p>\n\n\n\n<p class=\"wp-block-paragraph\">Esto contrasta con la baja participaci\u00f3n que hab\u00eda, por ejemplo, en 1990 cuando un pu\u00f1ado de organismos y de periodistas lograron que es estableciera un salario m\u00ednimo profesional, pero que solo se fij\u00f3 para reporteros y foto reporteros de prensa escrita. Entonces operaba una Coordinadora de Trabajadores de Medios, con la Uni\u00f3n de Periodistas Democr\u00e1ticos (UPD) como factor principal &#8211;hoy inexistente\u2014y en unidad con los sindicatos de redactores de prensa, de la Jornada, de Notimex, Radio Educaci\u00f3n, Canal 11 y TV UNAM. Eran demasiados pocos las y los activistas en el medio period\u00edstico.<\/p>\n\n\n\n<p class=\"wp-block-paragraph\">Y entre los d\u00edas 30 de mayo y 9 de junio de 2022, se pudo percibir que ya no son unos cuantos los que impulsan mejoras para su profesi\u00f3n, que son cientos de mujeres y hombres del periodismo activistas, que no solo protestan ante agresiones que impulsan procesos para: disminuir los altos \u00edndices de impunidad en los asesinatos, para contrarrestar la precariedad social, para exigir que sea real una ley nacional de protecci\u00f3n, para el establecimiento de leyes que les reconozcan derechos laborales y profesionales . Y para conseguir que la mayor\u00eda de la poblaci\u00f3n mexicana les reconozca y respalde su labor por lo menos en un d\u00eda.<\/p>\n\n\n\n<p class=\"wp-block-paragraph\">Alienta que haya m\u00e1s activistas periodistas, pero a\u00fan faltan muchos de convertirse y dejen atr\u00e1s el rol de <strong>objetos <\/strong>de explotaci\u00f3n en el trabajo, de maltrato, de corrupci\u00f3n de empleadores y pol\u00edticos, de objetivos de agresores y los violentos; que dejen de ser objetos y se conviertan en <strong>sujetos de acci\u00f3n &#8212;<\/strong>activistas&#8211; para auto protegerse, por sus derechos y su seguridad.<\/p>\n\n\n\n<p class=\"wp-block-paragraph\">Mirada de reportero.<\/p>\n","protected":false},"excerpt":{"rendered":"<p>La revista radiof\u00f3nica de Radio Educaci\u00f3n el Fin Justifica los Medios ya cumple32 a\u00f1os y ocho meses. <\/p>\n","protected":false},"author":3,"featured_media":38348,"comment_status":"open","ping_status":"open","sticky":false,"template":"","format":"standard","meta":{"_monsterinsights_skip_tracking":false,"footnotes":""},"categories":[693,106,35,85],"tags":[],"class_list":["post-51668","post","type-post","status-publish","format-standard","has-post-thumbnail","category-693","category-mirada-de-reportero","category-opinion","category-rogelio-hernandez-lopez"],"_links":{"self":[{"href":"https:\/\/redsemlac.com\/semmexico\/wp-json\/wp\/v2\/posts\/51668","targetHints":{"allow":["GET"]}}],"collection":[{"href":"https:\/\/redsemlac.com\/semmexico\/wp-json\/wp\/v2\/posts"}],"about":[{"href":"https:\/\/redsemlac.com\/semmexico\/wp-json\/wp\/v2\/types\/post"}],"author":[{"embeddable":true,"href":"https:\/\/redsemlac.com\/semmexico\/wp-json\/wp\/v2\/users\/3"}],"replies":[{"embeddable":true,"href":"https:\/\/redsemlac.com\/semmexico\/wp-json\/wp\/v2\/comments?post=51668"}],"version-history":[{"count":0,"href":"https:\/\/redsemlac.com\/semmexico\/wp-json\/wp\/v2\/posts\/51668\/revisions"}],"wp:featuredmedia":[{"embeddable":true,"href":"https:\/\/redsemlac.com\/semmexico\/wp-json\/wp\/v2\/media\/38348"}],"wp:attachment":[{"href":"https:\/\/redsemlac.com\/semmexico\/wp-json\/wp\/v2\/media?parent=51668"}],"wp:term":[{"taxonomy":"category","embeddable":true,"href":"https:\/\/redsemlac.com\/semmexico\/wp-json\/wp\/v2\/categories?post=51668"},{"taxonomy":"post_tag","embeddable":true,"href":"https:\/\/redsemlac.com\/semmexico\/wp-json\/wp\/v2\/tags?post=51668"}],"curies":[{"name":"wp","href":"https:\/\/api.w.org\/{rel}","templated":true}]}}