{"id":5165,"date":"2018-08-28T16:09:28","date_gmt":"2018-08-28T16:09:28","guid":{"rendered":"https:\/\/redsemlac.com\/semmexico\/?p=5165"},"modified":"2023-07-21T14:32:43","modified_gmt":"2023-07-21T19:32:43","slug":"queremos-mujeres-en-el-poder-con-poder-no-simulaciones","status":"publish","type":"post","link":"https:\/\/redsemlac.com\/semmexico\/queremos-mujeres-en-el-poder-con-poder-no-simulaciones\/","title":{"rendered":"Queremos mujeres en el poder con poder, no simulaciones"},"content":{"rendered":"\n<p class=\"wp-block-paragraph\"><a href=\"https:\/\/www.semmexico.com\/gallery-post.php?id=5678#\">Lizbeth \u00c1lvarez<\/a><\/p>\n\n\n\n<p class=\"wp-block-paragraph\">SemM\u00e9xico. Cd. de M\u00e9xico, 28 de agosto de 2018. Los partidos pol\u00edticos definieron a sus coordinadores de bancada para la LXIV legislatura federal que comenzar\u00e1 a trabajar el 1 de septiembre y no hay mujeres pese a la paridad que existir\u00e1 tanto en la C\u00e1mara Baja como en el Senado de la Rep\u00fablica. &nbsp;<\/p>\n\n\n\n<p class=\"wp-block-paragraph\">Por el partido Movimiento de Regeneraci\u00f3n Nacional (Morena), sus coordinadores ser\u00e1n en el Senado Ricardo Monreal \u00c1vila y en la C\u00e1mara Mario Delgado.<\/p>\n\n\n\n<p class=\"wp-block-paragraph\">En el Partido Revolucionario Institucional (PRI) estar\u00e1 Miguel \u00c1ngel Osorio Chong en el Senado. En la C\u00e1mara Ren\u00e9 Ju\u00e1rez Cisneros.<\/p>\n\n\n\n<p class=\"wp-block-paragraph\">Mientas en el Partido de Acci\u00f3n Nacional (PAN) se encuentra Dami\u00e1n Zepeda en el Senado. Y en la C\u00e1mara Juan Carlos Romero Hicks. &nbsp;<\/p>\n\n\n\n<p class=\"wp-block-paragraph\">En el caso del Partido de la Revoluci\u00f3n Democr\u00e1tica (PRD), Miguel \u00c1ngel Mancera estar\u00e1 en el Senado. En la C\u00e1mara Ricardo Gallardo Cardona.<\/p>\n\n\n\n<p class=\"wp-block-paragraph\">Por Movimiento Ciudadano (MC), estar\u00e1 Dante Delgado en el Senado. En la C\u00e1mara Alberto Esquer.<\/p>\n\n\n\n<p class=\"wp-block-paragraph\">Por \u00faltimo, en el Partido Verde Ecologista de M\u00e9xico (PVEM), en el Senado coordinar\u00e1 Manuel Velasco. En la C\u00e1mara Arturo Escobar.<\/p>\n\n\n\n<p class=\"wp-block-paragraph\">En Twitter, la diputada federal electa, Martha Tagle Mart\u00ednez, reaccion\u00f3 y escribi\u00f3: \u201cDe nada sirve la #paridad cuando \u00f3rganos de gobierno de ambas c\u00e1maras est\u00e1n encabezados s\u00f3lo por hombres. Todos los grupos parlamentarios y las mesas directivas ser\u00e1n presididos por hombres. Queremos mujeres en el poder con poder, no simulaciones #NoSinLegisladoras #NoSinMujeres<br><\/p>\n","protected":false},"excerpt":{"rendered":"<p>Lizbeth \u00c1lvarez SemM\u00e9xico. Cd. de M\u00e9xico, 28 de agosto de 2018. Los partidos pol\u00edticos definieron a sus coordinadores de bancada para la LXIV legislatura federal que comenzar\u00e1 a trabajar el 1 de septiembre y no hay mujeres pese a la paridad que existir\u00e1 tanto en la C\u00e1mara Baja como en el Senado de la Rep\u00fablica. [&hellip;]<\/p>\n","protected":false},"author":3,"featured_media":5166,"comment_status":"open","ping_status":"open","sticky":false,"template":"","format":"standard","meta":{"_monsterinsights_skip_tracking":false,"footnotes":""},"categories":[689,50],"tags":[],"class_list":["post-5165","post","type-post","status-publish","format-standard","has-post-thumbnail","category-689","category-congreso"],"_links":{"self":[{"href":"https:\/\/redsemlac.com\/semmexico\/wp-json\/wp\/v2\/posts\/5165","targetHints":{"allow":["GET"]}}],"collection":[{"href":"https:\/\/redsemlac.com\/semmexico\/wp-json\/wp\/v2\/posts"}],"about":[{"href":"https:\/\/redsemlac.com\/semmexico\/wp-json\/wp\/v2\/types\/post"}],"author":[{"embeddable":true,"href":"https:\/\/redsemlac.com\/semmexico\/wp-json\/wp\/v2\/users\/3"}],"replies":[{"embeddable":true,"href":"https:\/\/redsemlac.com\/semmexico\/wp-json\/wp\/v2\/comments?post=5165"}],"version-history":[{"count":0,"href":"https:\/\/redsemlac.com\/semmexico\/wp-json\/wp\/v2\/posts\/5165\/revisions"}],"wp:featuredmedia":[{"embeddable":true,"href":"https:\/\/redsemlac.com\/semmexico\/wp-json\/wp\/v2\/media\/5166"}],"wp:attachment":[{"href":"https:\/\/redsemlac.com\/semmexico\/wp-json\/wp\/v2\/media?parent=5165"}],"wp:term":[{"taxonomy":"category","embeddable":true,"href":"https:\/\/redsemlac.com\/semmexico\/wp-json\/wp\/v2\/categories?post=5165"},{"taxonomy":"post_tag","embeddable":true,"href":"https:\/\/redsemlac.com\/semmexico\/wp-json\/wp\/v2\/tags?post=5165"}],"curies":[{"name":"wp","href":"https:\/\/api.w.org\/{rel}","templated":true}]}}