{"id":5159,"date":"2018-08-29T16:06:02","date_gmt":"2018-08-29T16:06:02","guid":{"rendered":"https:\/\/redsemlac.com\/semmexico\/?p=5159"},"modified":"2023-07-21T14:33:18","modified_gmt":"2023-07-21T19:33:18","slug":"la-decision-de-excluir-a-las-mujeres-en-la-direccion-del-congreso-atenta-contra-la-igualdad","status":"publish","type":"post","link":"https:\/\/redsemlac.com\/semmexico\/la-decision-de-excluir-a-las-mujeres-en-la-direccion-del-congreso-atenta-contra-la-igualdad\/","title":{"rendered":"La decisi\u00f3n de excluir a las mujeres en la direcci\u00f3n del congreso atenta contra la igualdad"},"content":{"rendered":"\n<p class=\"wp-block-paragraph\"><a href=\"https:\/\/www.semmexico.com\/gallery-post.php?id=5693#\">Redacci\u00f3n<\/a><\/p>\n\n\n\n<p class=\"wp-block-paragraph\">SemM\u00e9xico. Cd. De M\u00e9xico. 29 de agosto de 2018.- Hasta el momento m\u00e1s de 500&nbsp;personas han&nbsp;firmado una protesta por la decisi\u00f3n de los partidos pol\u00edticos que no promovieron a una sola legisladora para participar en la direcci\u00f3n del Congreso, ni en la presidencia de ninguna de las dos c\u00e1maras&nbsp;y exigen que apliquen la paridad en esos espacios.<\/p>\n\n\n\n<p class=\"wp-block-paragraph\">Exigen que se haga con paridad&nbsp;en la distribuci\u00f3n de coordinaciones de bancadas y comisiones para que la igualdad sea&nbsp;una realidad en&nbsp;todos los espacios pol\u00edticos y de funci\u00f3n p\u00fablica.<\/p>\n\n\n\n<p class=\"wp-block-paragraph\">Esta petici\u00f3n&nbsp;firmada por&nbsp;el&nbsp;MOVIMIENTO AMPLIO DE MUJERES MEXICANAS&nbsp;a trav\u00e9s de&nbsp;<a href=\"http:\/\/change.org\/\" target=\"_blank\" rel=\"noreferrer noopener\">Change.org<\/a>&nbsp;se&nbsp;dirigi\u00f3 a&nbsp;los partidos pol\u00edticos, a&nbsp;la sociedad civil, a&nbsp;los medios de comunicaci\u00f3n&nbsp;y a&nbsp;la opini\u00f3n&nbsp;p\u00fablica.<\/p>\n\n\n\n<p class=\"wp-block-paragraph\">Se\u00f1alan que est\u00e1n inconformes ante la desigualdad de g\u00e9nero en la asignaci\u00f3n de las coordinaciones de las bancadas partidistas, y&nbsp;hacen notar&nbsp;que una&nbsp;vez m\u00e1s las mujeres&nbsp;fueron&nbsp;sido relegadas de las tareas de direcci\u00f3n pol\u00edtica en&nbsp;el Congreso federal de ah\u00ed que&nbsp;expresan rechazo&nbsp;absoluto a la decisi\u00f3n de los partidos&nbsp;porque no&nbsp;corresponden con&nbsp;el&nbsp;mandato&nbsp;constitucional que&nbsp;establece la paridad&nbsp;en las listas de candidaturas, lo que hizo posible casi la paridad en el Congreso. Ello, consideran fue el resultado de&nbsp;d\u00e9cadas de lucha por&nbsp;los derechos pol\u00edticos de las mujeres.<\/p>\n\n\n\n<p class=\"wp-block-paragraph\">Por ello, esta demanda que seguramente firmar\u00e1n cientos de personas, exigen a&nbsp;los partidos pol\u00edticos nacionales y locales, a las senadoras y senadores,&nbsp;a las&nbsp;diputadas y diputados electos,&nbsp;cumplir con la&nbsp;paridad en todos los espacios de representaci\u00f3n pol\u00edtica y&nbsp;la&nbsp;funci\u00f3n p\u00fablica.&nbsp;<\/p>\n\n\n\n<p class=\"wp-block-paragraph\">Hacen ver que el 1 de julio el electorado decidi\u00f3 que las mujeres estemos representadas en todos los espacios de poder y de elecci\u00f3n popular al haber votado por 241&nbsp;mujeres como diputadas, que representan un 48.6% y 63 senadoras de la Rep\u00fablica, que representan el 49.22% de las diferentes ideolog\u00edas pol\u00edticas.<\/p>\n\n\n\n<p class=\"wp-block-paragraph\">SEM\/SL\/GR&nbsp;<br><\/p>\n","protected":false},"excerpt":{"rendered":"<p>Redacci\u00f3n SemM\u00e9xico. Cd. De M\u00e9xico. 29 de agosto de 2018.- Hasta el momento m\u00e1s de 500&nbsp;personas han&nbsp;firmado una protesta por la decisi\u00f3n de los partidos pol\u00edticos que no promovieron a una sola legisladora para participar en la direcci\u00f3n del Congreso, ni en la presidencia de ninguna de las dos c\u00e1maras&nbsp;y exigen que apliquen la paridad [&hellip;]<\/p>\n","protected":false},"author":3,"featured_media":5160,"comment_status":"open","ping_status":"open","sticky":false,"template":"","format":"standard","meta":{"_monsterinsights_skip_tracking":false,"footnotes":""},"categories":[689,50],"tags":[],"class_list":["post-5159","post","type-post","status-publish","format-standard","has-post-thumbnail","category-689","category-congreso"],"_links":{"self":[{"href":"https:\/\/redsemlac.com\/semmexico\/wp-json\/wp\/v2\/posts\/5159","targetHints":{"allow":["GET"]}}],"collection":[{"href":"https:\/\/redsemlac.com\/semmexico\/wp-json\/wp\/v2\/posts"}],"about":[{"href":"https:\/\/redsemlac.com\/semmexico\/wp-json\/wp\/v2\/types\/post"}],"author":[{"embeddable":true,"href":"https:\/\/redsemlac.com\/semmexico\/wp-json\/wp\/v2\/users\/3"}],"replies":[{"embeddable":true,"href":"https:\/\/redsemlac.com\/semmexico\/wp-json\/wp\/v2\/comments?post=5159"}],"version-history":[{"count":0,"href":"https:\/\/redsemlac.com\/semmexico\/wp-json\/wp\/v2\/posts\/5159\/revisions"}],"wp:featuredmedia":[{"embeddable":true,"href":"https:\/\/redsemlac.com\/semmexico\/wp-json\/wp\/v2\/media\/5160"}],"wp:attachment":[{"href":"https:\/\/redsemlac.com\/semmexico\/wp-json\/wp\/v2\/media?parent=5159"}],"wp:term":[{"taxonomy":"category","embeddable":true,"href":"https:\/\/redsemlac.com\/semmexico\/wp-json\/wp\/v2\/categories?post=5159"},{"taxonomy":"post_tag","embeddable":true,"href":"https:\/\/redsemlac.com\/semmexico\/wp-json\/wp\/v2\/tags?post=5159"}],"curies":[{"name":"wp","href":"https:\/\/api.w.org\/{rel}","templated":true}]}}