{"id":51581,"date":"2022-06-11T11:42:02","date_gmt":"2022-06-11T17:42:02","guid":{"rendered":"https:\/\/redsemlac.com\/semmexico\/?p=51581"},"modified":"2023-07-21T19:06:20","modified_gmt":"2023-07-22T00:06:20","slug":"solo-un-5-de-las-mujeres-llegan-como-presidentas-en-las-federaciones-deportivas-madrilenas-y-el-20-como-tecnicas","status":"publish","type":"post","link":"https:\/\/redsemlac.com\/semmexico\/solo-un-5-de-las-mujeres-llegan-como-presidentas-en-las-federaciones-deportivas-madrilenas-y-el-20-como-tecnicas\/","title":{"rendered":"Solo un 5% de las mujeres llegan como presidentas en las Federaciones deportivas madrile\u00f1as y el 20% como t\u00e9cnicas"},"content":{"rendered":"\n<p class=\"wp-block-paragraph\">La Asociaci\u00f3n para Mujeres en el Deporte present\u00f3 en un encuentro organizado por el Ayuntamiento de Madrid un diagn\u00f3stico sobre la situaci\u00f3n de las Mujeres en el Deporte Madrile\u00f1o<\/p>\n\n\n\n<p class=\"wp-block-paragraph\">Sonia Hortal Hurtado<\/p>\n\n\n\n<p class=\"wp-block-paragraph\">SemM\u00e9xico\/AmecoPress, Madrid, Espa\u00f1a, 11 de junio 2022.-&nbsp;Esta semana se ha presentado en el Ayuntamiento de Madrid el diagn\u00f3stico con los resultados obtenidos del an\u00e1lisis cuantitativo sobre&nbsp;<a href=\"https:\/\/usercontent.one\/wp\/www.mujereseneldeporte.com\/wp-content\/uploads\/2022\/06\/Diagnostico-Situacion-de-las-mujeres-en-el-deporte-madrileno.pdf\"><strong>La situaci\u00f3n de las mujeres en el deporte federado madrile\u00f1o<\/strong><\/a>, un estudio que la Asociaci\u00f3n para Mujeres en el Deporte Profesional ha desarrollado dentro del marco de los proyectos subvencionados por el distrito de Retiro del Ayuntamiento de Madrid, y que pone de relieve el marco de desigualdad dentro de las federaciones deportivas madrile\u00f1as.<\/p>\n\n\n\n<div class=\"wp-block-image\"><figure class=\"aligncenter size-large\"><a href=\"https:\/\/redsemlac.com\/semmexico\/wp-content\/uploads\/2022\/06\/solo-5-llegan-02.jpg\"><img decoding=\"async\" src=\"https:\/\/redsemlac.com\/semmexico\/wp-content\/uploads\/2022\/06\/solo-5-llegan-02-1024x768.jpg\" alt=\"\" class=\"wp-image-51585\"\/><\/a><\/figure><\/div>\n\n\n\n<p class=\"wp-block-paragraph\">\u201cEl deporte no tiene g\u00e9nero, tiene que ser para cualquiera\u201d, as\u00ed comenzaba la presentaci\u00f3n del Estudio que la Asociaci\u00f3n para Mujeres en el Deporte Profesional ha realizado junto al Ayuntamiento de Madrid, quien organiz\u00f3 el encuentro entre presidentas de clubes y federaciones deportivas, y que corri\u00f3 a cargo de Sof\u00eda Miranda, concejala delegada de Deportes.<\/p>\n\n\n\n<p class=\"wp-block-paragraph\">El encuentro sirvi\u00f3 para poner en com\u00fan los datos obtenidos en un informe cuyos objetivos pasaban por recoger una informaci\u00f3n que reflejase el n\u00famero de mujeres vinculadas al mundo del deporte federado madrile\u00f1o en todas sus dimensiones: deportistas, entrenadoras, \u00e1rbitras, directivas, presidentas\u2026 Adem\u00e1s de intentar conocer la situaci\u00f3n desde la que inicialmente se part\u00eda y proponer medidas encaminadas a conseguir la igualdad entre mujeres y hombres en el \u00e1mbito del deporte madrile\u00f1o, otro de los objetivos de todo esto radica en eliminar los estereotipos existentes en el \u00e1mbito del deporte.<\/p>\n\n\n\n<p class=\"wp-block-paragraph\">Como se\u00f1alaron durante la ma\u00f1ana, este estudio naci\u00f3 cuando muchas de las deportistas se encontraron con diversos problemas o malestares que no pod\u00edan solucionar, y ante los cu\u00e1les se sent\u00edan completamente solas. \u201cEse camino no era f\u00e1cil, y es una de las razones por las que decidimos ponernos a trabajar en el informe\u201d. Junto a ello, otra de las razones de peso recae en la necesidad de inversi\u00f3n en deporte femenino por parte de las televisiones y radios p\u00fablicas, pues, seg\u00fan manifestaban, no se puede ir todo el dinero al patrocinio masculino. El objetivo es reconocer el trabajo de las mujeres y visibilizar la realidad de su m\u00e9rito y esfuerzo. \u201cEs muy f\u00e1cil empoderar a las mujeres, solo hay que darles el poder\u201d.<\/p>\n\n\n\n<p class=\"wp-block-paragraph\"><strong>Resultados obtenidos<\/strong><\/p>\n\n\n\n<p class=\"wp-block-paragraph\">De este modo y a trav\u00e9s del contacto de un total de 62 federaciones madrile\u00f1as, de las cu\u00e1les respondieron 59, es decir, un 95 por ciento de ellas, la metodolog\u00eda cuantitativa de este informe se bas\u00f3 en la realizaci\u00f3n de entrevistas en profundidad con cada una de estas federaciones. Una informaci\u00f3n recogida entre los meses de julio a noviembre de 2021 que, posteriormente, se procedi\u00f3 analizar para la elaboraci\u00f3n del diagn\u00f3stico. Dichos datos vienen a hacer referencia a la gobernanza (junta directiva: presidencia, vicepresidencias, vocal\u00edas y gerencia), cuerpo t\u00e9cnico (entrenamientos, direcci\u00f3n t\u00e9cnica, coordinaci\u00f3n deportiva, arbitraje direcci\u00f3n\/presidencia de clubes) y deportistas que conforman cada federaci\u00f3n.<\/p>\n\n\n\n<p class=\"wp-block-paragraph\">Los datos de esta radiograf\u00eda subvencionada por el Ayuntamiento de Madrid reflejan la desigualdad de sexos en el \u00e1mbito federal deportivo. Unos datos que se expusieron durante la ma\u00f1ana de ayer y que dejan a las mujeres en un marco de desigualdad frente a sus compa\u00f1eros masculinos. As\u00ed, entre los resultados espec\u00edficos de este informe pudimos ver que, del total de las 62 federaciones, \u00fanicamente 3 est\u00e1n presididas por una mujer, es decir, solo un 5% del total.<\/p>\n\n\n\n<div class=\"wp-block-image\"><figure class=\"aligncenter size-full\"><a href=\"https:\/\/redsemlac.com\/semmexico\/wp-content\/uploads\/2022\/06\/solo-5-llegan-03.png\"><img loading=\"lazy\" decoding=\"async\" width=\"878\" height=\"428\" src=\"https:\/\/redsemlac.com\/semmexico\/wp-content\/uploads\/2022\/06\/solo-5-llegan-03.png\" alt=\"\" class=\"wp-image-51584\"\/><\/a><\/figure><\/div>\n\n\n\n<p class=\"wp-block-paragraph\">En cuanto a los puestos relacionados con el cuerpo t\u00e9cnico-deportivo, como entrenadoras, directoras t\u00e9cnicas, coordinadoras deportivas y \u00e1rbitras\/juezas la representaci\u00f3n femenina es tambi\u00e9n muy baja, no llegan ni al 30% en el mejor de los resultados.<\/p>\n\n\n\n<p class=\"wp-block-paragraph\">Por su parte, de las 59 federaciones, solo 50 cuentan con la figura de presidencia de arbitraje. Del total de \u00e1rbitras federadas (1.235), han llegado a la presidencia 10, lo que supone casi un 1 por ciento, pr\u00e1cticamente la misma proporci\u00f3n que registran ellos (4.542 \u00e1rbitros, 40 en presidencia de arbitraje).<\/p>\n\n\n\n<p class=\"wp-block-paragraph\">Enfoc\u00e1ndose en las distintas figuras de la gobernanza, la referida a la vicepresidencia muestra que 56 federaciones de las 59 del estudio, cuentan con alguna persona en el rol. De ellas, 40 no tienen ninguna mujer ostentando el cargo, mientras que en 6 lo hacen solo mujeres. En lo que se refiere a las vocal\u00edas, 55 federaciones de las 59 participantes, tienen vocales en su junta directiva. De ellas, 16 no cuentan con ninguna mujer en este cargo, y 29 lo hacen en menos del 50%.<\/p>\n\n\n\n<div class=\"wp-block-image\"><figure class=\"aligncenter size-full\"><a href=\"https:\/\/redsemlac.com\/semmexico\/wp-content\/uploads\/2022\/06\/solo-5-llegan-04.png\"><img loading=\"lazy\" decoding=\"async\" width=\"706\" height=\"322\" src=\"https:\/\/redsemlac.com\/semmexico\/wp-content\/uploads\/2022\/06\/solo-5-llegan-04.png\" alt=\"\" class=\"wp-image-51583\"\/><\/a><\/figure><\/div>\n\n\n\n<p class=\"wp-block-paragraph\">Dentro del cuerpo t\u00e9cnico, la posici\u00f3n con mayor representaci\u00f3n femenina es la de coordinaci\u00f3n deportiva con un 29 por ciento. Tan solo 19 de las federaciones refiere personal en este rol. Debido a las caracter\u00edsticas propias de cada federaci\u00f3n, algunas solo tienen una persona desempe\u00f1ando esta funci\u00f3n y en otras hay m\u00e1s de una persona. En concreto, de las 19 federaciones, 9 est\u00e1n en el primero de los casos con una sola persona al frente de la coordinaci\u00f3n deportiva, de ellas 5 tienen al frente a hombres y 4 a mujeres.<\/p>\n\n\n\n<p class=\"wp-block-paragraph\">As\u00ed mismo, la direcci\u00f3n t\u00e9cnica es el puesto con menor representaci\u00f3n femenina con tan solo el 14 por ciento. De las 59 federaciones, 30 cuentan con direcci\u00f3n t\u00e9cnica.<\/p>\n\n\n\n<p class=\"wp-block-paragraph\">Y es que se trata de unos resultados que m\u00e1s que impensables, resultan preocupantes. La representaci\u00f3n de las mujeres en el tejido federativo madrile\u00f1o es muy escasa, tanto en los puestos de gobernanza como en los t\u00e9cnicos, oscilando entre el 95 por ciento \u2013 5 por ciento el peor de los datos y el 62 por ciento \u2013 38 por ciento el mejor. Adem\u00e1s, el deporte federado madrile\u00f1o tiene una representaci\u00f3n de deportistas femeninas muy inferior a la masculina (27% mujeres y 73% hombres) y los datos de representaci\u00f3n de las mujeres en todos los estamentos aumentan cuando la federaci\u00f3n est\u00e1 dirigida por una mujer.<\/p>\n\n\n\n<div class=\"wp-block-image\"><figure class=\"aligncenter size-full\"><a href=\"https:\/\/redsemlac.com\/semmexico\/wp-content\/uploads\/2022\/06\/solo-5-llegan-05.png\"><img loading=\"lazy\" decoding=\"async\" width=\"790\" height=\"536\" src=\"https:\/\/redsemlac.com\/semmexico\/wp-content\/uploads\/2022\/06\/solo-5-llegan-05.png\" alt=\"\" class=\"wp-image-51582\"\/><\/a><\/figure><\/div>\n\n\n\n<p class=\"wp-block-paragraph\">Ante esto, las soluciones propuestas pasaban porque las federaciones tengan un Plan de Igualdad. Este servir\u00eda como hoja de ruta para ir incorporando a las mujeres en todos los niveles y estamentos de cada federaci\u00f3n, ya que en dicho plan se trabaja sobre las siguientes \u00e1reas: selecci\u00f3n y contrataci\u00f3n, formaci\u00f3n, promoci\u00f3n y desarrollo profesional, retribuci\u00f3n salarial, conciliaci\u00f3n laboral, acoso sexual y comunicaci\u00f3n. Visibilizar y empoderar a las mujeres que ya est\u00e1n en el tejido federativo supondr\u00eda un escaparate de referentes para que m\u00e1s mujeres quieran hacer del deporte su profesi\u00f3n y no solo como deportistas sino en puestos t\u00e9cnicos y de gobernanza.<\/p>\n\n\n\n<p class=\"wp-block-paragraph\">Fotos: Archivo AmecoPress, tomada de la Asociaci\u00f3n para Mujeres en el Deporte Profesional<\/p>\n","protected":false},"excerpt":{"rendered":"<p>La Asociaci\u00f3n para Mujeres en el Deporte present\u00f3 en un encuentro organizado por el Ayuntamiento de Madrid un diagn\u00f3stico sobre la situaci\u00f3n de las Mujeres en el Deporte Madrile\u00f1o<\/p>\n","protected":false},"author":3,"featured_media":51586,"comment_status":"open","ping_status":"open","sticky":false,"template":"","format":"standard","meta":{"_monsterinsights_skip_tracking":false,"footnotes":""},"categories":[693,53],"tags":[],"class_list":["post-51581","post","type-post","status-publish","format-standard","has-post-thumbnail","category-693","category-internacional"],"_links":{"self":[{"href":"https:\/\/redsemlac.com\/semmexico\/wp-json\/wp\/v2\/posts\/51581","targetHints":{"allow":["GET"]}}],"collection":[{"href":"https:\/\/redsemlac.com\/semmexico\/wp-json\/wp\/v2\/posts"}],"about":[{"href":"https:\/\/redsemlac.com\/semmexico\/wp-json\/wp\/v2\/types\/post"}],"author":[{"embeddable":true,"href":"https:\/\/redsemlac.com\/semmexico\/wp-json\/wp\/v2\/users\/3"}],"replies":[{"embeddable":true,"href":"https:\/\/redsemlac.com\/semmexico\/wp-json\/wp\/v2\/comments?post=51581"}],"version-history":[{"count":0,"href":"https:\/\/redsemlac.com\/semmexico\/wp-json\/wp\/v2\/posts\/51581\/revisions"}],"wp:featuredmedia":[{"embeddable":true,"href":"https:\/\/redsemlac.com\/semmexico\/wp-json\/wp\/v2\/media\/51586"}],"wp:attachment":[{"href":"https:\/\/redsemlac.com\/semmexico\/wp-json\/wp\/v2\/media?parent=51581"}],"wp:term":[{"taxonomy":"category","embeddable":true,"href":"https:\/\/redsemlac.com\/semmexico\/wp-json\/wp\/v2\/categories?post=51581"},{"taxonomy":"post_tag","embeddable":true,"href":"https:\/\/redsemlac.com\/semmexico\/wp-json\/wp\/v2\/tags?post=51581"}],"curies":[{"name":"wp","href":"https:\/\/api.w.org\/{rel}","templated":true}]}}