{"id":51573,"date":"2022-06-10T14:33:29","date_gmt":"2022-06-10T20:33:29","guid":{"rendered":"https:\/\/redsemlac.com\/semmexico\/?p=51573"},"modified":"2023-07-21T19:06:20","modified_gmt":"2023-07-22T00:06:20","slug":"entresemana-andres-ahi-te-hablan-los-desahuciados","status":"publish","type":"post","link":"https:\/\/redsemlac.com\/semmexico\/entresemana-andres-ahi-te-hablan-los-desahuciados\/","title":{"rendered":"Entresemana| Andr\u00e9s, ah\u00ed te hablan los desahuciados"},"content":{"rendered":"\n<p class=\"wp-block-paragraph\"><strong>Mois\u00e9s S\u00e1nchez Lim\u00f3n<\/strong><\/p>\n\n\n\n<p class=\"wp-block-paragraph\">SemM\u00e9xico, Ciudad de M\u00e9xico, 10 de junio de 2022.- Iniciada la semana, a Su alteza Seren\u00edsima se le ilumin\u00f3 la mirada y por poco grita de alegr\u00eda cuando, junto con el gerente del corporativo Morena, Mario Delgado, exultante sabore\u00f3 el triunfo dominical en las urnas.<\/p>\n\n\n\n<p class=\"wp-block-paragraph\">Incluso, fanfarr\u00f3n dijo que cobrar\u00eda honorarios a la oposici\u00f3n por las recomendaciones que le hac\u00eda para retomar el camino andado, entre estas no ser racista y acercarse al pueblo.<\/p>\n\n\n\n<p class=\"wp-block-paragraph\">Y luego, en la ma\u00f1anera se solaz\u00f3 con un desliz verbal de Santiago Creel. Lea usted.<\/p>\n\n\n\n<p class=\"wp-block-paragraph\">\u201cMe dio risa de que hay un video donde est\u00e1 (Santiago) Creel cuestion\u00e1ndonos a nosotros. A ver, b\u00fascalo, que est\u00e1 interesante, para los j\u00f3venes (pidi\u00f3 al culto Chucho Ram\u00edrez).<\/p>\n\n\n\n<p class=\"wp-block-paragraph\">\u201cY dice \u2014si no lo encuentras yo lo explico (indica a Chucho)\u2014 empieza a decir que el partido al que yo pertenezco (\u00e9l, Andr\u00e9s Manuel), que tengo licencia, ya es el nuevo PRI o es como\u2026 No, dice, es peor que el PRI.<\/p>\n\n\n\n<p class=\"wp-block-paragraph\">\u201cPero yo creo que estaba junto a unos del PRI, porque son ahora socios, y dice: \u2018Bueno \u2014cuando se da cuenta\u2014 ya ahora el PRI ya cambi\u00f3, ya es un partido democr\u00e1tico\u2019.<\/p>\n\n\n\n<p class=\"wp-block-paragraph\">\u201cPero todo ese tipo de cosas, \u00bfno?&nbsp;Esas machincuepas para tratar de justificar lo injustificable, lo que no se puede aclarar, no se puede explicar, no se puede argumentar. Entonces, yo dec\u00eda ayer, antier:&nbsp;regresen a los or\u00edgenes y les puede ir mejor\u201d, ilustr\u00f3 Su Alteza Seren\u00edsima.<\/p>\n\n\n\n<p class=\"wp-block-paragraph\">\u00bfMachincuepas de la oposici\u00f3n PRI, PAN, PRD?<\/p>\n\n\n\n<p class=\"wp-block-paragraph\">El sustantivo machincuepa, de ra\u00edz n\u00e1huatl, quiere decir voltereta, pirueta o vuelta de trasero, disculpe usted el exceso etimol\u00f3gico, pero en estos tiempos ya ni la generaci\u00f3n de Su Alteza Seren\u00edsima los usa. Pero.<\/p>\n\n\n\n<p class=\"wp-block-paragraph\">\u00bfQui\u00e9n ha hecho piruetas para justificar e impulsar a la 4T, para ocultar corrupci\u00f3n e incurrir en complicidades? \u00a1Adivin\u00f3!<\/p>\n\n\n\n<p class=\"wp-block-paragraph\">Son las machincuepas presidenciales, \u00e9stas que se han echado a andar desde Palacio Nacional para descalificar a la oposici\u00f3n y dar por sentada su separaci\u00f3n, la ruptura entre Alejandro Moreno C\u00e1rdenas, Marko Cort\u00e9s Mendoza y Jes\u00fas Zambrano Grijalva.<\/p>\n\n\n\n<p class=\"wp-block-paragraph\">Y, bueno, ahora resulta que, hasta los llamados l\u00edderes de opini\u00f3n y sesudos analistas pol\u00edticos, sostienen que el PRI est\u00e1 en proceso de extinci\u00f3n y, en serio, junto con el PAN y el PRD no tienen nada que festejar ni presumir del resultado del pasado domingo electoral.<\/p>\n\n\n\n<p class=\"wp-block-paragraph\">Adem\u00e1s, urgen a la renuncia de Alejandro Moreno a la dirigencia del PRI como medida elemental para que el partido pueda sobrevivir.<\/p>\n\n\n\n<p class=\"wp-block-paragraph\">\u00bfSe mimetizaron con el discurso de Andr\u00e9s Manuel y el falaz mensaje de Mario Delgado? Al PRI le han dado por muerto desde los d\u00edas en que Ernesto Zedillo le declar\u00f3 la sana distancia y lo dej\u00f3 a su suerte y orden\u00f3 a Francisco Labastida Ochoa reconocer la derrota frente a Vicente Fox Quesada.<\/p>\n\n\n\n<p class=\"wp-block-paragraph\">Pero, pero\u2026<\/p>\n\n\n\n<p class=\"wp-block-paragraph\">Doce a\u00f1os despu\u00e9s el PRI se levant\u00f3 y retorn\u00f3 a la Presidencia de la Rep\u00fablica con Enrique Pe\u00f1a Nieto, aunque \u00e9ste hizo todo lo posible por reventar al partido en linderos de corrupci\u00f3n insultante, allan\u00f3 el camino a Andr\u00e9s Manuel L\u00f3pez Obrador. Todo indica que hubo negociaci\u00f3n; por supuesto ni uno ni otro admitir\u00e1 la especie.<\/p>\n\n\n\n<p class=\"wp-block-paragraph\">El punto es que Su Alteza Seren\u00edsima hace piruetas para dar por sentado que el PRI est\u00e1 apestado y sus socios buscan la forma de deshacerse de \u00e9ste.<\/p>\n\n\n\n<p class=\"wp-block-paragraph\">\u201cEntonces, ya se est\u00e1n deshaciendo del PRI. Imag\u00ednense que, por convicci\u00f3n\u2026 Porque los hay, tambi\u00e9n por sus abuelos, padres (\u2026) Ahora muchos panistas dicen: \u2018Nos perjudica el PRI, vamos a salirnos del PRI, o sea, vamos a deslindarnos del PRI, ya haci\u00e9ndolo a un lado, que el PAN sea el PAN\u2019, y no est\u00e1n mal en eso, y que el PRI sea el PRI\u201d, sostuvo el licenciado presidente.<\/p>\n\n\n\n<p class=\"wp-block-paragraph\">Y, con singular gusto, pregunt\u00f3:<\/p>\n\n\n\n<p class=\"wp-block-paragraph\">\u201cEntonces, a ver, d\u00f3nde est\u00e1 el partido o el bloque de partidos, esa es una que hay que resolver, d\u00f3nde est\u00e1 el candidato o la candidata. Y tres, \u00bfy el programa?\u201d<\/p>\n\n\n\n<p class=\"wp-block-paragraph\">Dudar, instalar bajo sospecha de ruptura, deslizar versiones perversas, es una tarea de magistral manejo en voz del licenciado presidente.<\/p>\n\n\n\n<p class=\"wp-block-paragraph\">Peeero\u2026Por la ma\u00f1ana de este jueves, Alejandro Moreno, dirigente nacional del PRI, desayun\u00f3 con colegas de la Academia Nacional de Periodistas de Radio y Televisi\u00f3n, que preside Miguel \u00c1ngel L\u00f3pez Far\u00edas, y respondi\u00f3 a todas las preguntas que le hicieron. A todas.<\/p>\n\n\n\n<p class=\"wp-block-paragraph\">Lo interesante: con cifras duras y an\u00e1lisis serios, demostr\u00f3 por qu\u00e9 Morena y sus prohombres, encabezados por el licenciad presidente insiste en que el bloque opositor perdi\u00f3 el domingo \u00faltimo, am\u00e9n de que el PRI est\u00e1 en proceso de extinci\u00f3n.<\/p>\n\n\n\n<p class=\"wp-block-paragraph\">Sin duda, desde diferentes tribunas en los medios de comunicaci\u00f3n del pa\u00eds, quienes aseguran que el PRI est\u00e1 en fase terminal y que Alejandro Moreno debe renunciar, no conocen este trabajo profesional que es una evaluaci\u00f3n que incluye autocr\u00edtica de lo que ocurre con el Revolucionario Institucional.<\/p>\n\n\n\n<p class=\"wp-block-paragraph\">Y, bueno, \u00bfest\u00e1 muerta la alianza Va X M\u00e9xico? \u00bfHay divisi\u00f3n entre sus dirigencias partidistas y coordinaciones legislativas? Andr\u00e9s Manuel est\u00e1 enfiestado, le gana la soberbia, se pelea con congresistas dem\u00f3cratas y republicanos, se alza como el predicador bolivariano.<\/p>\n\n\n\n<p class=\"wp-block-paragraph\">No, hay oposici\u00f3n partidista y legislativa. Tanta que Ricardo Monreal sali\u00f3 al paso de la Moratoria Legislativa declarada por este bloque opositor al que, Su Alteza Seren\u00edsima Andr\u00e9s Manuel I le resta importancia.<\/p>\n\n\n\n<p class=\"wp-block-paragraph\">Le comparto el documento firmado por los presidentes y coordinadores en el Senado y la C\u00e1mara de Diputados del PAN, PRI y PRD. Saque usted sus conclusiones. Usted opina. A saber.<\/p>\n\n\n\n<h2 class=\"wp-block-heading\" id=\"va-x-mexico\"><strong>Va X M\u00e9xico<\/strong><\/h2>\n\n\n\n<p class=\"wp-block-paragraph\">Desde el inicio del gobierno del Presidente Andr\u00e9s Manuel L\u00f3pez Obrador buscamos el desarrollo, la seguridad y la prosperidad de todas y todos los mexicanos en la discusi\u00f3n y aprobaci\u00f3n de diversas reformas constitucionales y legales propuestas tanto por el propio titular del Ejecutivo Federal y por los legisladores emanados de su Partido Pol\u00edtico, Morena.&nbsp;<\/p>\n\n\n\n<p class=\"wp-block-paragraph\">A pesar de que en dichos procesos de reforma se generaron compromisos p\u00fablicos para procurar que el desarrollo institucional del pa\u00eds contin\u00fae bajo las premisas y principios democr\u00e1ticos de pluralidad, tolerancia e inclusi\u00f3n, la actitud del gobierno federal y de su grupo parlamentario ha sido la de desconocer, faltar a la palabra, imponer e incurrir incluso en fraude a la constituci\u00f3n y a la ley.&nbsp;<\/p>\n\n\n\n<p class=\"wp-block-paragraph\">Dicha actitud se ha patentizado con la conducta desplegada por el titular del Ejecutivo que no solamente ha cancelado cualquier posibilidad de di\u00e1logo con los partidos de oposici\u00f3n para la discusi\u00f3n abierta y de cara a la naci\u00f3n de los grandes problemas del pa\u00eds, sino en una actitud facciosa, parcial y amenazante, en franca&nbsp;contraposici\u00f3n a su obligaci\u00f3n constitucional de gobernar bajo los principios de imparcialidad, legalidad y eficacia.&nbsp;<\/p>\n\n\n\n<p class=\"wp-block-paragraph\">Frente a las sistem\u00e1ticas violaciones a la Constituci\u00f3n y a nuestro marco legal, hemos tenido la necesidad de recurrir a mecanismos de control constitucional y ante instancias internacionales para denunciar que nuestra democracia y Constituci\u00f3n se encuentran bajo una amenaza permanente desde Palacio Nacional.&nbsp;<\/p>\n\n\n\n<p class=\"wp-block-paragraph\">Este gobierno se ha dedicado a atacar y destruir programas, obras e instituciones por el capricho autoritario. Como ejemplo de lo anterior, violaron la constituci\u00f3n al no respetar que la Guardia Nacional fuera encabezada por un civil; montaron un eiercicio tergiversado de revocaci\u00f3n de mandato para satisfacer un capricho presidencial, evitando que esos recursos pudieran ser utilizados para programas prioritarios; deformaron la figura de la consulta popular nuevamente gastando dinero p\u00fablico sin ning\u00fan beneficio para la sociedad.&nbsp;<\/p>\n\n\n\n<p class=\"wp-block-paragraph\">Hoy <em>M<\/em>orena amenaza al INE, a nuestra libertad, a nuestra democracia y atenta contra los bolsillos de la mayor\u00eda de la gente.&nbsp;<\/p>\n\n\n\n<p class=\"wp-block-paragraph\">Que quede bien claro, no permitiremos romper con la autonom\u00eda, integraci\u00f3n e independencia del INE ni favorecer la militarizaci\u00f3n del pa\u00eds que atenta contra la democracia y los derechos humanos.&nbsp;<\/p>\n\n\n\n<p class=\"wp-block-paragraph\">Son recurrentes las conductas de diversos servidores del Poder Ejecutivo que contravienen la legislaci\u00f3n, ejemplo de lo anterior lo constituye la intromisi\u00f3n il\u00edcita en Jos procesos electorales, el uso de las instituciones del gobierno para amedrentar, amenazar y coaccionar a diputados y miembros de los partidos de oposici\u00f3n. Dicha conducta ha sido replicada por las y los legisladores del grupo mayoritario quienes han desplegado acciones inusitadas y graves que atentan en contra de la&nbsp;democracia y el esp\u00edritu plural que inspira a nuestra Constituci\u00f3n.&nbsp;<\/p>\n\n\n\n<p class=\"wp-block-paragraph\"><em>M<\/em>orena y sus aliados han ignorado no solamente la opini\u00f3n y puntos de vista de los legisladores, sino tambi\u00e9n de los expertos, especialistas, acad\u00e9micos y ciudadanos en general que han participado en los ejercicios de Parlamento Abierto, dando como resultado una simulaci\u00f3n por parte de los diputados y discusiones monotem\u00e1ticas con&nbsp;sesgos ideol\u00f3gicos.&nbsp;<\/p>\n\n\n\n<p class=\"wp-block-paragraph\">El presidente de la Rep\u00fablica y sus brazos ejecutores en el Congreso de la Uni\u00f3n han demostrado una actitud intolerante, de cerraz\u00f3n y aversi\u00f3n a la deliberaci\u00f3n democr\u00e1tica y a los procesos constitucionales de discusi\u00f3n y aprobaci\u00f3n de leyes y reformas.&nbsp;<\/p>\n\n\n\n<p class=\"wp-block-paragraph\">Ante la urgencia de preservar nuestra Rep\u00fablica, presentamos una moratoria constitucional y hacemos un llamado a la ciudadan\u00eda a sumarse para denunciar cualquier violaci\u00f3n al marco legal tanto a nivel local como federal que pongan en riesgo la democracia que tanto nos ha costado construir.&nbsp;<\/p>\n\n\n\n<p class=\"wp-block-paragraph\">Siendo el inter\u00e9s nacional y la prevalencia de los principios republicanos de divisi\u00f3n de los poderes, y a fin de reivindicar el orden democr\u00e1tico, social y plural del estado mexicano que ha sido severamente lesionado en estos tres a\u00f1os de Gobierno, con la fuerza legislativa que representamos suscribimos el siguiente pronunciamiento de moratoria constitucional:&nbsp;<\/p>\n\n\n\n<p class=\"wp-block-paragraph\">1. Durante el tiempo que resta a la LXV Legislatura del Congreso de la Uni\u00f3n, los Grupos Parlamentarios no aprobaremos cualquier iniciativa de reforma, adici\u00f3n o modificaci\u00f3n a la Constituci\u00f3n Pol\u00edtica de los Estados Unidos Mexicanos.&nbsp;<\/p>\n\n\n\n<p class=\"wp-block-paragraph\">2. Las y los diputados y senadores que presidan y participen en los \u00f3rganos de gobierno, as\u00ed como las comisiones y grupos de trabajo, participar\u00e1n solo en t\u00e9rminos estrictamente indispensables e institucionales para dar curso y tr\u00e1mite al proceso legislativo&nbsp;<\/p>\n\n\n\n<p class=\"wp-block-paragraph\">3. Estaremos muy alertas para impedir que se aprueben iniciativas que violen la Constituci\u00f3n y en esos casos continuaremos recurriendo a los mecanismos de control constitucional ante la Suprema Corte de Justicia de la Naci\u00f3n.&nbsp;<\/p>\n\n\n\n<p class=\"wp-block-paragraph\">4. Como oposici\u00f3n responsable continuaremos impulsando diversas iniciativas a la legislaci\u00f3n secundaria que mejoren en cualquier aspecto la calidad de vida, de salud, econ\u00f3mica y de seguridad de las y los mexicanos, y todos aquellos otros temas que fomenten la democracia.&nbsp;<\/p>\n\n\n\n<p class=\"wp-block-paragraph\"><em>5<\/em>. A la \u00abCoalici\u00f3n Va por M\u00e9xico\u00bb no la van a dividir a pesar de sus ataques y calumnias porque esta fortalece el Poder Legislativo, protege la constituci\u00f3n, evita la destrucci\u00f3n y regresi\u00f3n, porque esta seguir\u00e1 trabajando para la construcci\u00f3n de coaliciones electorales ganadoras y de gobiernos exitosos en beneficio de la sociedad.&nbsp;Hasta aqu\u00ed el texto.<\/p>\n\n\n\n<p class=\"wp-block-paragraph\">\u00bfNo hay oposici\u00f3n? Ah\u00ed te hablan, Andr\u00e9s Manuel. Digo.<\/p>\n\n\n\n<p class=\"wp-block-paragraph\"><a href=\"mailto:sanchezlimon@gmail.como\">sanchezlimon@gmail.como<\/a>&nbsp;&nbsp;&nbsp;<\/p>\n\n\n\n<p class=\"wp-block-paragraph\">&nbsp;<a href=\"http:\/\/www.entresemana.mx\">www.entresemana.mx<\/a>&nbsp;&nbsp;&nbsp;<\/p>\n\n\n\n<p class=\"wp-block-paragraph\">&nbsp;<strong>@msanchezlimon&nbsp;&nbsp;&nbsp;<\/strong><\/p>\n\n\n\n<p class=\"wp-block-paragraph\"><strong>&nbsp;@msanchezlimon1<\/strong><\/p>\n","protected":false},"excerpt":{"rendered":"<p> Iniciada la semana, a Su alteza Seren\u00edsima se le ilumin\u00f3 la mirada y por poco grita de alegr\u00eda cuando, junto con el gerente del corporativo Morena, Mario Delgado, exultante sabore\u00f3 el triunfo dominical en las urnas.<\/p>\n","protected":false},"author":3,"featured_media":15805,"comment_status":"open","ping_status":"open","sticky":false,"template":"","format":"standard","meta":{"_monsterinsights_skip_tracking":false,"footnotes":""},"categories":[693,105,83,35],"tags":[],"class_list":["post-51573","post","type-post","status-publish","format-standard","has-post-thumbnail","category-693","category-entresemana","category-moises-sanchez-limon","category-opinion"],"_links":{"self":[{"href":"https:\/\/redsemlac.com\/semmexico\/wp-json\/wp\/v2\/posts\/51573","targetHints":{"allow":["GET"]}}],"collection":[{"href":"https:\/\/redsemlac.com\/semmexico\/wp-json\/wp\/v2\/posts"}],"about":[{"href":"https:\/\/redsemlac.com\/semmexico\/wp-json\/wp\/v2\/types\/post"}],"author":[{"embeddable":true,"href":"https:\/\/redsemlac.com\/semmexico\/wp-json\/wp\/v2\/users\/3"}],"replies":[{"embeddable":true,"href":"https:\/\/redsemlac.com\/semmexico\/wp-json\/wp\/v2\/comments?post=51573"}],"version-history":[{"count":0,"href":"https:\/\/redsemlac.com\/semmexico\/wp-json\/wp\/v2\/posts\/51573\/revisions"}],"wp:featuredmedia":[{"embeddable":true,"href":"https:\/\/redsemlac.com\/semmexico\/wp-json\/wp\/v2\/media\/15805"}],"wp:attachment":[{"href":"https:\/\/redsemlac.com\/semmexico\/wp-json\/wp\/v2\/media?parent=51573"}],"wp:term":[{"taxonomy":"category","embeddable":true,"href":"https:\/\/redsemlac.com\/semmexico\/wp-json\/wp\/v2\/categories?post=51573"},{"taxonomy":"post_tag","embeddable":true,"href":"https:\/\/redsemlac.com\/semmexico\/wp-json\/wp\/v2\/tags?post=51573"}],"curies":[{"name":"wp","href":"https:\/\/api.w.org\/{rel}","templated":true}]}}