{"id":5144,"date":"2018-09-05T15:56:30","date_gmt":"2018-09-05T15:56:30","guid":{"rendered":"https:\/\/redsemlac.com\/semmexico\/?p=5144"},"modified":"2023-07-21T14:33:17","modified_gmt":"2023-07-21T19:33:17","slug":"pt-y-morena-incluiran-en-su-agenda-legislativa-el-tema-de-genero","status":"publish","type":"post","link":"https:\/\/redsemlac.com\/semmexico\/pt-y-morena-incluiran-en-su-agenda-legislativa-el-tema-de-genero\/","title":{"rendered":"PT y Morena incluir\u00e1n en su agenda legislativa, el tema de g\u00e9nero."},"content":{"rendered":"\n<p class=\"wp-block-paragraph\"><a href=\"https:\/\/www.semmexico.com\/gallery-post.php?id=5752#\">Josefina Aguilar Pastor,<\/a><\/p>\n\n\n\n<p class=\"wp-block-paragraph\">SemM\u00e9xico. Chilpancingo, Guerrero. 05 de septiembre de 2018.- Por primera vez, Morena incluye en su discurso, el tema de g\u00e9nero; al momento de emitir su posicionamiento como fracciones legislativas, solo dos grupos parlamentarios, anuncian cierto inter\u00e9s en la materia, aunque sin un lenguaje incluyente.<\/p>\n\n\n\n<p class=\"wp-block-paragraph\">Este martes, en lo que fue la primera sesi\u00f3n del pleno de la 62 legislatura local, que el pasado s\u00e1bado fue oficialmente instalada, representantes de cada uno de los grupos parlamentarios, emitieron sus respectivos posicionamientos pol\u00edticos, en cuanto al trabajo legislativo que pretenden realizar.<\/p>\n\n\n\n<p class=\"wp-block-paragraph\">De las fuerzas representadas, PRI, PAN, PRD, Movimiento Ciudadano (MC), Verde Ecologista de M\u00e9xico (PVEM); del Trabajo (PT) y Morena, solo los coordinadores de estas dos \u00faltimas, hicieron alusi\u00f3n a un m\u00ednimo inter\u00e9s en incluir en su agenda legislativa, el tema de g\u00e9nero.<\/p>\n\n\n\n<p class=\"wp-block-paragraph\">La primera, fue la diputada del PT, Leticia Mosso Hern\u00e1ndez, quien expuso, que su partido asume el compromiso de presentar una agenda legislativa que contemple iniciativas cuya finalidad sea el beneficio de la poblaci\u00f3n, \u201cen mi calidad de mujer quiero se\u00f1alar que impulsaremos iniciativas que tengan como prop\u00f3sito el lograr una real y efectiva equidad de g\u00e9nero, debemos de garantizar que en cada uno de los poderes y los \u00f3rganos aut\u00f3nomos se garanticen igualdad de condiciones entre mujeres y hombres\u201d, tambi\u00e9n dijo que impulsar\u00e1 iniciativas cuyo prop\u00f3sito sea mejorar la transparencia y rendici\u00f3n de cuentas de los entes p\u00fablicos.<\/p>\n\n\n\n<p class=\"wp-block-paragraph\">El segundo, dentro de un muy intenso discurso de casi 15 minutos, que super\u00f3 los diez otorgados por la ley, el coordinador de la fracci\u00f3n parlamentaria de Morena, Pablo Almicar Sandoval Ballesteros, exterioriz\u00f3 \u201cno olvidamos a los cientos, tal vez miles de hombres y mujeres que han sido v\u00edctimas de desaparici\u00f3n forzada. Adem\u00e1s contraemos el compromiso de legislar y construir el bagaje normativo que permita detener los feminicidios, garantice el derecho de las mujeres a una vida sin violencia y procure el bienestar y desarrollo de las ni\u00f1as y ni\u00f1os\u201d.<\/p>\n\n\n\n<p class=\"wp-block-paragraph\">El resto de los coordinadores, emitieron sendos discursos leguleyos encaminados m\u00e1s a intereses pol\u00edticos que sociales.<\/p>\n\n\n\n<p class=\"wp-block-paragraph\">SEM\/GR<br><\/p>\n","protected":false},"excerpt":{"rendered":"<p>Josefina Aguilar Pastor, SemM\u00e9xico. Chilpancingo, Guerrero. 05 de septiembre de 2018.- Por primera vez, Morena incluye en su discurso, el tema de g\u00e9nero; al momento de emitir su posicionamiento como fracciones legislativas, solo dos grupos parlamentarios, anuncian cierto inter\u00e9s en la materia, aunque sin un lenguaje incluyente. Este martes, en lo que fue la primera [&hellip;]<\/p>\n","protected":false},"author":3,"featured_media":5145,"comment_status":"open","ping_status":"open","sticky":false,"template":"","format":"standard","meta":{"_monsterinsights_skip_tracking":false,"footnotes":""},"categories":[689,50],"tags":[],"class_list":["post-5144","post","type-post","status-publish","format-standard","has-post-thumbnail","category-689","category-congreso"],"_links":{"self":[{"href":"https:\/\/redsemlac.com\/semmexico\/wp-json\/wp\/v2\/posts\/5144","targetHints":{"allow":["GET"]}}],"collection":[{"href":"https:\/\/redsemlac.com\/semmexico\/wp-json\/wp\/v2\/posts"}],"about":[{"href":"https:\/\/redsemlac.com\/semmexico\/wp-json\/wp\/v2\/types\/post"}],"author":[{"embeddable":true,"href":"https:\/\/redsemlac.com\/semmexico\/wp-json\/wp\/v2\/users\/3"}],"replies":[{"embeddable":true,"href":"https:\/\/redsemlac.com\/semmexico\/wp-json\/wp\/v2\/comments?post=5144"}],"version-history":[{"count":0,"href":"https:\/\/redsemlac.com\/semmexico\/wp-json\/wp\/v2\/posts\/5144\/revisions"}],"wp:featuredmedia":[{"embeddable":true,"href":"https:\/\/redsemlac.com\/semmexico\/wp-json\/wp\/v2\/media\/5145"}],"wp:attachment":[{"href":"https:\/\/redsemlac.com\/semmexico\/wp-json\/wp\/v2\/media?parent=5144"}],"wp:term":[{"taxonomy":"category","embeddable":true,"href":"https:\/\/redsemlac.com\/semmexico\/wp-json\/wp\/v2\/categories?post=5144"},{"taxonomy":"post_tag","embeddable":true,"href":"https:\/\/redsemlac.com\/semmexico\/wp-json\/wp\/v2\/tags?post=5144"}],"curies":[{"name":"wp","href":"https:\/\/api.w.org\/{rel}","templated":true}]}}