{"id":51438,"date":"2022-06-08T11:08:58","date_gmt":"2022-06-08T17:08:58","guid":{"rendered":"https:\/\/redsemlac.com\/semmexico\/?p=51438"},"modified":"2023-07-21T19:06:23","modified_gmt":"2023-07-22T00:06:23","slug":"asesinan-al-alcalde-de-teopisca-ruben-valdez-diaz","status":"publish","type":"post","link":"https:\/\/redsemlac.com\/semmexico\/asesinan-al-alcalde-de-teopisca-ruben-valdez-diaz\/","title":{"rendered":"Asesinan al alcalde de Teopisca, Rub\u00e9n Valdez D\u00edaz"},"content":{"rendered":"\n<p class=\"wp-block-paragraph\"><strong>Gabriela Couti\u00f1o&nbsp;<\/strong><\/p>\n\n\n\n<p class=\"wp-block-paragraph\">SemM\u00e9xico, Tuxtla Guti\u00e9rrez, Chis. 8 Junio de 2022.- El presidente municipal de Teopisca, Rub\u00e9n Valdez D\u00edaz, fue asesinado esta ma\u00f1ana, cuando sal\u00eda de su domicilio, inform\u00f3 la Fiscal\u00eda General de Chiapas.&nbsp;<\/p>\n\n\n\n<p class=\"wp-block-paragraph\">El alcalde del Partido Verde Ecologista de M\u00e9xico (PVEM) fue atacado por hombres armados, cuando se hallaba a bordo de su veh\u00edculo alrededor&nbsp;de las 10;00 de la ma\u00f1ana; en El Barrio San Miguel, cabecera municipal, se\u00f1alaron fuentes oficiales.&nbsp;<\/p>\n\n\n\n<p class=\"wp-block-paragraph\">La Fiscal\u00eda General del Estado \/FGE) inform\u00f3 en un comunicado que \u201cluego de conocer la noticia, elementos de la Polic\u00eda Especializada y de Servicios Periciales de la Fiscal\u00eda de Distrito Altos acudieron al lugar de los hechos, donde se confirm\u00f3 que una persona estaba sin vida, y respond\u00eda al nombre de Rub\u00e9n de Jes\u00fas Valdez D\u00edaz, presidente municipal de Teopisca para el trienio 2021 &#8211; 2024\u201d.&nbsp;<\/p>\n\n\n\n<p class=\"wp-block-paragraph\">La dependencia precis\u00f3 que el lugar fue acordonado para preservaci\u00f3n de indicios que ayuden al esclarecimiento del delito. La investigaci\u00f3n continuar\u00e1 hasta dar con el o los culpables.&nbsp;<\/p>\n\n\n\n<p class=\"wp-block-paragraph\">Valdez D\u00edaz, fue electo hace un a\u00f1o, el pasado 6 de junio de 2021, como presidente municipal bajo las siglas del PVEM.<\/p>\n\n\n\n<p class=\"wp-block-paragraph\">El municipio de Teopisca se localiza a pocos m\u00e1s de 30 kil\u00f3metros de San Crist\u00f3bal de las Casas y pertenece a la regi\u00f3n de Los Altos de Chiapas.<\/p>\n","protected":false},"excerpt":{"rendered":"<p>El presidente municipal de Teopisca, Rub\u00e9n Valdez D\u00edaz, fue asesinado esta ma\u00f1ana, cuando sal\u00eda de su domicilio, inform\u00f3 la Fiscal\u00eda General de Chiapas.\u00a0<\/p>\n","protected":false},"author":3,"featured_media":51439,"comment_status":"open","ping_status":"open","sticky":false,"template":"","format":"standard","meta":{"_monsterinsights_skip_tracking":false,"footnotes":""},"categories":[693,52],"tags":[],"class_list":["post-51438","post","type-post","status-publish","format-standard","has-post-thumbnail","category-693","category-hombres"],"_links":{"self":[{"href":"https:\/\/redsemlac.com\/semmexico\/wp-json\/wp\/v2\/posts\/51438","targetHints":{"allow":["GET"]}}],"collection":[{"href":"https:\/\/redsemlac.com\/semmexico\/wp-json\/wp\/v2\/posts"}],"about":[{"href":"https:\/\/redsemlac.com\/semmexico\/wp-json\/wp\/v2\/types\/post"}],"author":[{"embeddable":true,"href":"https:\/\/redsemlac.com\/semmexico\/wp-json\/wp\/v2\/users\/3"}],"replies":[{"embeddable":true,"href":"https:\/\/redsemlac.com\/semmexico\/wp-json\/wp\/v2\/comments?post=51438"}],"version-history":[{"count":0,"href":"https:\/\/redsemlac.com\/semmexico\/wp-json\/wp\/v2\/posts\/51438\/revisions"}],"wp:featuredmedia":[{"embeddable":true,"href":"https:\/\/redsemlac.com\/semmexico\/wp-json\/wp\/v2\/media\/51439"}],"wp:attachment":[{"href":"https:\/\/redsemlac.com\/semmexico\/wp-json\/wp\/v2\/media?parent=51438"}],"wp:term":[{"taxonomy":"category","embeddable":true,"href":"https:\/\/redsemlac.com\/semmexico\/wp-json\/wp\/v2\/categories?post=51438"},{"taxonomy":"post_tag","embeddable":true,"href":"https:\/\/redsemlac.com\/semmexico\/wp-json\/wp\/v2\/tags?post=51438"}],"curies":[{"name":"wp","href":"https:\/\/api.w.org\/{rel}","templated":true}]}}