{"id":51435,"date":"2022-06-08T10:39:14","date_gmt":"2022-06-08T16:39:14","guid":{"rendered":"https:\/\/redsemlac.com\/semmexico\/?p=51435"},"modified":"2023-07-21T19:06:23","modified_gmt":"2023-07-22T00:06:23","slug":"las-mujeres-negras-queremos-ocupar-lugares-estrategicos-en-el-gobierno-de-lula-vilma-reis-precandidata-a-diputada-federal","status":"publish","type":"post","link":"https:\/\/redsemlac.com\/semmexico\/las-mujeres-negras-queremos-ocupar-lugares-estrategicos-en-el-gobierno-de-lula-vilma-reis-precandidata-a-diputada-federal\/","title":{"rendered":"Las mujeres negras queremos ocupar lugares estrat\u00e9gicos en el gobierno de Lula: Vilma Reis, precandidata a diputada federal"},"content":{"rendered":"\n<p class=\"wp-block-paragraph\"><strong><a href=\"https:\/\/amecopress.net\/Luciana-Peker\">Luciana Peker<\/a><\/strong><strong><\/strong><\/p>\n\n\n\n<p class=\"wp-block-paragraph\">SemM\u00e9xico\/AmecoPress; Las Bravas, Brasil; 8 de junio de 2022.- Vilma es hija de un gremialista ferroviario. Y esa tradici\u00f3n (sindical, familiar, personal) tambi\u00e9n la eleva. Ella sube la barrera en donde la fe se us\u00f3 para defenestrar la democracia y hace de su discurso una performance de fe.<\/p>\n\n\n\n<p class=\"wp-block-paragraph\">Tal vez es lo que la pol\u00edtica necesita. Volver a tener fe en la pol\u00edtica. Y una pol\u00edtica con fe de cambio. Adem\u00e1s de entender los trucos de los derroteros de la pol\u00edtica sin dejarse derrotar, ni regalar la magia de una deidad pol\u00edtica como Vilma. Ella no habla, hace una puesta en escena; no grita, vibra, para que nadie se distraiga en la vibraci\u00f3n de sus celulares, en \u00e9pocas de pol\u00edtica de corta atenci\u00f3n.<\/p>\n\n\n\n<p class=\"wp-block-paragraph\">Hoy, las mujeres negras quieren llegar a la pol\u00edtica para desatar los nudos: la violencia machista que mata, la violencia racista que encarcela a&nbsp; j\u00f3venes, pobreza que las deja de a pie, mortalidad materna que arrebata la vida por ser madre o por no querer ser madre o por no poder pensar en qu\u00e9 se quiere antes de ya serlo.<\/p>\n\n\n\n<p class=\"wp-block-paragraph\">Vilma atrae la atenci\u00f3n y consenso. Ella es precandidata a diputada federal por Salvador, Bah\u00eda. Las bahianas son un emblema de mujeres negras como postales de souvenirs. Para dar vuelta la postal hay que dar vuelta el poder. Ella quiere hacerlo. Muchas la acompa\u00f1an con el lema \u201cAgora \u00e9 ela\u201d.<\/p>\n\n\n\n<p class=\"wp-block-paragraph\">Pero el desaf\u00edo no es f\u00e1cil. La imagen de Lula da Silva (de 76 a\u00f1os) se desparrama en toallas con su cara en los supermercados; las remeras con el fondo verde del l\u00edder salido de la c\u00e1rcel y reci\u00e9n casado (con la soci\u00f3loga Ros\u00e2ngela da Silva, conocida como Janja, de 55 a\u00f1os) dan esperanza cuando inicia su campa\u00f1a elogiando la lucha de las mujeres y su importancia.<\/p>\n\n\n\n<p class=\"wp-block-paragraph\">En el lanzamiento de su candidatura para ir por una tercera candidatura, en San Pablo, el 7 de mayo, Lula dijo: \u201cQuiero felicitar a las mujeres brasile\u00f1as por las conquistas que ya obtuvieron y las que van a obtener a partir de las elecciones de 2022. Ustedes no son mayor\u00eda s\u00f3lo num\u00e9ricamente. Son mayor\u00eda por la capacidad de elaboraci\u00f3n de propuestas y la capacidad de lucha\u201d.<\/p>\n\n\n\n<p class=\"wp-block-paragraph\">Vilma Reis es feminista, defensora de los derechos humanos, soci\u00f3loga, m\u00e1ster del Doctorado en Sociolog\u00eda de las Relaciones Raciales y pertenece a la Organizaci\u00f3n de Mujeres Negras por los Derechos Humanos. Ella ingres\u00f3 en el Partido de los Trabajadores (PT), de Lula, en 2007.<\/p>\n\n\n\n<p class=\"wp-block-paragraph\">No es una m\u00e1s. Y quieren sumar a m\u00e1s de una. Ahora busca ser diputada por el PT. No es s\u00f3lo que gane Lula sino que, con \u00e9l, ganen las mujeres que lo acompa\u00f1an.<\/p>\n\n\n\n<p class=\"wp-block-paragraph\">Ella fue presidenta del Consejo Estatal para el desarrollo de la comunidad negra. Fue elegida, dos veces, defensora del Pueblo por organizaciones de la sociedad civil. Fue reconocida con la medalla Zumbi dos Palmares por su lucha contra el racismo, el genocidio de la juventud negra y la defensa de la comunidad LGBT. Uno de sus lemas es: \u201cEntender las soluciones es m\u00e1s f\u00e1cil cuando convivimos con los problemas la vida entera\u201d.<\/p>\n\n\n\n<p class=\"wp-block-paragraph\">Ella es parte de la revoluci\u00f3n de las hijas que admiraron la lucha de los padres y la llevaron m\u00e1s lejos a\u00fan que los propios trenes en los que trabajaba. Su pap\u00e1 fue perseguido por la dictadura militar porque era sindicalista y ayudaba a sus compa\u00f1eros a conseguir plata cuando el ferrocarril dej\u00f3 sin pago a trabajadores durante seis meses como represalia por sus demandas.<\/p>\n\n\n\n<p class=\"wp-block-paragraph\">Entre idas y vueltas, junto a su hermana, a los 15 a\u00f1os comenz\u00f3 a participar en el movimiento estudiantil. Ahora tiene 52. Hace 37 a\u00f1os que milita. En la secundaria, la universidad, los feminismos, el movimiento de mujeres negras y la pol\u00edtica. \u201cSoy una mujer negra, feminista, anticapitalista, de izquierda\u201d, se define. \u201cSoy soci\u00f3loga, profesora, educadora\u201d, relata lo que hace. \u201cEstoy en el espacio de la universidad y en los movimientos populares\u201d, describe donde trabaja.<\/p>\n\n\n\n<p class=\"wp-block-paragraph\">Ella denuncia el \u201cgolpe\u201d que derrib\u00f3 a la (ex) presidenta Dilma Rousseff y culmin\u00f3 con la \u201celecci\u00f3n de un presidente autoritario\u201d. Y define tambi\u00e9n el objetivo central de Brasil: \u201cLo m\u00e1s importante en este momento de la democracia popular en Brasil es la elecci\u00f3n del compa\u00f1ero Luis In\u00e1cio Lula da Silva como el pr\u00f3ximo presidente de la Rep\u00fablica\u201d, subraya el gran desaf\u00edo brasile\u00f1o de 2022.<\/p>\n\n\n\n<p class=\"wp-block-paragraph\"><strong>\u00bfQu\u00e9 significa Lula?<\/strong><\/p>\n\n\n\n<p class=\"wp-block-paragraph\">Lula es la inspiraci\u00f3n pol\u00edtica en Brasil y nosotras tenemos mucho orgullo de tenerlo como representaci\u00f3n del Partido de los Trabajadores y de las trabajadoras. La poblaci\u00f3n afrodescendiente de Brasil (con m\u00e1s de 212 millones de habitantes) es 56 por ciento del pa\u00eds. Las mujeres negras somos 28 por ciento de la poblaci\u00f3n. El 78 por ciento de la poblaci\u00f3n negra ya decidi\u00f3 votar a Luis In\u00e1cio Lula da Silva.<\/p>\n\n\n\n<p class=\"wp-block-paragraph\"><strong>\u00bfPor qu\u00e9 es importante que la plataforma de Lula apoye a las mujeres negras?<\/strong><\/p>\n\n\n\n<p class=\"wp-block-paragraph\">Es important\u00edsimo que la izquierda tradicional tenga una discusi\u00f3n horizontal y con el mismo nivel con las mujeres negras, con las hermanas ind\u00edgenas, el pueblo originario de Brasil: yanomamis, guarayos y patax\u00f3, etc\u00e9tera. No son los capitalistas los que est\u00e1n decididos a elegir a Lula. Somos nosotras.<\/p>\n\n\n\n<p class=\"wp-block-paragraph\"><strong>Si las mujeres negras y originarias van a apoyar a Lula, \u00bfCu\u00e1les son las medidas que le piden a cambio de ese apoyo?<\/strong><\/p>\n\n\n\n<p class=\"wp-block-paragraph\">Es fundamental hacer una reforma agraria, legalizar las quilombolas (territorios habitados por afrodescendientes que reivindican las ra\u00edces africanas y la emancipaci\u00f3n), las regiones tradicionales ind\u00edgenas y pesca artesanal.<\/p>\n\n\n\n<p class=\"wp-block-paragraph\">Tambi\u00e9n es central discutir las pol\u00edticas de drogas en Brasil y encarcelamiento de los j\u00f3venes. Hay 830 mil j\u00f3venes negros en prisi\u00f3n. En el sistema de justicia de Brasil tenemos 2,1 millones de personas negras implicadas en la justicia criminal.<\/p>\n\n\n\n<p class=\"wp-block-paragraph\"><strong>\u00bfLa guerra contra la droga trae como consecuencia la criminalizaci\u00f3n de los j\u00f3venes negros?<\/strong><\/p>\n\n\n\n<p class=\"wp-block-paragraph\">La guerra contra las drogas es la guerra contra los negros y empobrecidos de este pa\u00eds. El 72% del pa\u00eds vive con un salario m\u00ednimo o, como mucho, dos.<\/p>\n\n\n\n<p class=\"wp-block-paragraph\"><strong>\u00bfPor qu\u00e9 nombra, en sus investigaciones, al Estado como viciado en vez de a los consumidores como viciosos?<\/strong><\/p>\n\n\n\n<p class=\"wp-block-paragraph\">Cuando estuve en la Defensor\u00eda P\u00fablica de Estado de Bah\u00eda, mi trabajo fue sobre la pol\u00edtica de seguridad p\u00fablica y la guerra de las drogas, y el t\u00edtulo fue \u201cViciado por el Estado\u201d. El tema es que los jefes de la seguridad p\u00fablica ejercieron movimientos de control en los barrios negros de Salvador.<\/p>\n\n\n\n<p class=\"wp-block-paragraph\"><strong>\u00bfC\u00f3mo empez\u00f3 su participaci\u00f3n en el feminismo?<\/strong><\/p>\n\n\n\n<p class=\"wp-block-paragraph\">En 1997, organizamos el XII Encuentro Nacional Feminista, con la participaci\u00f3n de 722 mujeres y delegaciones de 25 pa\u00edses, y fue la primera vez que tuvimos una comisi\u00f3n con la mayor\u00eda constituida por mujeres negras. Desde esa \u00e9poca continu\u00e9 el movimiento de las mujeres negras.<\/p>\n\n\n\n<p class=\"wp-block-paragraph\"><strong>\u00bfC\u00f3mo se enlaza con la lucha antirracista?<\/strong><\/p>\n\n\n\n<p class=\"wp-block-paragraph\">Con un grupo de la universidad federal iniciamos una escuela de formaci\u00f3n para enfrentar el racismo, cambiar la escuela y discutir sobre la di\u00e1spora de \u00c1frica. Despu\u00e9s fui profesora de la universidad, en Chapada Diamantina, en el centro de Bah\u00eda, y promovimos un trabajo con 21 comunidades quilombolas donde trabaj\u00e9 por diez a\u00f1os, al mismo tiempo que en la escuela y en la universidad.<\/p>\n\n\n\n<p class=\"wp-block-paragraph\"><strong>En Salvador hay mayor\u00eda de mujeres negras y apenas hay dos mujeres negras representantes en la legislatura municipal. \u00bfC\u00f3mo se produce esta disociaci\u00f3n entre poblaci\u00f3n y representaci\u00f3n?<\/strong><\/p>\n\n\n\n<p class=\"wp-block-paragraph\">En el municipio hay 43 legisladores y solo siete son mujeres y, entre las siete, s\u00f3lo dos mujeres negras.<\/p>\n\n\n\n<p class=\"wp-block-paragraph\"><strong>\u00bfPor qu\u00e9 lanz\u00f3 una precandidatura para ser alcaldesa de Salvador y fue un objetivo tan dif\u00edcil?<\/strong><\/p>\n\n\n\n<p class=\"wp-block-paragraph\">Fue como la guerra. Los hombres nos dec\u00edan \u201cno, no es posible\u201d y nosotras sostuvimos el debate. Ahora tenemos la precandidatura para ser diputada federal en el Congreso Nacional.<\/p>\n\n\n\n<p class=\"wp-block-paragraph\"><strong>\u00bfQu\u00e9 le piden las mujeres negras a Lula?<\/strong><\/p>\n\n\n\n<p class=\"wp-block-paragraph\">Paridad racial y de g\u00e9nero.<\/p>\n\n\n\n<p class=\"wp-block-paragraph\"><strong>\u00bfQu\u00e9 se necesita para construir esa paridad?<\/strong><\/p>\n\n\n\n<p class=\"wp-block-paragraph\">Es necesario repartir el fondo electoral con justicia. Los candidatos blancos tienen mucha, mucha, mucha plata. Y las mujeres negras e ind\u00edgenas, casi nada de plata. Nosotras trabajamos toda la semana para viajar s\u00e1bado y domingo. No tenemos plata para sustentar la estructura de la precampa\u00f1a.<\/p>\n\n\n\n<p class=\"wp-block-paragraph\"><strong>\u00bfC\u00f3mo se puede modificar esa desigualdad de poder para llegar al poder?<\/strong><\/p>\n\n\n\n<p class=\"wp-block-paragraph\">En 2020, Benedicta da Silva [exgobernadora de R\u00edo de Janeiro y actual diputada federal] hizo una propuesta al Tribunal Superior Electoral para que las mujeres tengamos fondos para hacer campa\u00f1a. Es muy importante que los dirigentes de los partidos pol\u00edticos tengan conciencia de esa necesidad.<\/p>\n\n\n\n<p class=\"wp-block-paragraph\"><strong>\u00bfQu\u00e9 le piden a Lula si es elegido presidente?<\/strong><\/p>\n\n\n\n<p class=\"wp-block-paragraph\">Nosotras estamos hablando con Lula de que, despu\u00e9s de la elecci\u00f3n, las mujeres negras e ind\u00edgenas podamos estar en espacios estrat\u00e9gicos del gobierno, no solamente en la Secretar\u00eda de la Igualdad Racial, no solamente en el Ministerio de las Mujeres. Nosotras queremos representaci\u00f3n en las decisiones financieras, la salud, la Justicia, el urbanismo, la ciencia, la tecnolog\u00eda y el agro.<\/p>\n\n\n\n<p class=\"wp-block-paragraph\">Estamos haciendo la pol\u00edtica para los negros\u201d. Nuestra idea es que no vengan los que nunca se subieron a un \u00f3mnibus a decir c\u00f3mo hacer un \u00f3mnibus, sino que las mujeres negras que andamos en \u00f3mnibus seamos las que podamos planificar c\u00f3mo hacer los \u00f3mnibus. No queremos que decidan por nosotras, sino que seamos nosotras las que decidamos.<\/p>\n","protected":false},"excerpt":{"rendered":"<p>Luciana Peker SemM\u00e9xico\/AmecoPress; Las Bravas, Brasil; 8 de junio de 2022.- Vilma es hija de un gremialista ferroviario. Y esa tradici\u00f3n (sindical, familiar, personal) tambi\u00e9n la eleva. Ella sube la barrera en donde la fe se us\u00f3 para defenestrar la democracia y hace de su discurso una performance de fe. Tal vez es lo que [&hellip;]<\/p>\n","protected":false},"author":3,"featured_media":51436,"comment_status":"open","ping_status":"open","sticky":false,"template":"","format":"standard","meta":{"_monsterinsights_skip_tracking":false,"footnotes":""},"categories":[693,53],"tags":[],"class_list":["post-51435","post","type-post","status-publish","format-standard","has-post-thumbnail","category-693","category-internacional"],"_links":{"self":[{"href":"https:\/\/redsemlac.com\/semmexico\/wp-json\/wp\/v2\/posts\/51435","targetHints":{"allow":["GET"]}}],"collection":[{"href":"https:\/\/redsemlac.com\/semmexico\/wp-json\/wp\/v2\/posts"}],"about":[{"href":"https:\/\/redsemlac.com\/semmexico\/wp-json\/wp\/v2\/types\/post"}],"author":[{"embeddable":true,"href":"https:\/\/redsemlac.com\/semmexico\/wp-json\/wp\/v2\/users\/3"}],"replies":[{"embeddable":true,"href":"https:\/\/redsemlac.com\/semmexico\/wp-json\/wp\/v2\/comments?post=51435"}],"version-history":[{"count":0,"href":"https:\/\/redsemlac.com\/semmexico\/wp-json\/wp\/v2\/posts\/51435\/revisions"}],"wp:featuredmedia":[{"embeddable":true,"href":"https:\/\/redsemlac.com\/semmexico\/wp-json\/wp\/v2\/media\/51436"}],"wp:attachment":[{"href":"https:\/\/redsemlac.com\/semmexico\/wp-json\/wp\/v2\/media?parent=51435"}],"wp:term":[{"taxonomy":"category","embeddable":true,"href":"https:\/\/redsemlac.com\/semmexico\/wp-json\/wp\/v2\/categories?post=51435"},{"taxonomy":"post_tag","embeddable":true,"href":"https:\/\/redsemlac.com\/semmexico\/wp-json\/wp\/v2\/tags?post=51435"}],"curies":[{"name":"wp","href":"https:\/\/api.w.org\/{rel}","templated":true}]}}