{"id":51433,"date":"2022-06-08T08:37:23","date_gmt":"2022-06-08T14:37:23","guid":{"rendered":"https:\/\/redsemlac.com\/semmexico\/?p=51433"},"modified":"2023-07-21T19:06:23","modified_gmt":"2023-07-22T00:06:23","slug":"bellas-y-airosas-carta-para-soledad-jarquin","status":"publish","type":"post","link":"https:\/\/redsemlac.com\/semmexico\/bellas-y-airosas-carta-para-soledad-jarquin\/","title":{"rendered":"Bellas y Airosas| Carta para Soledad Jarqu\u00edn"},"content":{"rendered":"\n<p class=\"wp-block-paragraph\"><strong>Elvira Hern\u00e1ndez Carballido<\/strong><\/p>\n\n\n\n<p class=\"wp-block-paragraph\">SemM\u00e9xico, Pachuca, Hgo; 8 de junio de 2022.-<\/p>\n\n\n\n<p class=\"wp-block-paragraph\">Sol querida:<\/p>\n\n\n\n<p class=\"wp-block-paragraph\">Ya pasaron cuatro a\u00f1os de ese d\u00eda tr\u00e1gico, un d\u00eda que quienes te queremos jam\u00e1s podremos olvidar igual que t\u00fa: 2 de junio 2018, una fecha que se qued\u00f3 tatuada en nuestra alma. Me recuerdo recostada en cama viendo una pel\u00edcula, sinti\u00e9ndome segura en casa, mi esposo a un lado le\u00eda su peri\u00f3dico, mi hijo en su habitaci\u00f3n charlaba por tel\u00e9fono con la novia.<\/p>\n\n\n\n<p class=\"wp-block-paragraph\">Y en eso, el mensaje, la noticia que me hace ahogar un grito, llorar por ti, por ella, tu hija, una jovencita asesinada sin piedad, la ni\u00f1a Sol, periodista y fot\u00f3grafa. Palpaba tu dolor e impotencia y mis l\u00e1grimas brotaban incontrolables, con ganas de inundar mi casa, de provocar una tormenta de dolor y de solidaridad. Ganas de correr a tu lado, de llamarte, de abrazarte, de saber que, aunque jam\u00e1s podr\u00eda consolarte, mis l\u00e1grimas acompa\u00f1ar\u00edan a las tuyas para que no te sintieras sola, que nunca dudaras que quienes te queremos y admiramos, cerca o lejos, aqu\u00ed y siempre, estar\u00edamos a tu lado.<\/p>\n\n\n\n<p class=\"wp-block-paragraph\">Escucho tu voz al leer ese texto que publicaste, donde nos compartiste c\u00f3mo te abrazaste a ese cuerpo que t\u00fa pariste, ahora ya sin vida. Memoric\u00e9 cada palabra que le dijiste al o\u00eddo. Hasta pude atisbar c\u00f3mo le limpiaste su rostro lleno de tierra y besaste sus ojos cerrados para siempre- Por primera vez ella no correspondi\u00f3 a tus abrazos, a tus besos. Lavaste su carita con tus l\u00e1grimas. \u00bfPor qu\u00e9? la pregunta constante. C\u00f3mo ayudarte, d\u00f3nde hallar consuelo.<\/p>\n\n\n\n<p class=\"wp-block-paragraph\">A distancia pude acompa\u00f1arte. No dejaba de llorar al advertir tu fuerza, ese mismo d\u00eda fatal de inmediato clamaste justicia, denunciaste ese crimen, ese feminicidio que te arrebat\u00f3 a tu hija, el sol de tu coraz\u00f3n. Ni un momento dudaste, jam\u00e1s te tembl\u00f3 la voz, detuviste tu llanto -tal vez sab\u00edas que todas tus amigas lo derram\u00e1bamos en ese momento por ti-, justicia, solamente has pedido justicia, justicia para Sol.<\/p>\n\n\n\n<p class=\"wp-block-paragraph\">\u00bfSabes? Cuando supe que estabas en Pachuca quise de inmediato verte, pero ten\u00eda verg\u00fcenza de soltarme a llorar al verte, no saber que decirte, c\u00f3mo consolar a una mujer como t\u00fa, tan fuerte ante la denuncia, tan fr\u00e1gil ante ese dolor que siempre vivir\u00e1 en tu ser. Me avergonzaba pensar que t\u00fa ibas a ser capaz de querer consolarme, en vez de hacerlo yo. &nbsp;Mientras me acercaba a la casa de Martha Canseco, que generosamente te hab\u00eda dado asilo a ti y a Sara Lovera, no paraba de llorar. Al quedar frente a ti, no fue necesaria una sola palabra, nos abrazamos como se abrazan las amigas, como se debe abrazar con total sororidad, como madres que somos, como feministas que nos admiramos, como periodistas que nos comprometemos con la denuncia.<\/p>\n\n\n\n<p class=\"wp-block-paragraph\">Tu mirada Sol, ay tu mirada, tan fuerte y tan triste a la vez, tan llena de amor y dolor. Tu voz, siempre segura, quebr\u00e1ndose para provocar respeto y para volverse tu aliada. Ese d\u00eda que estuviste en la Bellairosa te aplaudimos con el alma cuando no pudiste continuar tu discurso. Todo el p\u00fablico presente sinti\u00f3 ese nudo en la garganta, te aplaudimos para romper ese silencio desgarrador, no sab\u00edamos que m\u00e1s hacer.<\/p>\n\n\n\n<p class=\"wp-block-paragraph\">Yo me sal\u00ed un rato, miraba los hermosos colores del mosaico que adorna el piso del Parque Ben Guri\u00f3n y mis l\u00e1grimas se volvieron mar, el viento generoso depositaba cada gota salada en ese mural colorido que trataba de darme esperanza, la fuerza necesaria para pararme a tu lado y volver a abrazarte, asegurarte que aqu\u00ed estoy, que aqu\u00ed estamos tantas, incluso tengo la fe que tu hija tambi\u00e9n aqu\u00ed est\u00e1, aqu\u00ed sigue, llen\u00e1ndonos de necedad y de insistencia, de argumentos y denuncias, de total solidaridad.<\/p>\n\n\n\n<p class=\"wp-block-paragraph\">Han pasado cuatro a\u00f1os querida Soledad, nada ha parado tu lucha. Te recuerdo ese d\u00eda que te presentante en esas conferencias ma\u00f1aneras, con el micr\u00f3fono en la mano le hablaste de frente al mismito presidente de este pa\u00eds. Yo te miraba en la pantalla de mi televisor y musitaba quedito al escucharte: Fuerza Sol, yo lloro por ti, que tu denuncia sacuda a ese hombre, que tu ejemplo lo averg\u00fcence, que conozca la fuerza de una mujer mexicana que pide justicia. Y ni un momento flaqueaste, \u00e9l prometi\u00f3, pero ni \u00e9l, ni nadie de ese sistema patriarcal han cumplido.<\/p>\n\n\n\n<p class=\"wp-block-paragraph\">Hoy te vas a buscar apoyo internacional, ah\u00ed vamos contigo, nunca dejar\u00e9 de estar a tu lado, cerca-lejos, siempre-eternamente musitando, gritando, repitiendo en mil ecos:<\/p>\n\n\n\n<p class=\"wp-block-paragraph\"><strong>\u00a1Justicia para Sol!<\/strong><\/p>\n\n\n\n<p class=\"wp-block-paragraph\">Para variar, estoy llorando mientras te escribo, pero que cada l\u00e1grima te d\u00e9 fuerza, mantenga tu coraje, te d\u00e9 luz en tu estrategia de lucha y de petici\u00f3n de justicia.<\/p>\n\n\n\n<p class=\"wp-block-paragraph\">Amiga, madre admirable, periodista tenaz, feminista de acci\u00f3n, amiga siempre.<\/p>\n\n\n\n<p class=\"wp-block-paragraph\">Te quiere y admira<\/p>\n\n\n\n<p class=\"wp-block-paragraph\"><strong><em>Elvira<\/em><\/strong><\/p>\n","protected":false},"excerpt":{"rendered":"<p>Ya pasaron cuatro a\u00f1os de ese d\u00eda tr\u00e1gico, un d\u00eda que quienes te queremos jam\u00e1s podremos olvidar igual que t\u00fa: 2 de junio 2018, una fecha que se qued\u00f3 tatuada en nuestra alma.<\/p>\n","protected":false},"author":3,"featured_media":31337,"comment_status":"open","ping_status":"open","sticky":false,"template":"","format":"standard","meta":{"_monsterinsights_skip_tracking":false,"footnotes":""},"categories":[693,201,202,35],"tags":[459],"class_list":["post-51433","post","type-post","status-publish","format-standard","has-post-thumbnail","category-693","category-bellas-y-airosas","category-elvira-hernandez-carballido","category-opinion","tag-opinion"],"_links":{"self":[{"href":"https:\/\/redsemlac.com\/semmexico\/wp-json\/wp\/v2\/posts\/51433","targetHints":{"allow":["GET"]}}],"collection":[{"href":"https:\/\/redsemlac.com\/semmexico\/wp-json\/wp\/v2\/posts"}],"about":[{"href":"https:\/\/redsemlac.com\/semmexico\/wp-json\/wp\/v2\/types\/post"}],"author":[{"embeddable":true,"href":"https:\/\/redsemlac.com\/semmexico\/wp-json\/wp\/v2\/users\/3"}],"replies":[{"embeddable":true,"href":"https:\/\/redsemlac.com\/semmexico\/wp-json\/wp\/v2\/comments?post=51433"}],"version-history":[{"count":0,"href":"https:\/\/redsemlac.com\/semmexico\/wp-json\/wp\/v2\/posts\/51433\/revisions"}],"wp:featuredmedia":[{"embeddable":true,"href":"https:\/\/redsemlac.com\/semmexico\/wp-json\/wp\/v2\/media\/31337"}],"wp:attachment":[{"href":"https:\/\/redsemlac.com\/semmexico\/wp-json\/wp\/v2\/media?parent=51433"}],"wp:term":[{"taxonomy":"category","embeddable":true,"href":"https:\/\/redsemlac.com\/semmexico\/wp-json\/wp\/v2\/categories?post=51433"},{"taxonomy":"post_tag","embeddable":true,"href":"https:\/\/redsemlac.com\/semmexico\/wp-json\/wp\/v2\/tags?post=51433"}],"curies":[{"name":"wp","href":"https:\/\/api.w.org\/{rel}","templated":true}]}}