{"id":51431,"date":"2022-06-08T08:35:19","date_gmt":"2022-06-08T14:35:19","guid":{"rendered":"https:\/\/redsemlac.com\/semmexico\/?p=51431"},"modified":"2023-07-21T19:06:24","modified_gmt":"2023-07-22T00:06:24","slug":"mirada-violeta-xv-aniversario-del-ocnf","status":"publish","type":"post","link":"https:\/\/redsemlac.com\/semmexico\/mirada-violeta-xv-aniversario-del-ocnf\/","title":{"rendered":"Mirada Violeta| XV Aniversario del OCNF"},"content":{"rendered":"\n<p class=\"wp-block-paragraph\"><strong>Guadalupe Ramos Ponce<\/strong><\/p>\n\n\n\n<p class=\"wp-block-paragraph\">SemM\u00e9xico, Guadalajara, Jal; 8 de junio de 2022.- A\u00fan tengo fresca en mi memoria cuando en el a\u00f1o de 2007, fuimos convocadas a una reuni\u00f3n a nivel nacional diversas organizaciones de la sociedad civil y mujeres defensoras de los derechos humanos, para discutir y reflexionar respecto de una problem\u00e1tica que hasta ese momento parec\u00eda que suced\u00eda solo en Ciudad Ju\u00e1rez.<\/p>\n\n\n\n<p class=\"wp-block-paragraph\">Recuerdo tambi\u00e9n la vehemencia con la que Mar\u00eda de la Luz Estrada nos invitaba a la reflexi\u00f3n respecto del asesinato de mujeres en el pa\u00eds.<\/p>\n\n\n\n<p class=\"wp-block-paragraph\">En ese momento me encontraba yo estudiando mi doctorado y precisamente mi l\u00ednea de investigaci\u00f3n se refer\u00eda al feminicidio en Jalisco. En ese entonces no exist\u00eda el tipo penal de feminicidio ni mucho menos el concepto socio antropol\u00f3gico bien desarrollado del feminicidio. Ni siquiera exist\u00eda informaci\u00f3n gubernamental que diera cuenta de la problem\u00e1tica del feminicidio a nivel nacional. Recuerdo con mucho cari\u00f1o a las compa\u00f1eras de Chihuahua y del resto del pa\u00eds cuando decidimos el nombre; cada palabra fue pensada y reflexionada en conjunto: Observatorio Ciudadano Nacional del Feminicidio (OCNF).<\/p>\n\n\n\n<p class=\"wp-block-paragraph\">Despu\u00e9s, invitamos a Julia Mon\u00e1rrez Fragoso, quien nos comparti\u00f3 generosamente sus saberes y conocimiento respecto al feminicidio en Ciudad Ju\u00e1rez. Tambi\u00e9n estuvo Marcela Lagarde, quien nos comparti\u00f3 su experiencia como presidenta en la Comisi\u00f3n de feminicidios de la C\u00e1mara de Diputados y desde donde impuls\u00f3 en el a\u00f1o 2006 la primera investigaci\u00f3n sobre el asesinato de mujeres en el pa\u00eds.<\/p>\n\n\n\n<p class=\"wp-block-paragraph\">Pero sin duda, de quien aprendimos y caminamos de la mano, fue cuando en junio de ese a\u00f1o de 2007, decidimos conformar el Observatorio Ciudadano Nacional del Feminicidio (OCNF), que surgi\u00f3 de la mano de las madres de v\u00edctimas de feminicidio en Ciudad Ju\u00e1rez y de las defensoras de derechos humanos de Chihuahua, para documentar e incidir en el acceso a la justicia para las v\u00edctimas de violencia feminicida y que las autoridades municipales, estatales y federales &nbsp;atendieran la problem\u00e1tica -que en ese entonces se enfocaba en el norte del pa\u00eds-.<\/p>\n\n\n\n<p class=\"wp-block-paragraph\">Sin embargo, la violencia grave contra las mujeres, &nbsp;ni\u00f1as y adolescentes se empez\u00f3 a registrar en otras entidades federativas, lo que hoy representa una alerta roja en todo M\u00e9xico.<\/p>\n\n\n\n<p class=\"wp-block-paragraph\">Actualmente son asesinadas diez mujeres cada d\u00eda, a lo largo y ancho de la Rep\u00fablica. Los feminicidios, desapariciones, violaciones sexuales, trata, violencia familiar, etc. Forman parte del continuum de violencia que viven las ni\u00f1as y mujeres en M\u00e9xico.<\/p>\n\n\n\n<p class=\"wp-block-paragraph\">De acuerdo, al comunicado del Observatorio, del 2015 a abril del 2022, han sido asesinadas 24 mil 312 mujeres en M\u00e9xico, s\u00f3lo 24 por ciento de los casos se han investigado como feminicidio. Lamentablemente los \u00edndices de violencia hacen que nuestra labor est\u00e9 m\u00e1s vigente que nunca.<\/p>\n\n\n\n<p class=\"wp-block-paragraph\">Nos encontramos en un escenario en donde el contexto criminal impera. Las mujeres, ni\u00f1as y adolescentes se enfrentan a actores que van m\u00e1s all\u00e1 del \u00e1mbito familiar, quienes acaban con su vida de manera brutal, con una sa\u00f1a indescriptible que requiere de respuestas prontas, efectivas y estructurales.<\/p>\n\n\n\n<p class=\"wp-block-paragraph\">El OCNF ha dado una ardua lucha por el reconocimiento de los derechos de las mujeres, para pasar del olvido a la presencia, a la visibilizaci\u00f3n de la problem\u00e1tica, a la memoria de las mujeres que han sido asesinadas y que no pudieron culminar su proyecto de vida por la violencia machista e impune que sigue imperando.<\/p>\n\n\n\n<p class=\"wp-block-paragraph\">Sabemos que los retos son muchos, que los pendientes con la agenda de las mujeres son una deuda hist\u00f3rica, por lo que nuestra labor como defensoras es indispensable para lograr que, junto con familiares de v\u00edctimas, sobrevivientes de violencia y las autoridades de los tres niveles de gobierno se materialice el derecho de las mujeres a una vida libre de violencia.<\/p>\n\n\n\n<p class=\"wp-block-paragraph\">Abrazo con cari\u00f1o a las familias v\u00edctimas de feminicidio en el pa\u00eds, a las compa\u00f1eras cofundadoras del Observatorio Ciudadano Nacional del Feminicidio y a todas las compa\u00f1eras que, a lo largo de 15 a\u00f1os de labor ininterrumpida, se han venido integrando y juntas hemos buscado estrategias para romper con la cadena de impunidad que impide que las mujeres accedan a la justicia. Durante estos 15 a\u00f1os, nuestro trabajo desde la sociedad civil ha sido \u00e9tico, porque hemos puesto por encima de cualquier inter\u00e9s, la vida e integridad de las mujeres. &nbsp;<\/p>\n\n\n\n<p class=\"wp-block-paragraph\">Vicecoordinadora de CLADEM en M\u00e9xico<\/p>\n\n\n\n<p class=\"wp-block-paragraph\">Profesora Investigadora de la UdeG.<\/p>\n\n\n\n<p class=\"wp-block-paragraph\">medium.com\/dra-lupitaramos<\/p>\n\n\n\n<p class=\"wp-block-paragraph\">@dralupitaramosp<\/p>\n\n\n\n<p class=\"wp-block-paragraph\">lupitaramosponce@gmail.com<\/p>\n\n\n\n<p class=\"wp-block-paragraph\">Canal de Youtoube Dra. Lupita Ramos.<\/p>\n\n\n\n<p class=\"wp-block-paragraph\"><a href=\"https:\/\/www.youtube.com\/channel\/UCQ_bKrt9f4rkb7VST7-sYrg\">https:\/\/www.youtube.com\/channel\/UCQ_bKrt9f4rkb7VST7-sYrg<\/a><\/p>\n\n\n\n<p class=\"wp-block-paragraph\">&nbsp;www.cladem.org<\/p>\n\n\n\n<p class=\"wp-block-paragraph\">clademjalsc@gmail.com<\/p>\n","protected":false},"excerpt":{"rendered":"<p>A\u00fan tengo fresca en mi memoria cuando en el a\u00f1o de 2007, fuimos convocadas a una reuni\u00f3n a nivel nacional diversas organizaciones de la sociedad civil y mujeres defensoras de los derechos humanos, para discutir y reflexionar respecto de una problem\u00e1tica que hasta ese momento parec\u00eda que suced\u00eda solo en Ciudad Ju\u00e1rez.<\/p>\n","protected":false},"author":3,"featured_media":8967,"comment_status":"open","ping_status":"open","sticky":false,"template":"","format":"standard","meta":{"_monsterinsights_skip_tracking":false,"footnotes":""},"categories":[693,91,35],"tags":[459],"class_list":["post-51431","post","type-post","status-publish","format-standard","has-post-thumbnail","category-693","category-lupita-ramos-ponce","category-opinion","tag-opinion"],"_links":{"self":[{"href":"https:\/\/redsemlac.com\/semmexico\/wp-json\/wp\/v2\/posts\/51431","targetHints":{"allow":["GET"]}}],"collection":[{"href":"https:\/\/redsemlac.com\/semmexico\/wp-json\/wp\/v2\/posts"}],"about":[{"href":"https:\/\/redsemlac.com\/semmexico\/wp-json\/wp\/v2\/types\/post"}],"author":[{"embeddable":true,"href":"https:\/\/redsemlac.com\/semmexico\/wp-json\/wp\/v2\/users\/3"}],"replies":[{"embeddable":true,"href":"https:\/\/redsemlac.com\/semmexico\/wp-json\/wp\/v2\/comments?post=51431"}],"version-history":[{"count":0,"href":"https:\/\/redsemlac.com\/semmexico\/wp-json\/wp\/v2\/posts\/51431\/revisions"}],"wp:featuredmedia":[{"embeddable":true,"href":"https:\/\/redsemlac.com\/semmexico\/wp-json\/wp\/v2\/media\/8967"}],"wp:attachment":[{"href":"https:\/\/redsemlac.com\/semmexico\/wp-json\/wp\/v2\/media?parent=51431"}],"wp:term":[{"taxonomy":"category","embeddable":true,"href":"https:\/\/redsemlac.com\/semmexico\/wp-json\/wp\/v2\/categories?post=51431"},{"taxonomy":"post_tag","embeddable":true,"href":"https:\/\/redsemlac.com\/semmexico\/wp-json\/wp\/v2\/tags?post=51431"}],"curies":[{"name":"wp","href":"https:\/\/api.w.org\/{rel}","templated":true}]}}