{"id":51426,"date":"2022-06-08T08:25:52","date_gmt":"2022-06-08T14:25:52","guid":{"rendered":"https:\/\/redsemlac.com\/semmexico\/?p=51426"},"modified":"2023-07-21T19:06:24","modified_gmt":"2023-07-22T00:06:24","slug":"opinion-el-poder-y-la-justicia","status":"publish","type":"post","link":"https:\/\/redsemlac.com\/semmexico\/opinion-el-poder-y-la-justicia\/","title":{"rendered":"Opini\u00f3n| El poder y la justicia"},"content":{"rendered":"\n<p class=\"wp-block-paragraph\"><strong>Florencio Salazar<\/strong><strong><\/strong><\/p>\n\n\n\n<p class=\"wp-block-paragraph\">SemM\u00e9xico\/El Sur de Acapulco. Guerrero. &nbsp;08 de junio de 2022.- Alejandro Magno, Julio C\u00e9sar y Napole\u00f3n son probablemente los personajes sobre los que m\u00e1s biograf\u00edas y novelas hist\u00f3ricas se han escrito, incluso llevado a la pantalla. Ellos se han alzado por encima del com\u00fan de las personas para convertirse en mitos. Sus frases se repiten una y otra vez. Podr\u00edamos decir que hay una cita para cada ocasi\u00f3n. La n\u00f3mina es m\u00e1s amplia: la emperatriz Victoria, Gandhi, Churchill, Mandela, pero aquellos sobresalen por mucho.<\/p>\n\n\n\n<p class=\"wp-block-paragraph\">Es notable que sean los militares y pol\u00edticos los que atraigan m\u00e1s la atenci\u00f3n de investigadores y narradores. Hay una larga lista de personajes en el \u00e1mbito de la ciencia, la filosof\u00eda y el arte, pero ninguno resulta atractivo para un p\u00fablico generalizado como los que tienen que ver con las guerras y el poder, con su imbricaci\u00f3n de intrigas, complots y asesinatos. Se advierte que las vidas de estos personajes tienen todos los elementos de un buen thriller, sin faltar las ambiciones por el dinero y el sexo.<\/p>\n\n\n\n<p class=\"wp-block-paragraph\">Roma soy yo de Santiago Posteguillo es la m\u00e1s reciente publicaci\u00f3n sobre Julio C\u00e9sar. El primero de cinco libros que relatar\u00e1n la vida de Julio C\u00e9sar. El autor ha anunciado que los siguientes cuatro se publicar\u00e1n en los pr\u00f3ximos 10 a\u00f1os. He le\u00eddo en tres o cuatro d\u00edas este primer volumen de 751 p\u00e1ginas. La narrativa del escritor espa\u00f1ol es \u00e1gil, atractiva y conduce la historia dosificando las consecuencias de los hechos que dan vida a la trama. Posteguillo es garant\u00eda de calidad por su buena prosa, la hondura de sus reflexiones y la certidumbre de los acontecimientos. Previamente, he le\u00eddo la saga de Africanus y el Circo M\u00e1ximo.<\/p>\n\n\n\n<p class=\"wp-block-paragraph\">Esta primera parte sobre Julio C\u00e9sar abarca el periodo que va desde su nacimiento hasta los 23 a\u00f1os. Aurelia, su madre, una y otra vez le repite que su familia desciende de Eneas, quien escapa de Troya y se refugia en la hoy Italia. Tiene un hijo \u2013Julo\u2013, que a la vez es padre de Rea Silvia de Alba Longa.<\/p>\n\n\n\n<p class=\"wp-block-paragraph\">Esta princesa ser\u00e1 pose\u00edda por el dios Marte \u201cy de esa uni\u00f3n nacieron R\u00f3mulo y Remo. R\u00f3mulo fund\u00f3 Roma\u201d. Es decir, Julio C\u00e9sar est\u00e1 tocado por la divinidad y es un predestinado a la gloria que, en su caso, es la historia y la mitolog\u00eda.<\/p>\n\n\n\n<p class=\"wp-block-paragraph\">Su madre lo educa en el esplendor de los dioses para que alcance su destino. Por su parte su t\u00edo Mario Cayo lo hace en el cruento aprendizaje de la realidad. Mario Cayo ser\u00e1 de una gran influencia: guerrero victorioso y el \u00fanico C\u00f3nsul designado siete veces consecutivas por el Senado. El sobrino recibe las experiencias del h\u00e9roe, desde su estrategia militar hasta sus convicciones pol\u00edticas, que lo oponen a la \u00e9lite romana que tiene el control del Senado, formado por los optimates \u2013los mejores\u2013, enriquecidos con las tierras y los tesoros de las conquistas romanas; los ciudadanos representados por los c\u00f3nsules de la plebe, los socii \u2013aliados en Italia; un cuarto grupo, los provinciales. En esencia, todos estaban en contra de los senadores, quienes frenaban todo intento de reforma \u2013como ocurri\u00f3 con los Graco\u2013 acudiendo al asesinato.<\/p>\n\n\n\n<p class=\"wp-block-paragraph\">Un dato desconocido de Julio C\u00e9sar es que fue un importante orador, solo por debajo de Marco Tulio Cicer\u00f3n. Su padre, del mismo nombre, ten\u00eda una importante biblioteca con rollos de las principales obras de los fil\u00f3sofos y dramaturgos de la \u00e9poca, que JC ley\u00f3 con inter\u00e9s. Como se\u00f1ala el autor, la vida del personaje es desconocida hasta que alcanza la juventud, casado entonces con Cornelia, hija de Cinna. Se le tiene cierto recelo por ser familiar cercano de Mario Cayo, enemigo de los plut\u00f3cratas romanos.<\/p>\n\n\n\n<p class=\"wp-block-paragraph\">Dalobela es un poderoso senador muy cercano al dictador Sila. Cuando fue gobernador de Macedonia comete una serie de abusos y atrocidades. El trigo lo retiene en bodegas y afirma que debe ser tra\u00eddo de Egipto, por lo que cobra un precio adicional; establece una cota por el arreglo de la V\u00eda Egnatia; la violaci\u00f3n de Myrtale, hija del patriarca mecodonio, en su propia residencia; y luego el saqueo del templo de Afrodita. Los macedonios deciden ir a Roma en busca de justicia. No sin dificultades, nombran como abogado defensor a Julio C\u00e9sar. Su familia se alarma. Saben que Dalobela ha asesinado a c\u00f3nsules de la plebe y que har\u00e1 lo mismo con el descendiente de Eneas.<\/p>\n\n\n\n<p class=\"wp-block-paragraph\">Los testigos son asesinados, mediante artima\u00f1as cortan el tiempo para el uso de la palabra de Julio C\u00e9sar, quien adem\u00e1s sufre la traici\u00f3n de su madre, Aurelia, que informa a los defensores de Dalobela de los argumentos del acusador. Aurelia cree que es una forma de congraciarse con Dalobela y evitar que su hijo sea asesinado. Error de c\u00e1lculo, porque Dalobela lo odia. Lo significativo del juicio, que pierde Julio C\u00e9sar, es el tema de la justicia. Para subordinar al Senado a su capricho el dictador Sina declara la abolici\u00f3n de los tribunales y establece que ser\u00e1n los senadores quienes se responsabilicen de la administraci\u00f3n de la justicia. Despu\u00e9s de los alegatos solo unos cuantos minutos han consumidos los senadores para declarar la inocencia del ex gobernador de Macedonia.<\/p>\n\n\n\n<p class=\"wp-block-paragraph\">Las palabras de Julio C\u00e9sar en el juicio mantienen su eco a trav\u00e9s de los siglos:<\/p>\n\n\n\n<p class=\"wp-block-paragraph\">\u201cFijos en nosotros, en lo que decimos y argumentamos, no solo est\u00e1n los ojos de los aqu\u00ed presentes, de los jueces del tribunal, del acusador, del acusado, de los abogados de la defensa, de m\u00ed mismo y del p\u00fablico. No, fijos en nosotros y en lo que decimos aqu\u00ed est\u00e1n los ojos no ya de todos los habitantes de la provincia de Macedonia, sino que me atrever\u00eda a aseverar que todas las provincias de cada una de las diferentes regiones del mundo gobernadas por Roma\u201d.<\/p>\n\n\n\n<p class=\"wp-block-paragraph\">\u201cDesean saber si somos s\u00f3lo conquistadores o si somos, adem\u00e1s, gobernantes y, de entre los muchos gobernantes posibles, desean saber si somos gobernantes justos o injustos, dignos de aceptar nuestras normas o, quiz\u00e1, indignos de recibir su vasallaje\u201d.<\/p>\n\n\n\n<p class=\"wp-block-paragraph\">\u201cEste juicio va mucho m\u00e1s all\u00e1 de los cr\u00edmenes perpetrados por Cneo Cornelio Dolabela. He anticipado que este proceso versa sobre nosotros mismos, sobre qu\u00e9 es Roma y que justcia estamos dispuestos a tener, para nosotros y para todos aquellos sobre los que gobernamos. Y esto es muy importante, porque podemos imponernos por la fuerza de nuestras armas en la conquista, pero solo podremos preservar en el tiempo lo conquistado si sabemos mantenerlo por la fuerza de nuestra justicia para con todos, no con una justicia que solo funcione para unos pocos\u201d.<\/p>\n\n\n\n<p class=\"wp-block-paragraph\">\u201cEn este juicio no se juzga solo a Dolabela y sus cr\u00edmenes, como he dicho. En este juicio se juzga mucho m\u00e1s. Y yo no soy s\u00f3lo el abogado de los macedonios. Soy el abogado de Roma (\u2026) En este juicio Roma no es Dolabela, no sois vosotros, jueces. Roma y el pueblo de Roma est\u00e1 representado por m\u00ed. Y es que hoy, aqu\u00ed y ahora, Roma soy yo\u201d.<\/p>\n\n\n\n<p class=\"wp-block-paragraph\">Hoy, aqu\u00ed y ahora, \u00bfqui\u00e9n representa a M\u00e9xico?<\/p>\n","protected":false},"excerpt":{"rendered":"<p>Hoy, aqu\u00ed y ahora, \u00bfqui\u00e9n representa a M\u00e9xico?<\/p>\n","protected":false},"author":3,"featured_media":51427,"comment_status":"open","ping_status":"open","sticky":false,"template":"","format":"standard","meta":{"_monsterinsights_skip_tracking":false,"footnotes":""},"categories":[693,199,35],"tags":[459],"class_list":["post-51426","post","type-post","status-publish","format-standard","has-post-thumbnail","category-693","category-florencio-salazar-adame","category-opinion","tag-opinion"],"_links":{"self":[{"href":"https:\/\/redsemlac.com\/semmexico\/wp-json\/wp\/v2\/posts\/51426","targetHints":{"allow":["GET"]}}],"collection":[{"href":"https:\/\/redsemlac.com\/semmexico\/wp-json\/wp\/v2\/posts"}],"about":[{"href":"https:\/\/redsemlac.com\/semmexico\/wp-json\/wp\/v2\/types\/post"}],"author":[{"embeddable":true,"href":"https:\/\/redsemlac.com\/semmexico\/wp-json\/wp\/v2\/users\/3"}],"replies":[{"embeddable":true,"href":"https:\/\/redsemlac.com\/semmexico\/wp-json\/wp\/v2\/comments?post=51426"}],"version-history":[{"count":0,"href":"https:\/\/redsemlac.com\/semmexico\/wp-json\/wp\/v2\/posts\/51426\/revisions"}],"wp:featuredmedia":[{"embeddable":true,"href":"https:\/\/redsemlac.com\/semmexico\/wp-json\/wp\/v2\/media\/51427"}],"wp:attachment":[{"href":"https:\/\/redsemlac.com\/semmexico\/wp-json\/wp\/v2\/media?parent=51426"}],"wp:term":[{"taxonomy":"category","embeddable":true,"href":"https:\/\/redsemlac.com\/semmexico\/wp-json\/wp\/v2\/categories?post=51426"},{"taxonomy":"post_tag","embeddable":true,"href":"https:\/\/redsemlac.com\/semmexico\/wp-json\/wp\/v2\/tags?post=51426"}],"curies":[{"name":"wp","href":"https:\/\/api.w.org\/{rel}","templated":true}]}}