{"id":51422,"date":"2022-06-08T08:21:20","date_gmt":"2022-06-08T14:21:20","guid":{"rendered":"https:\/\/redsemlac.com\/semmexico\/?p=51422"},"modified":"2023-07-21T19:06:24","modified_gmt":"2023-07-22T00:06:24","slug":"interpone-colectiva-feminista-50-mas-1-chiapas-queja-por-dichos-discriminatorios-de-javier-maza-cruz","status":"publish","type":"post","link":"https:\/\/redsemlac.com\/semmexico\/interpone-colectiva-feminista-50-mas-1-chiapas-queja-por-dichos-discriminatorios-de-javier-maza-cruz\/","title":{"rendered":"Interpone Colectiva Feminista 50 m\u00e1s 1 Chiapas queja por dichos discriminatorios de Javier Maza Cruz"},"content":{"rendered":"\n<p class=\"wp-block-paragraph\"><strong>Gabriela Couti\u00f1o&nbsp;<\/strong><\/p>\n\n\n\n<p class=\"wp-block-paragraph\">SemM\u00e9xico, Tuxtla Guti\u00e9rrez, Chis. 8 junio de 2022.- Activistas e&nbsp;integrantes de la&nbsp; Colectiva Feminista 50 m\u00e1s 1 Chiapas, interpusieron una queja ante la Comisi\u00f3n Estatal de los Derechos Humanos (CEDH) y el Consejo Nacional para Prevenir la Discriminaci\u00f3n (Conapred) por los dichos del alcalde del partido Morena de Ocozocoautla, Javier Alejandro Maza Cruz, que consider\u00f3 a las feministas y a los integrantes de la comunidad LGBTTTIQ+ como personas \u00abno normales\u00bb.<\/p>\n\n\n\n<p class=\"wp-block-paragraph\">Javier Alejandro Maza Cruz, cuestion\u00f3 a feministas,&nbsp;lesbianas,&nbsp;gay, trans, pan sexuales y otros, a quienes consider\u00f3 como&nbsp;personas \u00abno normales\u00bb, a quienes sugiri\u00f3&nbsp;que deber\u00edan&nbsp;leer y practicar actividades culturales \u201cpara llenar el esp\u00edritu&nbsp; y dejar de pensar en cosas banales\u201d.<\/p>\n\n\n\n<p class=\"wp-block-paragraph\">Al presentar la queja, las&nbsp;activistas pidieron que la CEDH asuma su compromiso de defensor\u00eda y realice \u00abun trabajo muy puntual \u00bb para que proceda la recomendaci\u00f3n. \u00abNosotros seremos vigilantes del cumplimiento\u00bb de esta, dijo Alma Rosa Cari\u00f1o, presidenta de la Colectiva 50 m\u00e1s 1.<\/p>\n\n\n\n<p class=\"wp-block-paragraph\">Teresa Campos, de la Red por la Inclusi\u00f3n de la Diversidad en Chiapas, manifest\u00f3: \u00abnos encontramos con esta vergonzosa actitud y palabras, degradantes de la boca de un personaje que no es cualquier&nbsp;ciudadano com\u00fan, es en la investidura del presidente municipal&nbsp;de Ocozocoautla de Espinosa\u00bb.<\/p>\n\n\n\n<figure class=\"wp-block-video\"><video height=\"368\" style=\"aspect-ratio: 640 \/ 368;\" width=\"640\" controls src=\"https:\/\/redsemlac.com\/semmexico\/wp-content\/uploads\/2022\/06\/trim_41B4A22D-9B8C-449C-B076-ACF58C63626F.mov\"><\/video><\/figure>\n\n\n\n<p class=\"wp-block-paragraph\">As\u00ed que, \u00abno podemos tolerar las personas que nos asumimos disidentes sexuales y feministas, que somos personas no deseadas, que no somos personas normales, y que los actos que cometemos son totalmente fuera de contexto\u00bb.<\/p>\n\n\n\n<p class=\"wp-block-paragraph\">Lo que importa en este momento, puntualiz\u00f3 Campos, es dejar muy claro a la CEDH y al Conapred, \u00abdonde ya se levant\u00f3 la queja\u00bb en contra de Maza Cruz, que esta sea atendida , que no sea \u00abuna llamarada de petate\u00bb.<\/p>\n\n\n\n<p class=\"wp-block-paragraph\">M\u00edriam N\u00e1jera Petriz,&nbsp;&nbsp;docente de la Facultad de Derecho de la Universidad Aut\u00f3noma de Chiapas&nbsp;&nbsp;lament\u00f3 que este incidente ocurra en el mes del orgullo LGBTQ. Apunt\u00f3 que el alcalde no comprende que precisamente la comunidad art\u00edstica y cultural es de lo m\u00e1s tolerante y receptiva hacia la diversidad.&nbsp;<\/p>\n\n\n\n<p class=\"wp-block-paragraph\">Dijo que la funci\u00f3n primaria de quien ocupa un puesto de elecci\u00f3n popular es garantizar la inclusi\u00f3n y diversidad porque no hay ciudadanos ni de primera ni de segunda. Los servidores p\u00fablicos son quienes deben de promover m\u00e1s la inclusi\u00f3n, la tolerancia y el respeto a la diversidad, declar\u00f3 la acad\u00e9mica.<\/p>\n\n\n\n<p class=\"wp-block-paragraph\">El alcalde de profesi\u00f3n m\u00e9dico endocrin\u00f3logo, anunci\u00f3 el lunes, el Festival emergente en Ocozocoautla de Espinosa, en la regi\u00f3n Valle-Zoque de Chiapas, con&nbsp; talleres creativos y presentaciones musicales.<\/p>\n\n\n\n<p class=\"wp-block-paragraph\">En la conferencia de prensa, el morenista se dijo preocupado por las actuales generaciones; tenemos una generaci\u00f3n \u00abpos pandemia\u00bb, porque los valores morales se est\u00e1n perdiendo, y los j\u00f3venes \u00abest\u00e1n pegados\u00bb a un aparato inteligente, y \u00abmuchas cosas que no deber\u00edan ser, est\u00e1n sucediendo\u201d.<\/p>\n\n\n\n<p class=\"wp-block-paragraph\">Maza Cruz cuestion\u00f3 la prevalencia de \u00abmuchas adicciones, mucha desinformaci\u00f3n; los medios realmente tienen ah\u00ed vertientes, donde los valores morales se est\u00e1n perdiendo\u00bb.<\/p>\n\n\n\n<p class=\"wp-block-paragraph\">\u201cPor ejemplo ahorita, todo el feminismo o el hecho de la parte de la sexualidad; somos lesbianas, gay trans, poli , multi, pan sexuales, todas esas cosas que&nbsp; hacen ver que pueden ser normales, pero no lo son\u201d, dijo.&nbsp;<\/p>\n\n\n\n<p class=\"wp-block-paragraph\">M\u00e1s a\u00fan, argument\u00f3: \u201ccuando platicas con muchos chicos ya traen eso en su cabeza, pero si vamos teniendo una parte en la que la gente se acostumbre a leer, a pintar, a crear con sus manos, va estar m\u00e1s metido en su actividad art\u00edstica que en estar pensando en cosas banales, cosas que no van hacer que llenen el esp\u00edritu\u00bb.<\/p>\n\n\n\n<p class=\"wp-block-paragraph\">A\u00f1adi\u00f3, \u00bb no hay mejor cosa que crear en la manera que puedas, \u00e9sa es la parte que nos est\u00e1 moviendo, porque realmente estamos muy preocupados por las nuevas generaciones; s\u00f3lo a trav\u00e9s de la cultura, las artes, deporte y educaci\u00f3n tendremos una mejor sociedad \u00ab.<\/p>\n\n\n\n<p class=\"wp-block-paragraph\">Las expresiones de Maza Cruz levantaron la indignaci\u00f3n y fueron recriminadas por organizaciones y colectivos feministas.<\/p>\n\n\n\n<p class=\"wp-block-paragraph\">La Colectiva Feminista 50 m\u00e1s 1 Chiapas, que aglutina a&nbsp;activistas, acad\u00e9micas, pol\u00edticas, abogadas, entre otras profesionistas repudi\u00f3&nbsp; las declaraciones del alcalde de Ocozocoautla de Espinosa.<\/p>\n\n\n\n<p class=\"wp-block-paragraph\">Destac\u00f3&nbsp;que el principio de igualdad&nbsp; y&nbsp; cl\u00e1usula de no discriminaci\u00f3n permean el corpus iuris internacional de los derechos humanos, \u201ctoda vez que se relacionan con todos los dem\u00e1s derechos y libertades\u201d.<\/p>\n","protected":false},"excerpt":{"rendered":"<p> Activistas e\u00a0integrantes de la\u00a0 Colectiva Feminista 50 m\u00e1s 1 Chiapas, interpusieron una queja ante la Comisi\u00f3n Estatal de los Derechos Humanos (CEDH)<\/p>\n","protected":false},"author":3,"featured_media":51423,"comment_status":"open","ping_status":"open","sticky":false,"template":"","format":"standard","meta":{"_monsterinsights_skip_tracking":false,"footnotes":""},"categories":[693,54],"tags":[],"class_list":["post-51422","post","type-post","status-publish","format-standard","has-post-thumbnail","category-693","category-mujeres"],"_links":{"self":[{"href":"https:\/\/redsemlac.com\/semmexico\/wp-json\/wp\/v2\/posts\/51422","targetHints":{"allow":["GET"]}}],"collection":[{"href":"https:\/\/redsemlac.com\/semmexico\/wp-json\/wp\/v2\/posts"}],"about":[{"href":"https:\/\/redsemlac.com\/semmexico\/wp-json\/wp\/v2\/types\/post"}],"author":[{"embeddable":true,"href":"https:\/\/redsemlac.com\/semmexico\/wp-json\/wp\/v2\/users\/3"}],"replies":[{"embeddable":true,"href":"https:\/\/redsemlac.com\/semmexico\/wp-json\/wp\/v2\/comments?post=51422"}],"version-history":[{"count":0,"href":"https:\/\/redsemlac.com\/semmexico\/wp-json\/wp\/v2\/posts\/51422\/revisions"}],"wp:featuredmedia":[{"embeddable":true,"href":"https:\/\/redsemlac.com\/semmexico\/wp-json\/wp\/v2\/media\/51423"}],"wp:attachment":[{"href":"https:\/\/redsemlac.com\/semmexico\/wp-json\/wp\/v2\/media?parent=51422"}],"wp:term":[{"taxonomy":"category","embeddable":true,"href":"https:\/\/redsemlac.com\/semmexico\/wp-json\/wp\/v2\/categories?post=51422"},{"taxonomy":"post_tag","embeddable":true,"href":"https:\/\/redsemlac.com\/semmexico\/wp-json\/wp\/v2\/tags?post=51422"}],"curies":[{"name":"wp","href":"https:\/\/api.w.org\/{rel}","templated":true}]}}