{"id":51416,"date":"2022-06-08T08:06:46","date_gmt":"2022-06-08T14:06:46","guid":{"rendered":"https:\/\/redsemlac.com\/semmexico\/?p=51416"},"modified":"2023-07-21T19:06:24","modified_gmt":"2023-07-22T00:06:24","slug":"autoridades-deben-crear-ambiente-propicio-para-que-las-y-los-periodistas-ejerzan-profesion-sin-temor","status":"publish","type":"post","link":"https:\/\/redsemlac.com\/semmexico\/autoridades-deben-crear-ambiente-propicio-para-que-las-y-los-periodistas-ejerzan-profesion-sin-temor\/","title":{"rendered":"Autoridades deben crear ambiente propicio para que las y los periodistas ejerzan profesi\u00f3n sin temor"},"content":{"rendered":"\n<p class=\"wp-block-paragraph\"><strong>Josefina Aguilar Pastor&nbsp;<\/strong><\/p>\n\n\n\n<p class=\"wp-block-paragraph\">SemM\u00e9xico, Chilpancingo, Gro., 08 de junio de 2022.\u2013\u00a0 En el marco del D\u00eda de Libertad de Expresi\u00f3n, la diputada Flor A\u00f1orve Ocampo, urgi\u00f3 a las autoridades correspondientes a generar un ambiente propicio para que las y los periodistas puedan ejercer su profesi\u00f3n sin temor a ser coartados por quienes no est\u00e9n de acuerdo con lo que publican en sus medios de comunicaci\u00f3n.\u00a0<\/p>\n\n\n\n<p class=\"wp-block-paragraph\">Aunque reconoci\u00f3 que la libertad de expresi\u00f3n es un derecho que ejercen todas y todos los mexicanos para manifestar sus ideas, dijo que son las y los periodistas quienes hacen un uso mayor a trav\u00e9s de los medios de comunicaci\u00f3n.&nbsp;<\/p>\n\n\n\n<p class=\"wp-block-paragraph\">Durante la sesi\u00f3n, la legisladora local priista, se\u00f1al\u00f3 que M\u00e9xico se ha caracterizado por ser uno de los pa\u00edses m\u00e1s peligrosos para ejercer el periodismo y que prueba de ello, es la lista de comunicadores que han sido asesinados en distintas circunstancias.&nbsp;<\/p>\n\n\n\n<p class=\"wp-block-paragraph\">Indic\u00f3 que, por esa raz\u00f3n, es de suma importancia que los tres niveles de gobierno generen verdaderas estrategias de seguridad que garantice a las y los periodistas que ejercer su profesi\u00f3n diaria, no los pone en peligro.&nbsp;<\/p>\n\n\n\n<p class=\"wp-block-paragraph\">Record\u00f3 que hasta la fecha las estrategias planteadas por las autoridades correspondientes no han sido suficientes, ya que se sigue reportando agresiones y desapariciones de comunicadores en el pa\u00eds.&nbsp;<\/p>\n\n\n\n<p class=\"wp-block-paragraph\">\u201cEs por ello, que aprovechando que se conmemora el d\u00eda de la libertad de expresi\u00f3n, solicitamos a las autoridades que garanticen el ejercicio diario de los periodistas, para que puedan salir a realizar su trabajo sin temor a que sean coartados en su libre expresi\u00f3n\u201d, puntualiz\u00f3 la presidenta de la mesa directiva.&nbsp;&nbsp;<\/p>\n","protected":false},"excerpt":{"rendered":"<p>Josefina Aguilar Pastor&nbsp; SemM\u00e9xico, Chilpancingo, Gro., 08 de junio de 2022.\u2013\u00a0 En el marco del D\u00eda de Libertad de Expresi\u00f3n, la diputada Flor A\u00f1orve Ocampo, urgi\u00f3 a las autoridades correspondientes a generar un ambiente propicio para que las y los periodistas puedan ejercer su profesi\u00f3n sin temor a ser coartados por quienes no est\u00e9n de [&hellip;]<\/p>\n","protected":false},"author":3,"featured_media":51417,"comment_status":"open","ping_status":"open","sticky":false,"template":"","format":"standard","meta":{"_monsterinsights_skip_tracking":false,"footnotes":""},"categories":[693,50],"tags":[],"class_list":["post-51416","post","type-post","status-publish","format-standard","has-post-thumbnail","category-693","category-congreso"],"_links":{"self":[{"href":"https:\/\/redsemlac.com\/semmexico\/wp-json\/wp\/v2\/posts\/51416","targetHints":{"allow":["GET"]}}],"collection":[{"href":"https:\/\/redsemlac.com\/semmexico\/wp-json\/wp\/v2\/posts"}],"about":[{"href":"https:\/\/redsemlac.com\/semmexico\/wp-json\/wp\/v2\/types\/post"}],"author":[{"embeddable":true,"href":"https:\/\/redsemlac.com\/semmexico\/wp-json\/wp\/v2\/users\/3"}],"replies":[{"embeddable":true,"href":"https:\/\/redsemlac.com\/semmexico\/wp-json\/wp\/v2\/comments?post=51416"}],"version-history":[{"count":0,"href":"https:\/\/redsemlac.com\/semmexico\/wp-json\/wp\/v2\/posts\/51416\/revisions"}],"wp:featuredmedia":[{"embeddable":true,"href":"https:\/\/redsemlac.com\/semmexico\/wp-json\/wp\/v2\/media\/51417"}],"wp:attachment":[{"href":"https:\/\/redsemlac.com\/semmexico\/wp-json\/wp\/v2\/media?parent=51416"}],"wp:term":[{"taxonomy":"category","embeddable":true,"href":"https:\/\/redsemlac.com\/semmexico\/wp-json\/wp\/v2\/categories?post=51416"},{"taxonomy":"post_tag","embeddable":true,"href":"https:\/\/redsemlac.com\/semmexico\/wp-json\/wp\/v2\/tags?post=51416"}],"curies":[{"name":"wp","href":"https:\/\/api.w.org\/{rel}","templated":true}]}}