{"id":5141,"date":"2018-09-05T15:54:41","date_gmt":"2018-09-05T15:54:41","guid":{"rendered":"https:\/\/redsemlac.com\/semmexico\/?p=5141"},"modified":"2023-07-21T14:33:17","modified_gmt":"2023-07-21T19:33:17","slug":"con-82-votos-a-favor-31-en-contra-y-4-abstenciones-se-concedio-licencia-al-senador-velasco-coello-para-separarse-de-sus-funciones-legislativas-y-regresar-como-gobernador-al-estado-de-chiapas","status":"publish","type":"post","link":"https:\/\/redsemlac.com\/semmexico\/con-82-votos-a-favor-31-en-contra-y-4-abstenciones-se-concedio-licencia-al-senador-velasco-coello-para-separarse-de-sus-funciones-legislativas-y-regresar-como-gobernador-al-estado-de-chiapas\/","title":{"rendered":"Con 82 votos a favor, 31 en contra y 4 abstenciones se concedi\u00f3 licencia al senador Velasco Coello para separarse de sus funciones legislativas y regresar como gobernador al Estado de Chiapas."},"content":{"rendered":"\n<p class=\"wp-block-paragraph\"><a href=\"https:\/\/www.semmexico.com\/gallery-post.php?id=5761#\">Redacci\u00f3n<\/a><\/p>\n\n\n\n<p class=\"wp-block-paragraph\">SemM\u00e9xico\/Voces Feministas. Tuxtla Guti\u00e9rrez, Chiapas. 5 de septiembre de 2018.- En la primera sesi\u00f3n del pleno de la LXIV Legislatura del Senado de la Rep\u00fablica, rechaz\u00f3 la solicitud del gobernador, Manuel Velasco Coello, con licencia para dejar el cargo en la c\u00e1mara por tiempo indefinido.<\/p>\n\n\n\n<p class=\"wp-block-paragraph\">Tras reponer el procedimiento y con 82 votos a favor, 31 en contra y cuatro abstenciones, el Senado de la Rep\u00fablica otorg\u00f3 licencia al senador Manuel Velasco Coello para separarse del cargo, luego de que en una primera votaci\u00f3n le fue negada por mayor\u00eda.<\/p>\n\n\n\n<p class=\"wp-block-paragraph\">Fueron dieciocho senadoras quienes votaron en contra y 13 senadores: Gina Andrea Blackledge Cruz (PAN), M\u00f3nica Balboa Fern\u00e1ndez (Morena), Xochitl Bertha G\u00e1lvez Ruiz (PAN), Minerva Hern\u00e1ndez Ramos (PAN), Indira Kempis Mart\u00ednez (Movimiento Ciudadano), Kenia L\u00f3pez Rabad\u00e1n (PAN), Martha Cecilia M\u00e1rquez Alvarado (PAN), Mayuli Latifa Mart\u00ednez Sim\u00f3n (PAN), Patricia Mercado (Movimiento Ciudadano), Nadia Navarro Acevedo (PAN), Gloria Elizabeth N\u00fa\u00f1ez S\u00e1nchez (PAN), Blanca Estela Pi\u00f1a Gudi\u00f1o, (Morena), Alejandra Noem\u00ed Reynoso S\u00e1nchez, (PAN), Indira de Jes\u00fas Rosales San Rom\u00e1n (PAN), Mar\u00eda Guadalupe Salda\u00f1a Cisneros (PAN), Nestora Salgado Garc\u00eda (Morena), Antares Guadalupe V\u00e1zquez Latorre (Morena) y Josefina V\u00e1zquez Mota (PAN).<\/p>\n\n\n\n<p class=\"wp-block-paragraph\">Las cuatro abstenciones tambi\u00e9n fueron de mujeres: Susana Harp (Morena), Minerva Citlali Hern\u00e1ndez Mora (Morena), Alejandra del Carmen Le\u00f3n Gastel\u00fam (Morena) y Gricelda Valencia de la Mora (Morena)<\/p>\n\n\n\n<p class=\"wp-block-paragraph\">Hace tan s\u00f3lo unos d\u00edas los partidos estar\u00edan relegando a las mujeres: en el caso de la selecci\u00f3n de coordinadores de bancada, el tema de la equidad no se vio reflejado. Solo una bancada tendr\u00eda a una mujer como su coordinadora.<\/p>\n\n\n\n<p class=\"wp-block-paragraph\">Durante la sesi\u00f3n se vio a Manuel Velasco dialogar con los coordinadores de varias bancadas, entre ellos del PRI, Miguel \u00c1ngel Osorio Chong; del Movimiento Ciudadano, Dante Delgado; y con el presidente de la Mesa Directiva, el morenista Mart\u00ed Batres.<\/p>\n\n\n\n<p class=\"wp-block-paragraph\">En el Senado, Morena, PT y Encuentro Social tendr\u00e1n 69 de los 128 esca\u00f1os. Los 8 senadores del PES tendr\u00e1n como l\u00edder a Sasil de Le\u00f3n Villard.<\/p>\n\n\n\n<p class=\"wp-block-paragraph\">Con 23 esca\u00f1os, el coordinador panista ser\u00e1 quien ahora es dirigente nacional del partido, Dami\u00e1n Zepeda Vidales.<\/p>\n\n\n\n<p class=\"wp-block-paragraph\">De los 14 senadores priistas, el coordinador ser\u00e1 el exsecretario de Gobernaci\u00f3n en el gobierno de Enrique Pe\u00f1a Nieto, Miguel \u00c1ngel Osorio Chong.<\/p>\n\n\n\n<p class=\"wp-block-paragraph\">El PRD tendr\u00e1 8 esca\u00f1os, su coordinador ser\u00e1 el exjefe de Gobierno de la Ciudad de M\u00e9xico, Miguel \u00c1ngel Mancera.<\/p>\n\n\n\n<p class=\"wp-block-paragraph\">El Partido Movimiento Ciudadano (MC) tendr\u00e1 27 diputados. En esta c\u00e1mara su coordinador ser\u00e1 Dante Delgado, actual dirigente nacional de MC.<\/p>\n\n\n\n<p class=\"wp-block-paragraph\">Por \u00faltimo, el Partido Verde Ecologista de M\u00e9xico su coordinador ser\u00e1 Manuel Velasco, actual gobernador de Chiapas.<\/p>\n\n\n\n<p class=\"wp-block-paragraph\">Velasco Coello regresar\u00e1 a retomar la gubernatura de Chiapas, para cumplir el periodo hasta el 7 de diciembre para el cual fue electo.<\/p>\n","protected":false},"excerpt":{"rendered":"<p>Redacci\u00f3n SemM\u00e9xico\/Voces Feministas. Tuxtla Guti\u00e9rrez, Chiapas. 5 de septiembre de 2018.- En la primera sesi\u00f3n del pleno de la LXIV Legislatura del Senado de la Rep\u00fablica, rechaz\u00f3 la solicitud del gobernador, Manuel Velasco Coello, con licencia para dejar el cargo en la c\u00e1mara por tiempo indefinido. Tras reponer el procedimiento y con 82 votos a [&hellip;]<\/p>\n","protected":false},"author":3,"featured_media":5142,"comment_status":"open","ping_status":"open","sticky":false,"template":"","format":"standard","meta":{"_monsterinsights_skip_tracking":false,"footnotes":""},"categories":[689,50],"tags":[],"class_list":["post-5141","post","type-post","status-publish","format-standard","has-post-thumbnail","category-689","category-congreso"],"_links":{"self":[{"href":"https:\/\/redsemlac.com\/semmexico\/wp-json\/wp\/v2\/posts\/5141","targetHints":{"allow":["GET"]}}],"collection":[{"href":"https:\/\/redsemlac.com\/semmexico\/wp-json\/wp\/v2\/posts"}],"about":[{"href":"https:\/\/redsemlac.com\/semmexico\/wp-json\/wp\/v2\/types\/post"}],"author":[{"embeddable":true,"href":"https:\/\/redsemlac.com\/semmexico\/wp-json\/wp\/v2\/users\/3"}],"replies":[{"embeddable":true,"href":"https:\/\/redsemlac.com\/semmexico\/wp-json\/wp\/v2\/comments?post=5141"}],"version-history":[{"count":0,"href":"https:\/\/redsemlac.com\/semmexico\/wp-json\/wp\/v2\/posts\/5141\/revisions"}],"wp:featuredmedia":[{"embeddable":true,"href":"https:\/\/redsemlac.com\/semmexico\/wp-json\/wp\/v2\/media\/5142"}],"wp:attachment":[{"href":"https:\/\/redsemlac.com\/semmexico\/wp-json\/wp\/v2\/media?parent=5141"}],"wp:term":[{"taxonomy":"category","embeddable":true,"href":"https:\/\/redsemlac.com\/semmexico\/wp-json\/wp\/v2\/categories?post=5141"},{"taxonomy":"post_tag","embeddable":true,"href":"https:\/\/redsemlac.com\/semmexico\/wp-json\/wp\/v2\/tags?post=5141"}],"curies":[{"name":"wp","href":"https:\/\/api.w.org\/{rel}","templated":true}]}}