{"id":51386,"date":"2022-06-07T10:49:17","date_gmt":"2022-06-07T16:49:17","guid":{"rendered":"https:\/\/redsemlac.com\/semmexico\/?p=51386"},"modified":"2023-07-21T19:06:25","modified_gmt":"2023-07-22T00:06:25","slug":"ganando-espacios-el-odio-crece-en-la-mente","status":"publish","type":"post","link":"https:\/\/redsemlac.com\/semmexico\/ganando-espacios-el-odio-crece-en-la-mente\/","title":{"rendered":"Ganando Espacios| El odio crece en la mente"},"content":{"rendered":"\n<p class=\"wp-block-paragraph\"><strong>Noem\u00ed Mu\u00f1oz<\/strong><\/p>\n\n\n\n<p class=\"wp-block-paragraph\">SemM\u00e9xico, Toluca, Edomex, 7 de junio de 2022.- La discriminaci\u00f3n racial no termina. En Estados Unidos se nota m\u00e1s porque est\u00e1 en el foco de toda la gente. Este neoracismo viene con m\u00e1s fuerza, la pandemia agudiz\u00f3 los problemas mentales y sociales.<\/p>\n\n\n\n<p class=\"wp-block-paragraph\">El primer tiroteo en Buffalo lo realiz\u00f3 un joven blanco que considera que los Estados Unidos est\u00e1 siendo invadido por los negros, as\u00ed que eligi\u00f3 un d\u00eda lleno de gente, sobre todo de familias que estaban disfrutando de un d\u00eda soleado.<\/p>\n\n\n\n<p class=\"wp-block-paragraph\">El asesino, apegado a la teor\u00eda del reemplazo, escribi\u00f3 un documento donde se describ\u00eda como supremacista y fascista blanco, donde no s\u00f3lo vierte todo su odio contra los negros, sino tambi\u00e9n contra los jud\u00edos. En dicho manifiesto ped\u00eda todos a levantarse en contra de todos los que quieran reemplazar a los blancos.<\/p>\n\n\n\n<p class=\"wp-block-paragraph\">Con ello en la mente, viaj\u00f3 muchas horas hasta perpetrar el asesinato de once personas. Hasta ah\u00ed todo fue horror, pero todav\u00eda faltaba.<\/p>\n\n\n\n<p class=\"wp-block-paragraph\">El \u00abGran Reemplazo\u00bb es la denominaci\u00f3n de un movimiento global que ha estado creciendo r\u00e1pidamente en internet y que cree firmemente que los blancos est\u00e1n sufriendo un \u00abgenocidio blanco\u00bb.<\/p>\n\n\n\n<p class=\"wp-block-paragraph\">Es decir, mientras el mundo va girando, ellos consideran que est\u00e1n perdiendo estatus y que hay muchas personas por encima de ellos, cuando seg\u00fan su jerarqu\u00eda racial, los blancos deber\u00edan encabezar la lista m\u00e1s larga.<\/p>\n\n\n\n<p class=\"wp-block-paragraph\">Luego vino Uvalde, una ciudad en la que tres cuartas partes de la poblaci\u00f3n son migrantes hispanos en un pa\u00eds que colgaba letreros en los cincuenta con la leyenda \u201cse proh\u00edbe la entrada a negros, latinos y perros\u201d. Sin embargo, el atacante fue latino, Salvador Rolando Ramos, y a\u00fan quedan en el aire las razones por las que atac\u00f3 a unos peque\u00f1itos inocentes.<\/p>\n\n\n\n<p class=\"wp-block-paragraph\">No obstante, hay un camino que siempre debe revisarse, la salud mental, las agresiones contra los m\u00e1s vulnerables ya sea por su condici\u00f3n f\u00edsica, vestimenta, color, condici\u00f3n econ\u00f3mica e identidad sexual.<\/p>\n\n\n\n<p class=\"wp-block-paragraph\">El temor a lo diferente nos tiene en este dilema. El ser humano ha demostrado que siempre nos movemos entre relaciones entre grupos culturales diferentes, entre el racismo y el temor al racismo. El miedo es el denominador com\u00fan de los habitantes locales como de los inmigrantes.<\/p>\n\n\n\n<p class=\"wp-block-paragraph\">El racismo no es otra cosa que un clasismo exacerbado que es alentado por el poder gubernamental y por grupos xen\u00f3fobos.<\/p>\n\n\n\n<p class=\"wp-block-paragraph\">A veces solo basta un poco de odio, un abuso, una necesidad, una carencia para prender la mecha. La pandemia es un fuego invisible que va prendiendo esos infiernos personales que pueden impactar contra un grupo, contra los representantes de una instituci\u00f3n, una religi\u00f3n o una econom\u00eda.<\/p>\n\n\n\n<p class=\"wp-block-paragraph\">Si creemos que con la prohibici\u00f3n de la venta de armas esto va a terminar, estamos equivocados. Si el odio y la oportunidad est\u00e1 ah\u00ed, no importa el instrumento, solo va a suceder.<\/p>\n","protected":false},"excerpt":{"rendered":"<p>La discriminaci\u00f3n racial no termina. En Estados Unidos se nota m\u00e1s porque est\u00e1 en el foco de toda la gente. Este neoracismo viene con m\u00e1s fuerza, la pandemia agudiz\u00f3 los problemas mentales y sociales.<\/p>\n","protected":false},"author":3,"featured_media":45255,"comment_status":"open","ping_status":"open","sticky":false,"template":"","format":"standard","meta":{"_monsterinsights_skip_tracking":false,"footnotes":""},"categories":[693,36,639,640],"tags":[459],"class_list":["post-51386","post","type-post","status-publish","format-standard","has-post-thumbnail","category-693","category-columnistas","category-ganando-espacios","category-noemi-munoz-cantu","tag-opinion"],"_links":{"self":[{"href":"https:\/\/redsemlac.com\/semmexico\/wp-json\/wp\/v2\/posts\/51386","targetHints":{"allow":["GET"]}}],"collection":[{"href":"https:\/\/redsemlac.com\/semmexico\/wp-json\/wp\/v2\/posts"}],"about":[{"href":"https:\/\/redsemlac.com\/semmexico\/wp-json\/wp\/v2\/types\/post"}],"author":[{"embeddable":true,"href":"https:\/\/redsemlac.com\/semmexico\/wp-json\/wp\/v2\/users\/3"}],"replies":[{"embeddable":true,"href":"https:\/\/redsemlac.com\/semmexico\/wp-json\/wp\/v2\/comments?post=51386"}],"version-history":[{"count":0,"href":"https:\/\/redsemlac.com\/semmexico\/wp-json\/wp\/v2\/posts\/51386\/revisions"}],"wp:featuredmedia":[{"embeddable":true,"href":"https:\/\/redsemlac.com\/semmexico\/wp-json\/wp\/v2\/media\/45255"}],"wp:attachment":[{"href":"https:\/\/redsemlac.com\/semmexico\/wp-json\/wp\/v2\/media?parent=51386"}],"wp:term":[{"taxonomy":"category","embeddable":true,"href":"https:\/\/redsemlac.com\/semmexico\/wp-json\/wp\/v2\/categories?post=51386"},{"taxonomy":"post_tag","embeddable":true,"href":"https:\/\/redsemlac.com\/semmexico\/wp-json\/wp\/v2\/tags?post=51386"}],"curies":[{"name":"wp","href":"https:\/\/api.w.org\/{rel}","templated":true}]}}