{"id":51306,"date":"2022-06-06T08:53:00","date_gmt":"2022-06-06T14:53:00","guid":{"rendered":"https:\/\/redsemlac.com\/semmexico\/?p=51306"},"modified":"2023-07-21T19:06:28","modified_gmt":"2023-07-22T00:06:28","slug":"opinion-el-sello-del-silencio","status":"publish","type":"post","link":"https:\/\/redsemlac.com\/semmexico\/opinion-el-sello-del-silencio\/","title":{"rendered":"Opini\u00f3n| El sello del silencio"},"content":{"rendered":"\n<p class=\"has-text-align-center has-medium-font-size wp-block-paragraph\"><strong><em>Se estima que el exceso de ruido ha producido 12. mil muertes prematuras y 48.000 casos de cardiopat\u00eda isqu\u00e9mica.<\/em><\/strong><\/p>\n\n\n\n<p class=\"wp-block-paragraph\"> <\/p>\n\n\n\n<p class=\"wp-block-paragraph\"><strong>Mar\u00eda Angels Viladot.<\/strong><\/p>\n\n\n\n<p class=\"wp-block-paragraph\">SemM\u00e9xico\/ La Independent, Barcelona, Catalu\u00f1a, 6 de junio, 2022.- Me viene a la memoria una an\u00e9cdota sobre mi hijo. Dorm\u00eda con tapones en los o\u00eddos. Y no porque el piso fuera ruidoso. Era silencioso y soleado. Y eso que estaba en el centro de la ciudad de Barcelona, donde el rumor del ruido nos ataca con unos 70 decibelios constantes. Me imagino que, de este modo, taponando sus orificios auditivos, se empapaba del p\u00e1lpito del silencio. De hecho, me parece que todav\u00eda los usa. En el campo dejaba de pon\u00e9rselos&nbsp;porque, ah\u00ed, no los necesitaba.<\/p>\n\n\n\n<p class=\"wp-block-paragraph\">A pesar del gozo y plenitud que el silencio nos regala, a m\u00ed me parece que, en general, se le teme; el silencio es uno de los grandes desconocidos de la&nbsp;humanidad occidental y occidentalizada y, por ello, inspira p\u00e1nico. No hemos&nbsp;aprendido a sentirlo; no sabemos aprehenderlo, escucharlo. Nos remite a la oscuridad, a la experiencia de la soledad; quiero decir, al hecho de sentirnos&nbsp;solos y abandonados. Nos hemos habituado a vivir entre el fragor del tr\u00e1fico, el aullido de las alarmas y las sirenas de los bomberos y la polic\u00eda; entre el martilleo&nbsp;de las obras y el zumbido del aire acondicionado&#8230;con el espantoso ruido de los aviones del aeropuerto de Barcelona, por poner un ejemplo, profanando las&nbsp;playas de Castelldefels, colindantes a la ciudad. El ruido persistente ensucia a las ciudades, las da\u00f1a con una epidemia de estr\u00e9s, de insomnio, de ansiedad y&nbsp;enfermedad.<\/p>\n\n\n\n<p class=\"wp-block-paragraph\"><strong><em>La civilizaci\u00f3n malentendida, lucrativa a mansalva para algunos y destructiva para toda la humanidad, es una de las grandes paradojas.<\/em><\/strong><\/p>\n\n\n\n<p class=\"wp-block-paragraph\">La civilizaci\u00f3n malentendida, lucrativa a mansalva para algunos y destructiva para toda la humanidad, es una de las grandes paradojas.<br>En plena pandemia del Covid-19, la Agencia Europea de Medio Ambiente (AEMA) public\u00f3 un informe demoledor, el medio ambiente en Europa: Estado y&nbsp;perspectivas 2020: 113 millones de personas sufren en nuestro continente los efectos de la contaminaci\u00f3n ac\u00fastica. Espa\u00f1a es uno de los pa\u00edses m\u00e1s ruidosos<br>y supera la media europea con 24.8 por ciento de la poblaci\u00f3n expuesta al sonido del tr\u00e1fico rodado. Se estima que el exceso de ruido ha producido 12 mil 000 muertes&nbsp;prematuras y 48 mil casos de cardiopat\u00eda isqu\u00e9mica (estrechamiento de las arterias de coraz\u00f3n), adem\u00e1s de alteraciones en los sistemas cardiovascular y<br>metab\u00f3lico, trastornos graves del sue\u00f1o, episodios de ansiedad y estr\u00e9s, y deficiencias cognitivas en los ni\u00f1os.<\/p>\n\n\n\n<p class=\"wp-block-paragraph\">\u00abEs posible crear espacios donde los sonidos naturales sean nuestros invitados de honor.\u00bb<\/p>\n\n\n\n<p class=\"wp-block-paragraph\">Confinados nuestros cuerpos en casa debido a la pandemia por la Covid-19, el ruido no alcanzaba, en la mayor\u00eda de las ciudades, los 55 decibelios. Se atenu\u00f3&nbsp;de golpe.<\/p>\n\n\n\n<p class=\"wp-block-paragraph\">El bramido del monstruo urbano dej\u00f3 paso a una repentina quietud y el aire qued\u00f3 impoluto de contaminaci\u00f3n. Los beneficios para la vida diaria<br>fueron indiscutibles.<\/p>\n\n\n\n<p class=\"wp-block-paragraph\">En Barcelona, sin ir m\u00e1s lejos, los niveles sonoros bajaron m\u00e1s de 9 decibelios. En Lleida, la presi\u00f3n ac\u00fastica disminuy\u00f3 hasta ocho veces y&nbsp;la percepci\u00f3n sonora aument\u00f3 14 por ciento. No creo que nadie pueda olvidar las im\u00e1genes publicadas de ejemplares de los m\u00e1s variopintos animales paseando a&nbsp;sus anchas por las calles de ciudades y pueblos. El silencio se adue\u00f1\u00f3 de todos los espacios abiertos; usurp\u00f3 las calles y el alma aturdida de la gente. No es este&nbsp;el silencio que queremos.<\/p>\n\n\n\n<p class=\"wp-block-paragraph\">No deseamos el silencio del miedo; de la muerte que nos acosaba. Sin embargo, la sensaci\u00f3n de o\u00edr los propios pasos al caminar, la&nbsp;sensaci\u00f3n tan profunda de silencio, sus virtudes ps\u00edquicas y f\u00edsicas, ha sido tan impresionante que deber\u00eda llevarnos a reflexionar sobre su necesidad. Una&nbsp;necesidad que ya forma parte del gran cambio que se est\u00e1 generando a escala global con el objetivo de crear e impulsar ciudades m\u00e1s verdes, donde las&nbsp;piernas, la bicicleta y transporte p\u00fablico el\u00e9ctrico sean los veh\u00edculos prioritarios. Y, en \u00faltimo t\u00e9rmino, el coche el\u00e9ctrico.<\/p>\n\n\n\n<p class=\"wp-block-paragraph\">No hace mucho he le\u00eddo el libro One square inch of silence de&nbsp;<strong>Gordon Hempton<\/strong>, el ecologista ac\u00fastico y grabador de sonido galardonado con un&nbsp;Emmy, tambi\u00e9n conocido como el mejor \u201crastreador de sonido\u201d del mundo. Me lo he le\u00eddo de un tir\u00f3n. Durante los \u00faltimos 30 a\u00f1os, este personaje, \u00fanico y<br>carism\u00e1tico, ha dado tres veces la vuelta al mundo armado con un micr\u00f3fono en busca de sonidos puros de la naturaleza. En las Olympic Mountains, a un paso&nbsp;de Seattle, cre\u00f3 hace unos a\u00f1os la simb\u00f3lica One Square Inch of Silence, una especie de oasis de tan solo 30 decibelios; un par\u00e9ntesis en el mundo<br>estrepitoso de hoy.<\/p>\n\n\n\n<p class=\"wp-block-paragraph\">Hace pocos a\u00f1os, Hempton cruz\u00f3 Estados Unidos de costa a costa en un inaudito cross country, captando todos los sonidos aut\u00f3ctonos&nbsp;durante el viaje y escribiendo sobre la marcha un apasionante tratado de geograf\u00eda ac\u00fastica. Su archivo sonoro incluye algunos de los sonidos m\u00e1s ricos y<br>complejos del planeta: una colecci\u00f3n de \u201cretratos sonoros\u201d, como \u00e9l los llama, incomparable.<\/p>\n\n\n\n<p class=\"wp-block-paragraph\">Probablemente hayan escuchado algunos de estos sonidos en series de televisi\u00f3n, pel\u00edculas, museos. Gordon Hempton ambiciona detener el avance del sonido humano que da\u00f1a el paso de nuestra vida por el planeta. Lo&nbsp;que ahora m\u00e1s me interesa resaltar es el proyecto que apadrina sobre una red mundial de parques de silencio urbanos.<\/p>\n\n\n\n<p class=\"wp-block-paragraph\">El movimiento Quit se suma al movimiento Slow iniciado en los a\u00f1os ochenta del siglo pasado. El movimiento Quit tom\u00f3 impulso el D\u00eda de la Tierra del a\u00f1o 2018&nbsp;con la inauguraci\u00f3n del primer parque de silencio en una zona natural, en el r\u00edo Zabalo, en Ecuador, en plena Amazonia, con la congratulaci\u00f3n de la comunidad<br>ind\u00edgena del lugar. El D\u00eda de la Tierra del 2020 (en Catalu\u00f1a se celebra el d\u00eda 18 de abril) el proyecto dio un salto cualitativo importante con el reconocimiento del&nbsp;primer parque de silencio urbano en Yangmingshan, en las afueras de Taipei y con el apoyo del Gobierno de Taiw\u00e1n. En Europa, Suecia lleva la delantera con&nbsp;cinco parques de silencio proyectados en Estocolmo.<\/p>\n\n\n\n<div class=\"wp-block-image\"><figure class=\"alignleft size-full is-resized\"><a href=\"https:\/\/redsemlac.com\/semmexico\/wp-content\/uploads\/2022\/06\/mia-1.jpg\"><img loading=\"lazy\" decoding=\"async\" src=\"https:\/\/redsemlac.com\/semmexico\/wp-content\/uploads\/2022\/06\/mia-1.jpg\" alt=\"\" class=\"wp-image-51309\" width=\"443\" height=\"295\"\/><\/a><figcaption>Dennis Gleiss via Getty Images<\/figcaption><\/figure><\/div>\n\n\n\n<p class=\"wp-block-paragraph\">Es evidente que en los parques urbanos la quietud natural es imposible. Pero podemos potenciar o crear lugares donde el estr\u00e9pito de la ciudad se transforme en murmullo sordo, casi imperceptible. Es posible crear espacios donde los sonidos naturales sean nuestros invitados de honor. Tambi\u00e9n \u00e1reas cercanas a la ciudad sin estructuras humanas a la vista y donde los ciudadanos puedan respirar sumergidos en la naturaleza. En cualquier caso, el objetivo del movimiento Quit consiste en descubrir y fomentar los beneficios del silencio; la meta es construir inicialmente una red de 50 parques de silencio urbanos.<\/p>\n\n\n\n<p class=\"wp-block-paragraph\">Ciudades como Nueva York, Londres o Portland se han sumado al plan. Asimismo, Do\u00f1ana figura en la lista de los 262 sitios potenciales por su diversidad bioac\u00fastica, aunque \u2014seg\u00fan nos dice Gordon Hempton\u2014 ser\u00edan necesarios unos cambios en el uso de la tierra para que pudiera conseguir el certificado correspondiente.<\/p>\n\n\n\n<p class=\"wp-block-paragraph\">Extender el sello de silencio a los barrios, en todos los emplazamientos donde los humanos vivimos en comunidad. Y mucho m\u00e1s importante es entender y difundir el programa Quit Youth: no se trata tanto de ense\u00f1ar el valor del silencio en las escuelas, en la familia o bien en los centros recreativos como el hecho de que descubramos, desarrollemos y preservemos nuestra propia conciencia sensorial. De que la escuela la potencie des de los primeros a\u00f1os de la infancia. Hay mucho trabajo por hacer.<\/p>\n\n\n\n<p class=\"wp-block-paragraph\">Cada uno desde su \u00e1mbito. Movimiento Slow, movimiento Ugly food (para m\u00e1s informaci\u00f3n pueden leer mi art\u00edculo Vegetales discriminados:<a href=\"https:\/\/www.huffingtonpost.es\/maria-angels-viladot\/vegetales-discriminados-t_b_9837208.html\" target=\"_blank\" rel=\"noreferrer noopener\"><strong>&nbsp;&#8216;the ugly food&#8217;, El HuffPost<\/strong><\/a>, 05\/05\/2016), movimiento Quit, programa Quit Youth, un conjunto de corrientes revolucionarias entrelazadas entre s\u00ed y que tienen el mismo ideario: hacer de la Tierra un para\u00edso donde todos quepamos, donde los humanos podamos vivir con dignidad y sin enfermarnos a nosotros mismos. Este prop\u00f3sito no deber\u00eda ser simplemente un ideal, sino una meta ineludible.<\/p>\n\n\n\n<p class=\"wp-block-paragraph\">Un conjunto de movimientos que, sin duda alguna, est\u00e1n estrechamente enraizados en la lucha para frenar el cambio clim\u00e1tico.<\/p>\n\n\n\n<p class=\"wp-block-paragraph\"><em>*Maria Angels Viladot es doctora en Psicolog\u00eda Social<\/em><\/p>\n","protected":false},"excerpt":{"rendered":"<p>Se estima que el exceso de ruido ha producido 12. mil muertes prematuras y 48.000 casos de cardiopat\u00eda isqu\u00e9mica.<\/p>\n","protected":false},"author":3,"featured_media":51307,"comment_status":"open","ping_status":"open","sticky":false,"template":"","format":"standard","meta":{"_monsterinsights_skip_tracking":false,"footnotes":""},"categories":[693,110,35],"tags":[],"class_list":["post-51306","post","type-post","status-publish","format-standard","has-post-thumbnail","category-693","category-la-opinion-columnas","category-opinion"],"_links":{"self":[{"href":"https:\/\/redsemlac.com\/semmexico\/wp-json\/wp\/v2\/posts\/51306","targetHints":{"allow":["GET"]}}],"collection":[{"href":"https:\/\/redsemlac.com\/semmexico\/wp-json\/wp\/v2\/posts"}],"about":[{"href":"https:\/\/redsemlac.com\/semmexico\/wp-json\/wp\/v2\/types\/post"}],"author":[{"embeddable":true,"href":"https:\/\/redsemlac.com\/semmexico\/wp-json\/wp\/v2\/users\/3"}],"replies":[{"embeddable":true,"href":"https:\/\/redsemlac.com\/semmexico\/wp-json\/wp\/v2\/comments?post=51306"}],"version-history":[{"count":0,"href":"https:\/\/redsemlac.com\/semmexico\/wp-json\/wp\/v2\/posts\/51306\/revisions"}],"wp:featuredmedia":[{"embeddable":true,"href":"https:\/\/redsemlac.com\/semmexico\/wp-json\/wp\/v2\/media\/51307"}],"wp:attachment":[{"href":"https:\/\/redsemlac.com\/semmexico\/wp-json\/wp\/v2\/media?parent=51306"}],"wp:term":[{"taxonomy":"category","embeddable":true,"href":"https:\/\/redsemlac.com\/semmexico\/wp-json\/wp\/v2\/categories?post=51306"},{"taxonomy":"post_tag","embeddable":true,"href":"https:\/\/redsemlac.com\/semmexico\/wp-json\/wp\/v2\/tags?post=51306"}],"curies":[{"name":"wp","href":"https:\/\/api.w.org\/{rel}","templated":true}]}}