{"id":51304,"date":"2022-06-06T08:49:00","date_gmt":"2022-06-06T14:49:00","guid":{"rendered":"https:\/\/redsemlac.com\/semmexico\/?p=51304"},"modified":"2023-07-21T19:06:28","modified_gmt":"2023-07-22T00:06:28","slug":"miradas-de-reportero-ofrecimos-al-senado-8-razones-para-decretar-el-dia-nacional-de-las-personas-periodistas","status":"publish","type":"post","link":"https:\/\/redsemlac.com\/semmexico\/miradas-de-reportero-ofrecimos-al-senado-8-razones-para-decretar-el-dia-nacional-de-las-personas-periodistas\/","title":{"rendered":"Miradas de reportero|\u00a0 Ofrecimos al Senado 8 razones para decretar el Dia Nacional de las Personas Periodistas"},"content":{"rendered":"\n<p class=\"wp-block-paragraph\"><strong>Rogelio Hern\u00e1ndez L\u00f3pez<\/strong><\/p>\n\n\n\n<p class=\"wp-block-paragraph\">SemM\u00e9xico, Ciudad de M\u00e9xico, 6 de junio de 2022.- Este es un reporte p\u00fablico dirigido a las 27 mujeres y 88 hombres, colegas periodistas que firmaron la propuesta al Senado de la Rep\u00fablica para que, como c\u00e1mara de origen del Congreso de la Uni\u00f3n, haga suyas ocho consideraciones para decretar el 30 de mayo como el D\u00eda Nacional de las Personas Periodistas. Deseo no atosigar, y s\u00ed interesar, a otros lectores.<\/p>\n\n\n\n<p class=\"wp-block-paragraph\">Como muchas y muchos de ustedes saben ya hab\u00edan pasado varios a\u00f1os en los que colegas de distintas generaciones y corrientes de pensamiento refer\u00edamos que en M\u00e9xico deber\u00eda de instituirse el 30 de mayo porque, en ese d\u00eda de 1984, fue asesinado el periodista m\u00e1s conocido e influyente de entonces: Manuel Buend\u00eda Tellezgir\u00f3n, quien se convirti\u00f3 en referencia emblem\u00e1tica del infausto y doloroso ciclo que vivimos.<\/p>\n\n\n\n<p class=\"wp-block-paragraph\">Primero nos mov\u00eda el miedo a que ese crimen anunciara una maldici\u00f3n &#8211;\u201cSi pudieron matar al poderoso Buend\u00eda, qu\u00e9 nos espera a quienes somos m\u00e1s vulnerables\u201d. Pero tambi\u00e9n tem\u00edamos se hiciera permanente que en la sociedad mexicana casi nadie se alterara ni protestara cuando matan a un periodista.<\/p>\n\n\n\n<p class=\"wp-block-paragraph\">Y esos dos grandes temores se cumplieron para la desolaci\u00f3n de muchos de nosotros.<\/p>\n\n\n\n<h2 class=\"wp-block-heading\" id=\"como-maldicion\"><strong>Como maldici\u00f3n<\/strong><\/h2>\n\n\n\n<p class=\"wp-block-paragraph\">En el Sexenio de Miguel de la Madrid asesinaron a 33 colegas incluidos Buend\u00eda y Javier Ju\u00e1rez V\u00e1zquez en Minatitl\u00e1n el mismo d\u00eda; 46 en el gobierno de Carlos Salinas y 24 en el de Ernesto Zedillo.<\/p>\n\n\n\n<p class=\"wp-block-paragraph\">Ese recuento lo document\u00f3 el periodista Carlos Moncada (Oficio de muerte: periodistas asesinados en el pa\u00eds de la impunidad. Edit. Grijalbo. A\u00f1os de 1972 a 2000). Y la Comisi\u00f3n Nacional de los Derechos Humanos (CNDH) asegura que en los tiempos de Vicente Fox fueron 31 los asesinados.<\/p>\n\n\n\n<p class=\"wp-block-paragraph\">En esos cuatro sexenios se registraron 134 cr\u00edmenes contra periodistas.<\/p>\n\n\n\n<p class=\"wp-block-paragraph\">Y al iniciar mayo de 2022 la Subsecretar\u00eda de Derechos Humanos de la Secretar\u00eda de Gobernaci\u00f3n revel\u00f3 datos, que obtuvo en distintos archivos oficiales, datos que sorprenden porque indican un crecimiento m\u00e1s pavoroso de cr\u00edmenes que ignor\u00e1bamos.<\/p>\n\n\n\n<p class=\"wp-block-paragraph\">En voz de Enrique Irazoque, se asegur\u00f3 que las y los periodistas asesinados durante el gobierno de Felipe Calder\u00f3n fueron 101, en el de Pe\u00f1a Nieto 96. Y tambi\u00e9n reconoci\u00f3 que hasta esa fecha ya sumaban 58 asesinados durante el mandato de 3 a\u00f1os y 4 meses del gobierno de Andr\u00e9s Manuel L\u00f3pez Obrador.<\/p>\n\n\n\n<p class=\"wp-block-paragraph\">Esto es: 255 colegas del a\u00f1o 2000 a la fecha, 389 desde 1982.&nbsp; Un ciclo maldito, que adem\u00e1s contin\u00faa.<\/p>\n\n\n\n<p class=\"wp-block-paragraph\">Y nuestro miedo de 1984, lo agranda la desolaci\u00f3n que causa el poco inter\u00e9s y aprecio de la sociedad mexicana para los trabajadores del periodismo. Es escasa la solidaridad social cuando los periodistas salen (salimos) a protestar tras cada asesinato.<\/p>\n\n\n\n<p class=\"wp-block-paragraph\">En contraste, lo m\u00e1s frecuente es escuchar recriminaciones causados por los estigmas acu\u00f1ados durante sexenios de complicidades y corrupci\u00f3n entre malos gobernantes con empresarios de prensa y periodistas de malas pr\u00e1cticas y poca \u00e9tica.<\/p>\n\n\n\n<p class=\"wp-block-paragraph\">Somos muchos quienes creemos necesaria una fecha, un d\u00eda nacional en el cual todo el que tenga voz p\u00fablica reivindique simult\u00e1neamente el valor social de una profesi\u00f3n que se ejerce entre amagos a la propia vida, que la sociedad lo reconozca y lo defienda como la mutilaci\u00f3n de uno de sus derechos.<\/p>\n\n\n\n<h2 class=\"wp-block-heading\" id=\"se-armo-la-propuesta\"><strong>Se arm\u00f3 la propuesta<\/strong><\/h2>\n\n\n\n<p class=\"wp-block-paragraph\">El 4 de enero de 2022 demasiados colegas y uno que otro funcionario de gobierno volvieron a irse con la finta de que ese es el D\u00eda del Periodista en M\u00e9xico, ignorando que se quiso imponer por una ocurrencia de Enrique Pe\u00f1a Nieto.<\/p>\n\n\n\n<p class=\"wp-block-paragraph\">Seg\u00fan historiadores, esa fecha la declar\u00f3 verbalmente el presidente Plutarco El\u00edas Calles en 1926, a solicitud expresa del Sindicato Nacional de Redactores de la Prensa tras la muerte de Manuel Caballero, quien hac\u00eda \u201cperiodismo no ideologizado\u201d. Pero no se conoce decreto o acuerdo presidencial escrito.<\/p>\n\n\n\n<p class=\"wp-block-paragraph\">No obstante, esa y otras organizaciones de periodistas \u201cfestejaron\u201d a su modo el d\u00eda del periodista en esa fecha y otras distintas, sin lograr su institucionalizaci\u00f3n.<\/p>\n\n\n\n<p class=\"wp-block-paragraph\">M\u00e1s a\u00fan, hasta 84 a\u00f1os despu\u00e9s de la declaraci\u00f3n de El\u00edas Calles, en sus \u00faltimos a\u00f1os como gobernador del Estado de M\u00e9xico Enrique Pe\u00f1a Nieto revivi\u00f3 esa fecha para periodistas mexiquenses y en 2013, ya como presidente, intent\u00f3 hacerlo nacional con felicitaciones p\u00fablicas, sin decreto o acuerdo escrito y menos el aval del Congreso de la Uni\u00f3n.<\/p>\n\n\n\n<p class=\"wp-block-paragraph\">Por eso desde el d\u00eda siguiente, el 5 de enero pasado se registr\u00f3 otro rechazo de periodistas \u201cporque el d\u00eda 4 de enero no nos representa\u201d. Esta vez, comenz\u00f3 a circular, sobre todo en las redes de Facebook, un texto con ocho razones para institucionalizar el 30 de mayo como d\u00eda nacional de las personas periodistas para recordar y honrar a Manuel Buend\u00eda y a todo colega asesinado. Poco a poco se fueron adhiriendo colegas a esa propuesta y para el 3 de abril ya la respaldaban 115 colegas de 15 estados de la Rep\u00fablica. Faltaba entregarla al Senado.<\/p>\n\n\n\n<p class=\"wp-block-paragraph\">As\u00ed fue como como el 29 y 30 de mayo de 2022 circul\u00f3 una invitaci\u00f3n a las y los periodistas firmantes del documento (y a otros colegas que le interesara) para realizar dos actividades: una guardia en la plazoleta en honor a Francisco Zarco y a Manuel Buend\u00eda, sitio donde se concentran periodistas desde 1985 para hacer recuentos de su situaci\u00f3n, para despu\u00e9s acudir al Senado de la Rep\u00fablica a entregar la propuesta.<\/p>\n\n\n\n<p class=\"wp-block-paragraph\">La invitaci\u00f3n esta vez la hicieron los reporteros Gerardo Albarr\u00e1n de Alba, Roberto Fuentes Vivar, Alberto Witvrun Rosales y Rogelio Hern\u00e1ndez L\u00f3pez. Respondieron al citatorio otros diez colegas y un ciudadano siempre solidario: la periodista mexiquense desplazada Mari Carmen Aguilar Franco; el reportero y analista Fred \u00c1lvarez; la periodista escritora Teresa Gil G\u00e1lvez.<\/p>\n\n\n\n<p class=\"wp-block-paragraph\">As\u00ed como el reportero Pablo Gonz\u00e1lez Dur\u00e1n; Adolfo Palma del colectivo Movimiento del 68; el periodista Rodolfo Mart\u00ednez; la periodista y editora Cristina Renaud; el reportero y conductor en radio Jes\u00fas Y\u00e1\u00f1ez Orozco y el reportero y editor Roberto Vizca\u00edno. Tambi\u00e9n llegaron a La Plazoleta para hacer cobertura del acto y la marcha al Senado Ra\u00fal Urbina Cruz, reportero de El Independiente y el joven reportero de Radio Educaci\u00f3n Daniel Hern\u00e1ndez. Cuatro de esos quince no pudieron acudir a la C\u00e1mara de Senadores por urgencias de trabajo. Entre quienes llegamos a la entrega, aunque pocos, resaltaba la pluralidad sin exaltar la pertenencia a una u otra organizaci\u00f3n o corriente de pensamiento.<\/p>\n\n\n\n<h2 class=\"wp-block-heading\" id=\"la-entrega\"><strong>La entrega<\/strong><\/h2>\n\n\n\n<p class=\"wp-block-paragraph\">Antes de llegar al Senado hab\u00edan madurado dos consensos:&nbsp; que se buscar\u00eda la mayor institucionalidad y se entregar\u00eda el documento a la Junta de Coordinaci\u00f3n Pol\u00edtica (JCP) para no comprometer o comprometerse con un senador o fracci\u00f3n parlamentaria en particular y que no se expondr\u00edan otras causas o propuestas ajenas al documento.<\/p>\n\n\n\n<p class=\"wp-block-paragraph\">El acceso fue por la puerta de visitantes con la ayuda de Abelardo Mart\u00edn, director de Comunicaci\u00f3n Social y f\u00edsicamente con la gu\u00eda de Paris Cervantes, un joven periodista que labora en esa oficina. Nos condujeron a la sala de reuniones de la JCP e informaron que su presidente Ricardo Monreal estaba atendiendo a una comisi\u00f3n de legisladores de otro pa\u00eds, pero que buscar\u00eda llegar a recibir el texto. Quien recibi\u00f3 y escuch\u00f3 nuestros argumentos fue el Senador por Hidalgo, Navor Alberto Rojas Mancera, quien apoya a Monreal y adem\u00e1s hab\u00eda sido avisado por su paisano el periodista Hidalguense Alberto Witvrun \u201cya vamos para all\u00e1, apoya por favor\u201d.<\/p>\n\n\n\n<p class=\"wp-block-paragraph\">Cuando se entregaba el documento firmado por los ocho periodistas asistentes, m\u00e1s dos copias, entr\u00f3 a la sala Ricardo Monreal ofreciendo disculpas y saludando de mano a cada persona. Recibi\u00f3 el texto principal y ya encaminado a la salida ofreci\u00f3 que despu\u00e9s de conocer su contenido le dar\u00eda tr\u00e1mite a la Junta de Coordinaci\u00f3n Pol\u00edtica y ah\u00ed se acordar\u00eda el paso siguiente del proceso legislativo.<\/p>\n\n\n\n<p class=\"wp-block-paragraph\">En general las dos acciones resultaron bien por la presencia de quienes acudimos a la plazuela y al Senado, por la ayuda del personal de comunicaci\u00f3n de esa c\u00e1mara y por la entrega muy institucional del documento de los 115 periodistas a la Junta de Coordinaci\u00f3n Pol\u00edtica del Senado.<\/p>\n\n\n\n<p class=\"wp-block-paragraph\">Solo hubo dos negritos en el arroz: nuestro colega y amigo de muchos a\u00f1os Roberto Vizca\u00edno en la sala comenz\u00f3 a recriminar que \u201cdiario nos matan a uno\u201d (impreciso) y a proponer \u201cun foro especial sobre quienes atentan la libertad de expresi\u00f3n\u201d, pero fue atajado por Gerardo Albarr\u00e1n de Alba y Rogelio Hern\u00e1ndez porque nada de eso reflejaba los consensos del documento entregado; el otro fue por un reportero que no se identific\u00f3 pero adscrito a la fracci\u00f3n de Morena quien titul\u00f3 su bolet\u00edn \u201cReciben senadores de Morena propuesta para declarar 30 de mayo como El D\u00eda Nacional de las Personas Periodistas.<\/p>\n\n\n\n<p class=\"wp-block-paragraph\">Le fall\u00f3 el o\u00eddo y no atendi\u00f3 la precisi\u00f3n: hab\u00edamos pedido que la Junta de Coordinaci\u00f3n Pol\u00edtica nos recibiera la propuesta, como la instancia plural e institucional de la c\u00e1mara alta del Congreso de la Uni\u00f3n.<\/p>\n\n\n\n<p class=\"wp-block-paragraph\">Hasta aqu\u00ed el reporte para las y los colegas que firmaron la propuesta para todo el Senado con ocho razones para decretar el Dia Nacional de las Personas Periodistas. Pedimos a las y los coleas interesados estar atentos al proceso legislativo. Se agradece la generosidad de este medio para difundirlo y a los lectores que llegaron hasta el final. El documento entregado y los 115 adherentes (m\u00e1s los que se agreguen) se pueden conocer en la siguiente liga:<\/p>\n\n\n\n<p class=\"wp-block-paragraph\"><a href=\"https:\/\/www.facebook.com\/photo\/?fbid=10166929713075604&amp;set=a.10151252217615604\">https:\/\/www.facebook.com\/photo\/?fbid=10166929713075604&amp;set=a.10151252217615604<\/a><\/p>\n","protected":false},"excerpt":{"rendered":"<p>Este es un reporte p\u00fablico dirigido a las 27 mujeres y 88 hombres, colegas periodistas que firmaron la propuesta al Senado de la Rep\u00fablica <\/p>\n","protected":false},"author":3,"featured_media":38348,"comment_status":"open","ping_status":"open","sticky":false,"template":"","format":"standard","meta":{"_monsterinsights_skip_tracking":false,"footnotes":""},"categories":[693,106,35,85],"tags":[],"class_list":["post-51304","post","type-post","status-publish","format-standard","has-post-thumbnail","category-693","category-mirada-de-reportero","category-opinion","category-rogelio-hernandez-lopez"],"_links":{"self":[{"href":"https:\/\/redsemlac.com\/semmexico\/wp-json\/wp\/v2\/posts\/51304","targetHints":{"allow":["GET"]}}],"collection":[{"href":"https:\/\/redsemlac.com\/semmexico\/wp-json\/wp\/v2\/posts"}],"about":[{"href":"https:\/\/redsemlac.com\/semmexico\/wp-json\/wp\/v2\/types\/post"}],"author":[{"embeddable":true,"href":"https:\/\/redsemlac.com\/semmexico\/wp-json\/wp\/v2\/users\/3"}],"replies":[{"embeddable":true,"href":"https:\/\/redsemlac.com\/semmexico\/wp-json\/wp\/v2\/comments?post=51304"}],"version-history":[{"count":0,"href":"https:\/\/redsemlac.com\/semmexico\/wp-json\/wp\/v2\/posts\/51304\/revisions"}],"wp:featuredmedia":[{"embeddable":true,"href":"https:\/\/redsemlac.com\/semmexico\/wp-json\/wp\/v2\/media\/38348"}],"wp:attachment":[{"href":"https:\/\/redsemlac.com\/semmexico\/wp-json\/wp\/v2\/media?parent=51304"}],"wp:term":[{"taxonomy":"category","embeddable":true,"href":"https:\/\/redsemlac.com\/semmexico\/wp-json\/wp\/v2\/categories?post=51304"},{"taxonomy":"post_tag","embeddable":true,"href":"https:\/\/redsemlac.com\/semmexico\/wp-json\/wp\/v2\/tags?post=51304"}],"curies":[{"name":"wp","href":"https:\/\/api.w.org\/{rel}","templated":true}]}}