{"id":51302,"date":"2022-06-06T08:43:00","date_gmt":"2022-06-06T14:43:00","guid":{"rendered":"https:\/\/redsemlac.com\/semmexico\/?p=51302"},"modified":"2023-07-21T19:06:28","modified_gmt":"2023-07-22T00:06:28","slug":"mujer-y-poder-vergonzosa-campana-de-morena","status":"publish","type":"post","link":"https:\/\/redsemlac.com\/semmexico\/mujer-y-poder-vergonzosa-campana-de-morena\/","title":{"rendered":"Mujer y poder| Vergonzosa Campa\u00f1a de Morena"},"content":{"rendered":"\n<p class=\"wp-block-paragraph\">Natalia Vidales<\/p>\n\n\n\n<p class=\"wp-block-paragraph\">SemM\u00e9xico, Hermosillo, Sonora. 6 de junio de 2022.- Independientemente de tramposas, fueron vergonzosas las campa\u00f1as de los integrantes de Morena en esta contienda electoral, pero la que se llev\u00f3 el cetro y corona fue la candidata a gobernadora de Aguascalientes, Nora Ruvalcaba -profesora jubilada y fundadora del partido en la entidad-\u00a0 quien hizo circular un video -como propaganda estrella-\u00a0 que es para no creerse.<\/p>\n\n\n\n<p class=\"wp-block-paragraph\">En el spot en cuesti\u00f3n, por dem\u00e1s inapropiado, la emprendi\u00f3 contra la clase empresarial, diciendo sin una pizca de verg\u00fcenza: \u00a8que se vayan los ricos, lo \u00fanico que necesitamos para ser felices es que se vayan y as\u00ed entre pobres repartirnos los bienes de la naci\u00f3n como el petr\u00f3leo y el litio\u00a8, dijo as\u00ed, tal cual.<\/p>\n\n\n\n<p class=\"wp-block-paragraph\">Y para rematar, agreg\u00f3 en su mensaje a los ciudadanos: \u00a8con los apoyos de Morena nos basta y nos sobra\u00a8 Y termina enviando un mensaje a la clase empresarial: \u201cll\u00e9vense sus f\u00e1bricas y&nbsp; sus empresa\u201d, y como cierre muestra las declaraciones del presidente aquellas tambi\u00e9n vergonzosas donde pretende condenar a la clase m\u00e1s desprotegida a vivir en la pobreza \u00bfrecuerdan?&nbsp; Cuando dijo que si ya tienen un par de zapatos \u00a1para qu\u00e9 quieren m\u00e1s!<\/p>\n\n\n\n<p class=\"wp-block-paragraph\">S\u00ed, el discurso de falsa humildad cunde hasta el extremo de utilizar como campa\u00f1a el rechazo a la clase social que genera empleos y recursos: el gremio empresarial.<\/p>\n\n\n\n<p class=\"wp-block-paragraph\">Aguascalientes ser\u00e1 gobernado, sin duda, por una mujer ya que las cinco candidaturas est\u00e1n ocupadas por mujeres pero, esperamos que esta candidata de Morena quede muy atr\u00e1s en esta contienda porque, de obtener el triunfo, se estar\u00eda condenando al ciudadano a vivir en la pobreza y sin aspiraciones.<\/p>\n\n\n\n<p class=\"wp-block-paragraph\">\u00a1Que lamentable!<\/p>\n","protected":false},"excerpt":{"rendered":"<p>Independientemente de tramposas, fueron vergonzosas las campa\u00f1as de los integrantes de Morena en esta contienda electoral, pero la que se llev\u00f3 el cetro y corona fue la candidata a gobernadora de Aguascalientes<\/p>\n","protected":false},"author":3,"featured_media":29883,"comment_status":"open","ping_status":"open","sticky":false,"template":"","format":"standard","meta":{"_monsterinsights_skip_tracking":false,"footnotes":""},"categories":[693,100,72,35],"tags":[],"class_list":["post-51302","post","type-post","status-publish","format-standard","has-post-thumbnail","category-693","category-mujer-y-poder","category-natalia-vidales","category-opinion"],"_links":{"self":[{"href":"https:\/\/redsemlac.com\/semmexico\/wp-json\/wp\/v2\/posts\/51302","targetHints":{"allow":["GET"]}}],"collection":[{"href":"https:\/\/redsemlac.com\/semmexico\/wp-json\/wp\/v2\/posts"}],"about":[{"href":"https:\/\/redsemlac.com\/semmexico\/wp-json\/wp\/v2\/types\/post"}],"author":[{"embeddable":true,"href":"https:\/\/redsemlac.com\/semmexico\/wp-json\/wp\/v2\/users\/3"}],"replies":[{"embeddable":true,"href":"https:\/\/redsemlac.com\/semmexico\/wp-json\/wp\/v2\/comments?post=51302"}],"version-history":[{"count":0,"href":"https:\/\/redsemlac.com\/semmexico\/wp-json\/wp\/v2\/posts\/51302\/revisions"}],"wp:featuredmedia":[{"embeddable":true,"href":"https:\/\/redsemlac.com\/semmexico\/wp-json\/wp\/v2\/media\/29883"}],"wp:attachment":[{"href":"https:\/\/redsemlac.com\/semmexico\/wp-json\/wp\/v2\/media?parent=51302"}],"wp:term":[{"taxonomy":"category","embeddable":true,"href":"https:\/\/redsemlac.com\/semmexico\/wp-json\/wp\/v2\/categories?post=51302"},{"taxonomy":"post_tag","embeddable":true,"href":"https:\/\/redsemlac.com\/semmexico\/wp-json\/wp\/v2\/tags?post=51302"}],"curies":[{"name":"wp","href":"https:\/\/api.w.org\/{rel}","templated":true}]}}