{"id":51292,"date":"2022-06-05T13:01:12","date_gmt":"2022-06-05T19:01:12","guid":{"rendered":"https:\/\/redsemlac.com\/semmexico\/?p=51292"},"modified":"2023-07-21T19:06:28","modified_gmt":"2023-07-22T00:06:28","slug":"hallazgos-estoy-librando-mis-propias-batallas","status":"publish","type":"post","link":"https:\/\/redsemlac.com\/semmexico\/hallazgos-estoy-librando-mis-propias-batallas\/","title":{"rendered":"Hallazgos| Estoy librando mis propias batallas"},"content":{"rendered":"\n<p class=\"wp-block-paragraph\">Roc\u00edo Fiallega<\/p>\n\n\n\n<p class=\"wp-block-paragraph\">SemM\u00e9xico, Ciudad de M\u00e9xico, 5 de junio, 2022.- Estoy librando mis propias batallas, como otras mujeres lo han hecho desde el paleol\u00edtico y otras despu\u00e9s de la Post-Postmodernidad.<\/p>\n\n\n\n<p class=\"wp-block-paragraph\">Estoy librando mis propias batallas y tengo miedo, miedo a equivocarme, pero \u00bfqu\u00e9 perder\u00eda? \u00bfacaso esta es una guerra? \u00bfuna guerra interior en la que con la victoria de mis propias convicciones o mi \u201cverdad\u201d, todas las partes ganan? \u00bfes una guerra conmigo misma o contra el mundo?<\/p>\n\n\n\n<p class=\"wp-block-paragraph\">\u00bfAcaso sirve batallar, si la victoria final llegar\u00e1 cuando yo muera? \u00bfqu\u00e9 batallas he elegido? \u00bfa cu\u00e1ntas he renunciado? \u00bfqu\u00e9 vale m\u00e1s: matar por una causa \u2013la que sea\u2013 o morir por ella?<\/p>\n\n\n\n<p class=\"wp-block-paragraph\">Si la vida fuera una batalla, \u00bfestoy luchando del lado correcto?<\/p>\n\n\n\n<p class=\"wp-block-paragraph\">Estar del lado de m\u00ed misma \u00bfme garantizar\u00eda la victoria? \u00bfy todo lo dem\u00e1s?<\/p>\n\n\n\n<p class=\"wp-block-paragraph\">Para entrar a la batalla una tiene que elegir a qu\u00e9 bando pertenece, \u00bfcu\u00e1ntas veces me he traicionado?<\/p>\n\n\n\n<p class=\"wp-block-paragraph\">En este devenir que es mi propia vida \u00bfcu\u00e1ntas veces han vencido mis prejuicios? \u00bfcu\u00e1ntas he sido victoriosa? \u00bfestar\u00e9 tan cansada porque estoy luchando contra mi esencia?<\/p>\n\n\n\n<p class=\"wp-block-paragraph\">Mam\u00e1: Estoy librando mis propias batallas \u00a1Cu\u00e1nto te admiro en estas horas! \u00a1C\u00f3mo te extra\u00f1o en ciertos d\u00edas! Hubo tantos silencios entre nosotras que hoy s\u00f3lo tengo el recuerdo de tu sonrisa y tu voz cantando \u201cFarolito\u201d.<\/p>\n\n\n\n<p class=\"wp-block-paragraph\">Estoy librando mis propias batallas y tengo que templar el agua para que la f\u00f3rmula se disuelva y que la leche quede bien preparada, con la temperatura exacta para su cuerpo; esa es la oportunidad que tengo para ser nutricia o ser\u00e1 que solamente con mi mirada pueda creer y crecer.<\/p>\n\n\n\n<p class=\"wp-block-paragraph\">Estoy librando mis propias batallas y siento que voy perdiendo, quiero ver a esa mujer que miran los dem\u00e1s, pero el espejo me devuelve otra cosa; me falta empoderamiento, dicen, confianza, fe, amor, cada cual ve lo que falta y no lo que hay. \u00bfQu\u00e9 es lo que me dejo ver?<\/p>\n\n\n\n<p class=\"wp-block-paragraph\">Estoy librando mis propias batallas y el vuelo es inminente, terminaron los festivales de la escuela, las graduaciones, los juegos, los campamentos, los viajes familiares\u2026 Ahora es un nuevo inicio.<\/p>\n","protected":false},"excerpt":{"rendered":"<p>Estoy librando mis propias batallas, como otras mujeres lo han hecho desde el paleol\u00edtico y otras despu\u00e9s de la Post-Postmodernidad.<\/p>\n","protected":false},"author":3,"featured_media":39324,"comment_status":"open","ping_status":"open","sticky":false,"template":"","format":"standard","meta":{"_monsterinsights_skip_tracking":false,"footnotes":""},"categories":[693,620,35,621],"tags":[],"class_list":["post-51292","post","type-post","status-publish","format-standard","has-post-thumbnail","category-693","category-hallazgos","category-opinion","category-rocio-fiallega"],"_links":{"self":[{"href":"https:\/\/redsemlac.com\/semmexico\/wp-json\/wp\/v2\/posts\/51292","targetHints":{"allow":["GET"]}}],"collection":[{"href":"https:\/\/redsemlac.com\/semmexico\/wp-json\/wp\/v2\/posts"}],"about":[{"href":"https:\/\/redsemlac.com\/semmexico\/wp-json\/wp\/v2\/types\/post"}],"author":[{"embeddable":true,"href":"https:\/\/redsemlac.com\/semmexico\/wp-json\/wp\/v2\/users\/3"}],"replies":[{"embeddable":true,"href":"https:\/\/redsemlac.com\/semmexico\/wp-json\/wp\/v2\/comments?post=51292"}],"version-history":[{"count":0,"href":"https:\/\/redsemlac.com\/semmexico\/wp-json\/wp\/v2\/posts\/51292\/revisions"}],"wp:featuredmedia":[{"embeddable":true,"href":"https:\/\/redsemlac.com\/semmexico\/wp-json\/wp\/v2\/media\/39324"}],"wp:attachment":[{"href":"https:\/\/redsemlac.com\/semmexico\/wp-json\/wp\/v2\/media?parent=51292"}],"wp:term":[{"taxonomy":"category","embeddable":true,"href":"https:\/\/redsemlac.com\/semmexico\/wp-json\/wp\/v2\/categories?post=51292"},{"taxonomy":"post_tag","embeddable":true,"href":"https:\/\/redsemlac.com\/semmexico\/wp-json\/wp\/v2\/tags?post=51292"}],"curies":[{"name":"wp","href":"https:\/\/api.w.org\/{rel}","templated":true}]}}