{"id":51290,"date":"2022-06-05T12:58:53","date_gmt":"2022-06-05T18:58:53","guid":{"rendered":"https:\/\/redsemlac.com\/semmexico\/?p=51290"},"modified":"2023-07-21T19:06:28","modified_gmt":"2023-07-22T00:06:28","slug":"desde-la-mano-izquierda-en-lo-que-aplaudes-me-matan","status":"publish","type":"post","link":"https:\/\/redsemlac.com\/semmexico\/desde-la-mano-izquierda-en-lo-que-aplaudes-me-matan\/","title":{"rendered":"Desde la Mano Izquierda| En lo que aplaudes me matan"},"content":{"rendered":"\n<p class=\"wp-block-paragraph\">Claudia Espinoza Almaguer<\/p>\n\n\n\n<p class=\"wp-block-paragraph\">SemM\u00e9xico, San Luis Potos\u00ed, SLP, 5 de junio, 2022.- Afirmar que de la violencia se sale como quien abre la puerta de una habitaci\u00f3n y la cierra tras de s\u00ed es no haber pasado por ese trayecto nunca. Vamos a ponernos all\u00ed, justo en este momento hay una mujer en M\u00e9xico, oculta por los pol\u00edticos, los medios y las instituciones, por inconveniente, que est\u00e1 decidiendo algo:<\/p>\n\n\n\n<p class=\"wp-block-paragraph\"><em>\u00bfEsto que vivo es normal? \u00bfEstoy exagerando? Si me salgo de aqu\u00ed \u00bf<\/em><em>C\u00f3mo me voy a mantener? Es muy tarde, tengo miedo, pero no quiero sacar a los ni\u00f1os a esta hora, si me aguanto hasta que se duerma igual consigo pasar un tiempo m\u00e1s hasta que amanezca\u2026 <\/em>&nbsp;&nbsp;<\/p>\n\n\n\n<p class=\"wp-block-paragraph\">Al mismo tiempo, hay otra mujer siendo v\u00edctima de violencia sexual, o siendo asesinada al cabo de varios actos de tortura, desapareciendo.<\/p>\n\n\n\n<p class=\"wp-block-paragraph\">El pasado 18 de mayo se produjo la m\u00e1s reciente protesta contra la violencia feminicida denominada \u201cLuto Nacional por la vida de las mujeres y las ni\u00f1as\u201d, las manifestaciones en ciudades como Nuevo Le\u00f3n, Guanajuato, Michoac\u00e1n, Morelos, Quer\u00e9taro, Sonora, Sinaloa, Veracruz, Puebla, Oaxaca, Quintana Roo, etc., con independencia de cuantas declaratorias de Alerta de Violencia de G\u00e9nero tenga admitidas la Comisi\u00f3n Nacional para Prevenir y Erradicar la Violencia contra las Mujeres; nos sit\u00faan en la realidad, hay una grave crisis de violaci\u00f3n a derechos ante la cual el Gobierno de M\u00e9xico es incapaz de proponer una sola idea coherente.<\/p>\n\n\n\n<p class=\"wp-block-paragraph\">No se las tiene que imaginar, lo que se demand\u00f3 en esa protesta son exigencias vinculadas a las \u00faltimas observaciones hechas a M\u00e9xico por el Comit\u00e9 para la Eliminaci\u00f3n de la Discriminaci\u00f3n en el a\u00f1o 2018. En ese documento se recomend\u00f3 al Estado adoptar medidas urgentes para prevenir la muerte violenta de las mujeres, por ejemplo:&nbsp;<\/p>\n\n\n\n<p class=\"wp-block-paragraph\">Combatir las causas profundas como la violencia armada, la delincuencia organizada, el tr\u00e1fico de estupefacientes, los estereotipos discriminatorios, la pobreza y la marginaci\u00f3n de las mujeres.<\/p>\n\n\n\n<p class=\"wp-block-paragraph\">Investigar, enjuiciar y castigar a los responsables de asesinar y desaparecer a las mujeres como una prioridad pol\u00edtico criminal, incluidos aqu\u00ed los agentes estatales.<\/p>\n\n\n\n<p class=\"wp-block-paragraph\">Tipificar el feminicidio y demostrar un uso eficaz del \u00e1mbito penal, simplificar la ruta nacional de la Alerta AMBER y el protocolo Alba que incluye agilizar la b\u00fasqueda, combatir los riesgos asociados a la trata de personas y reforzar el enfoque destinado a preponderar a las mujeres.<\/p>\n\n\n\n<p class=\"wp-block-paragraph\">Evaluar la repercusi\u00f3n de las Alertas y garantizar una coordinaci\u00f3n eficiente en los distintos niveles de gobierno adem\u00e1s de reforzar los mecanismos de recopilaci\u00f3n de datos sobre violencia, feminicidios y desaparici\u00f3n.<\/p>\n\n\n\n<p class=\"wp-block-paragraph\">Sin embargo, estas recomendaciones no han sido atendidas. Lo que si tenemos son muestras p\u00fablicas sobre supuestas iniciativas para proteger a las mujeres, pol\u00edtica simb\u00f3lica, mera manipulaci\u00f3n que raya en el insulto.<\/p>\n\n\n\n<p class=\"wp-block-paragraph\">Digamos algo importante, en todas las agresiones contra las mujeres ya hubo un fallo, porque lo primero que debi\u00f3 garantizarse es el derecho humano a vivir una vida libre de violencia, al haberse lesionado y perder la integridad y la vida, lo que queda es el acceso a la justicia como un m\u00ednimo para ellas y sus familias, saber \u00bfQu\u00e9 fue lo que pas\u00f3? \u00bfqui\u00e9n fue el responsable? y \u00bfde qu\u00e9 modo va a ser sancionado por el Estado? es tener derecho a la verdad, a la reparaci\u00f3n integral, a la investigaci\u00f3n adecuada y con debida diligencia.<\/p>\n\n\n\n<p class=\"wp-block-paragraph\">Eso no est\u00e1 pasando en M\u00e9xico.<\/p>\n\n\n\n<p class=\"wp-block-paragraph\">Es muy peligroso por otro lado que, en la constante negaci\u00f3n del fen\u00f3meno, las autoridades se crean su propio autobombo, y consideren que ese acto politizado es la realidad de las mujeres.<\/p>\n\n\n\n<p class=\"wp-block-paragraph\">Por ejemplo, hace unas semanas el Senado tuvo un evento donde estuvieron Mal\u00fa Micher Camarena, Miguel \u00c1ngel Osorio Chong, Olga S\u00e1nchez Cordero y Emilio \u00c1lvarez Icaza presentando una iniciativa para reformar varios art\u00edculos del C\u00f3digo Penal Federal en Materia de Delitos Sexuales bajo la frase del \u201cNo es no\u201d en donde cada quien habl\u00f3 sobre la importancia del contemplar que el \u201cno consentimiento voluntario genuino y deseado\u201d sea elemento del delito.<\/p>\n\n\n\n<p class=\"wp-block-paragraph\">De entrada, se sabe que ninguno es penalista, y que no hab\u00eda en el Senado alguien a la mano, de serlo habr\u00edan hallado que la falta de consentimiento es la esencia del tipo penal de la violaci\u00f3n y de otros delitos sexuales, de ah\u00ed que los bienes jur\u00eddicos tutelados, es decir, lo que esas figuras protegen es la libertad sexual, la seguridad sexual y el normal desarrollo psicosexual.<\/p>\n\n\n\n<p class=\"wp-block-paragraph\">Sume a todo esto que el c\u00f3digo penal federal no se utiliza para investigar ning\u00fan delito de este tipo en M\u00e9xico y que esos cambios \u201ctan importantes\u201d no van a emplearse para iniciar ninguna carpeta en el pa\u00eds porque para eso son los c\u00f3digos de cada estado.<\/p>\n\n\n\n<p class=\"wp-block-paragraph\">Y acude la siguiente cuesti\u00f3n: si los senadores de la rep\u00fablica no saben esto ya es lamentable, pero si sabi\u00e9ndolo igual venden este tipo de actos in\u00fatiles a las v\u00edctimas para evitarse la necesaria cr\u00edtica que su papel deber\u00eda proveer a la ciudadan\u00eda y por ejemplo, cuestionar al Ejecutivo ante los desv\u00edos que hoy tienen desmantelada y sin recursos la pol\u00edtica destinada a combatir la violencia contra las mujeres, entonces bien podr\u00edamos ahorrarnos la simulaci\u00f3n de la democracia y de los dineros que cuestan esos eventos con el \u00fanico fin de aplaudirse mutuamente.<\/p>\n\n\n\n<p class=\"wp-block-paragraph\">Que a nosotras si no se nos olvide entre todo lo no hecho, los seis meses que lleva la Red Nacional de Refugios sin recibir dinero y las mujeres con casos de alto riesgo cuya vida est\u00e1 en juego en este momento.<\/p>\n\n\n\n<p class=\"wp-block-paragraph\">&nbsp;El tiempo sigue corriendo\u2026<\/p>\n","protected":false},"excerpt":{"rendered":"<p>Afirmar que de la violencia se sale como quien abre la puerta de una habitaci\u00f3n y la cierra tras de s\u00ed es no haber pasado por ese trayecto nunca.<\/p>\n","protected":false},"author":3,"featured_media":36870,"comment_status":"open","ping_status":"open","sticky":false,"template":"","format":"standard","meta":{"_monsterinsights_skip_tracking":false,"footnotes":""},"categories":[693,131,35],"tags":[],"class_list":["post-51290","post","type-post","status-publish","format-standard","has-post-thumbnail","category-693","category-claudia-almaguer","category-opinion"],"_links":{"self":[{"href":"https:\/\/redsemlac.com\/semmexico\/wp-json\/wp\/v2\/posts\/51290","targetHints":{"allow":["GET"]}}],"collection":[{"href":"https:\/\/redsemlac.com\/semmexico\/wp-json\/wp\/v2\/posts"}],"about":[{"href":"https:\/\/redsemlac.com\/semmexico\/wp-json\/wp\/v2\/types\/post"}],"author":[{"embeddable":true,"href":"https:\/\/redsemlac.com\/semmexico\/wp-json\/wp\/v2\/users\/3"}],"replies":[{"embeddable":true,"href":"https:\/\/redsemlac.com\/semmexico\/wp-json\/wp\/v2\/comments?post=51290"}],"version-history":[{"count":0,"href":"https:\/\/redsemlac.com\/semmexico\/wp-json\/wp\/v2\/posts\/51290\/revisions"}],"wp:featuredmedia":[{"embeddable":true,"href":"https:\/\/redsemlac.com\/semmexico\/wp-json\/wp\/v2\/media\/36870"}],"wp:attachment":[{"href":"https:\/\/redsemlac.com\/semmexico\/wp-json\/wp\/v2\/media?parent=51290"}],"wp:term":[{"taxonomy":"category","embeddable":true,"href":"https:\/\/redsemlac.com\/semmexico\/wp-json\/wp\/v2\/categories?post=51290"},{"taxonomy":"post_tag","embeddable":true,"href":"https:\/\/redsemlac.com\/semmexico\/wp-json\/wp\/v2\/tags?post=51290"}],"curies":[{"name":"wp","href":"https:\/\/api.w.org\/{rel}","templated":true}]}}