{"id":5120,"date":"2018-09-20T15:42:55","date_gmt":"2018-09-20T15:42:55","guid":{"rendered":"https:\/\/redsemlac.com\/semmexico\/?p=5120"},"modified":"2023-07-21T14:33:13","modified_gmt":"2023-07-21T19:33:13","slug":"con-favores-de-impartidores-de-justicia-impide-a-ex-pareja-ver-sus-hijos","status":"publish","type":"post","link":"https:\/\/redsemlac.com\/semmexico\/con-favores-de-impartidores-de-justicia-impide-a-ex-pareja-ver-sus-hijos\/","title":{"rendered":"Con favores de impartidores de justicia impide a ex pareja ver sus hijos"},"content":{"rendered":"\n<p class=\"wp-block-paragraph\"><a href=\"https:\/\/www.semmexico.com\/gallery-post.php?id=5898#\">Redacci\u00f3n<\/a><\/p>\n\n\n\n<p class=\"wp-block-paragraph\">SemM\u00e9xico, Cd. de M\u00e9xico, 20 septiembre 2018.- No\u00e9 Casta\u00f1\u00f3n Ram\u00edrez tiene pendientes denuncias presentadas ante la Procuradur\u00eda General de Justicia de la CDMX en su contra por violencia familiar, robo y delito cometido por servidor p\u00fablico consistente en abuso de autoridad, por lo que no deber\u00eda tomar protesta como senador, se\u00f1alan mujeres en una carta p\u00fablica dirigida a los de todos los grupos parlamentarios que componen el Senado de la Rep\u00fablica<\/p>\n\n\n\n<p class=\"wp-block-paragraph\">Explican que Casta\u00f1\u00f3n Ram\u00edrez no debe rendir protesta como senador porque no ha concluido su proceso legal, como declar\u00f3 en d\u00edas pasados el coordinador de la bancada priista, Miguel \u00c1ngel Osorio Chong, porque subsisten y est\u00e1n pendientes de resolver la denuncia presentada ante la Procuradur\u00eda General de Justicia de esta ciudad en su contra por violencia familiar, robo y delito cometido por servidor p\u00fablico consistente en abuso de autoridad.<\/p>\n\n\n\n<p class=\"wp-block-paragraph\">Lo anterior por haber sustra\u00eddo con lujo de violencia de sus tres hijos, el 22 de septiembre de 2016, hechos en los que se\u00f1ala, participaron el actuario del Juzgado D\u00e9cimo Quinto de lo Familiar de la Ciudad de M\u00e9xico y los escoltas del hoy senador electo.<\/p>\n\n\n\n<p class=\"wp-block-paragraph\">Ello, pese a que a que los procesos iniciados en su contra por los delitos de violencia intrafamiliar equiparada y falsedad en declaraciones, el C. Carlos Inocencio Hern\u00e1ndez Urbina, Juez de Control y Enjuiciamiento en la Ciudad de Chiapa de Corzo, resolvi\u00f3 en forma expedita en ambos procesos, no vincular a proceso Casta\u00f1\u00f3n Ram\u00edrez.<\/p>\n\n\n\n<p class=\"wp-block-paragraph\">Consideran como preocupante que, de acuerdo a lo que ha denunciado p\u00fablicamente Mayte L\u00f3pez Garc\u00eda y su defensa, durante todas las acciones legales emprendidas por Casta\u00f1\u00f3n Ram\u00edrez, \u00e9ste haya sido favorecido con la obtenci\u00f3n de m\u00faltiples amparos, ventajas procesales, facilidades para obtener medidas cautelares que desde hace a\u00f1o y medio impiden a Mayte L\u00f3pez ver a sus hijos, dilaci\u00f3n de actuaciones de la autoridad, diferimiento de diligencias, posibilidad de no acudir, llegar con retraso o retirarse injustificadamente de las audiencias sin consecuencia alguna.<\/p>\n\n\n\n<p class=\"wp-block-paragraph\">Mayte L\u00f3pez Garc\u00eda quien ha confiado en la justicia pero ese sistema le ha fallado, dicen en la carta p\u00fablica en la que aseguran que a las desigualdades de poder que enfrentan las mujeres y que generan la violencia que se produce en las relaciones de pareja, en este caso no hay resultados de las acciones legales emprendidas por ella y se suma el influyent\u00edsimo, un entramado de relaciones pol\u00edticas y familiares que opera ante fiscales, jueces y magistrados, una serie de pr\u00e1cticas, omisiones, procedimientos legales ineficientes y contradictorios en las instituciones, que legitiman la violencia en contra de las mujeres y que le ha permitido a Casta\u00f1\u00f3n Ram\u00edrez hacer impunemente lo que le da la gana.<\/p>\n\n\n\n<p class=\"wp-block-paragraph\">En este y muchos casos en los que las mujeres solicitan la protecci\u00f3n de la justicia, las autoridades han faltado a su deber de actuar con la debida diligencia; por no llevar a cabo una investigaci\u00f3n seria, imparcial y exhaustiva sobre los hechos denunciados, por no determinar la responsabilidad por las irregularidades se\u00f1aladas.<\/p>\n\n\n\n<p class=\"wp-block-paragraph\">El propio Estado ha vulnerado -por acci\u00f3n u omisi\u00f3n, tolerancia o ineficiencia- &nbsp;el derecho a la familia de los ni\u00f1os, contemplado en la Convenci\u00f3n sobre los Derechos del Ni\u00f1o y la afectaci\u00f3n en el desarrollo psicoemocional que est\u00e1n sufriendo al haber sido separados de su madre hace dos a\u00f1os, as\u00ed como el derecho de acceso a la justicia de Mayte L\u00f3pez Garc\u00eda.<\/p>\n\n\n\n<p class=\"wp-block-paragraph\"><strong>Para\u00edsos fiscales<\/strong><\/p>\n\n\n\n<p class=\"wp-block-paragraph\">Con una cita de diversas fuentes, recuerdan porque hay quienes \u201ctenemos memoria\u201d que \u201cel ex diputado local de Chiapas y ex presidente del Comit\u00e9 Directivo Estatal del PRI en Tuxtla Guti\u00e9rrez, No\u00e9 Fernando Casta\u00f1\u00f3n Ram\u00edrez, hijo del ex ministro de la Suprema Corte de Justicia de la Naci\u00f3n, expresidente del Tribunal superior de justicia de Chiapas y ex secretario general del Gobierno de Chiapas, No\u00e9 Casta\u00f1\u00f3n Le\u00f3n\u201d&nbsp; era uno de los \u201cclientes de esta firma paname\u00f1a participes en la creaci\u00f3n de complejas estructuras en \u201cpara\u00edsos fiscales\u201d, con el fin de esconder millones de d\u00f3lares fuera del alcance del fisco y otras autoridades del pa\u00eds\u201d.<\/p>\n\n\n\n<p class=\"wp-block-paragraph\">A\u00f1aden tambi\u00e9n que Casta\u00f1\u00f3n Ram\u00edrez al momento de ser presidente del PRI en la capital de Chiapas y vicepresidente de COPECOL, cre\u00f3 la empresa fantasma Antoine Trading en Panam\u00e1, entre los accionistas de dicha empresa se\u00f1alan a No\u00e9 Casta\u00f1\u00f3n L\u00f3pez, Fernando Casta\u00f1\u00f3n L\u00f3pez, as\u00ed como Le\u00f3n Casta\u00f1\u00f3n L\u00f3pez, hijos, menores de edad de Casta\u00f1\u00f3n Ram\u00edrez y de Mayte L\u00f3pez, lo que desminti\u00f3 en sus redes el 5 de abril de 2016.<\/p>\n\n\n\n<p class=\"wp-block-paragraph\">Aunque No\u00e9 Casta\u00f1\u00f3n Ram\u00edrez se haya deslindado de la investigaci\u00f3n que lo involucra, no es suficiente; por responsabilidad, por salud de nuestras instituciones p\u00fablicas, tanto al Senado de la Republica, como a sus electores y a la ciudadan\u00eda en general, deber\u00eda importarnos conocer el resultado de las acciones que ofreci\u00f3 emprender a fin de esclarecer y responder a las imputaciones en su contra y, si tal y como lo asegura el Senador electo, no se encuentra entre los contribuyentes se\u00f1alados como responsables de evasi\u00f3n fiscal, identificados por el SAT.<\/p>\n\n\n\n<p class=\"wp-block-paragraph\">Hoy m\u00e1s que nunca es apremiante vigilar la actuaci\u00f3n \u00e9tica de los representantes populares no es posible tener un poder legitimado a menos de que nuestros representantes electos, se conduzcan con dignidad.<\/p>\n\n\n\n<p class=\"wp-block-paragraph\">Las firmantes aseguran que el da\u00f1o que causa la conducta inadecuada de los representantes populares es mayor del que pensamos, m\u00e1s all\u00e1 de la opini\u00f3n negativa que puedan formarse la ciudadan\u00eda, socava la confianza y la credibilidad hacia los pol\u00edticos, la pol\u00edtica y las instituciones y retrasa la construcci\u00f3n de una sociedad m\u00e1s justa y menos desigual.<\/p>\n\n\n\n<p class=\"wp-block-paragraph\">Exigimos una \u00e9tica autentica a los representantes populares, sean del partido que sean, no obstante que seguramente la mayor\u00eda observe una conducta intachable.<\/p>\n\n\n\n<p class=\"wp-block-paragraph\">Una \u00e9tica p\u00fablica que les permita elegir bien, el bien entendido como lo que m\u00e1s conviene a la sociedad, lo que la perfecciona; como esa capacidad de autodeterminaci\u00f3n y en tanto que es una decisi\u00f3n libre, que les es imputable, respondan por las consecuencias de su conducta ante la sociedad.<\/p>\n\n\n\n<p class=\"wp-block-paragraph\">La actuaci\u00f3n de los pol\u00edticos como es el caso de No\u00e9 Casta\u00f1\u00f3n, tiene lugar en el espacio p\u00fablico, una caja de cristal en la que los funcionarios son vistos y o\u00eddos todo el tiempo, sujetos al escrutinio p\u00fablico.<\/p>\n\n\n\n<p class=\"wp-block-paragraph\">La legitimaci\u00f3n de los representantes populares no depende tan solo de las urnas, sino de su actuaci\u00f3n d\u00eda con d\u00eda, de su buena fama p\u00fablica, de su trayectoria personal y pol\u00edtica.<\/p>\n\n\n\n<p class=\"wp-block-paragraph\">En ese sentido nos preguntamos y compartimos a ustedes nuestra preocupaci\u00f3n \u00bfcon qu\u00e9 calidad moral podr\u00eda legislar, argumentar y votar el C, Casta\u00f1\u00f3n en caso de que rinda protesta como Senador con relaci\u00f3n a la violencia contra las mujeres, el funcionamiento adecuado de las instituciones de administraci\u00f3n y procuraci\u00f3n de justicia o la forma m\u00e1s efectiva de evitar el fraude fiscal a la naci\u00f3n?<\/p>\n\n\n\n<p class=\"wp-block-paragraph\">Entre las firmantes de la carta destacan Laura Mart\u00ednez Rodr\u00edguez, M\u00f3nica Araceli Herrer\u00edas Dom\u00ednguez, Beatriz Cos\u00edo Nava y Alma Laura Hern\u00e1ndez Ar\u00e9valo, quienes dirigen su escrito a Mart\u00ed Batres Guadarrama, presidente de la mesa directiva del Senado; Ricardo Monreal \u00c1vila, Coordinador del Grupo Parlamentario de Morena y&nbsp;<strong>presidente&nbsp;<\/strong>de la Junta de Coordinaci\u00f3n Pol\u00edtica;&nbsp;&nbsp;<strong>Dami\u00e1n Zepeda Vidales, coordinador parlamentario del PAN;&nbsp; Miguel \u00c1ngel Osorio Chong, del PRI; Dante Delgado del PMC; Miguel \u00c1ngel Macera Espinosa, del PRD; Alejandro Gonz\u00e1lez Y\u00e1\u00f1ez, del PT; Sasil de Le\u00f3n Villard, del PES y Ra\u00fal Bola\u00f1os Cacho Cu\u00e9, del PVEM.<\/strong><\/p>\n\n\n\n<p class=\"wp-block-paragraph\">SEM\/sj<\/p>\n","protected":false},"excerpt":{"rendered":"<p>Redacci\u00f3n SemM\u00e9xico, Cd. de M\u00e9xico, 20 septiembre 2018.- No\u00e9 Casta\u00f1\u00f3n Ram\u00edrez tiene pendientes denuncias presentadas ante la Procuradur\u00eda General de Justicia de la CDMX en su contra por violencia familiar, robo y delito cometido por servidor p\u00fablico consistente en abuso de autoridad, por lo que no deber\u00eda tomar protesta como senador, se\u00f1alan mujeres en una [&hellip;]<\/p>\n","protected":false},"author":3,"featured_media":5121,"comment_status":"open","ping_status":"open","sticky":false,"template":"","format":"standard","meta":{"_monsterinsights_skip_tracking":false,"footnotes":""},"categories":[689,50],"tags":[],"class_list":["post-5120","post","type-post","status-publish","format-standard","has-post-thumbnail","category-689","category-congreso"],"_links":{"self":[{"href":"https:\/\/redsemlac.com\/semmexico\/wp-json\/wp\/v2\/posts\/5120","targetHints":{"allow":["GET"]}}],"collection":[{"href":"https:\/\/redsemlac.com\/semmexico\/wp-json\/wp\/v2\/posts"}],"about":[{"href":"https:\/\/redsemlac.com\/semmexico\/wp-json\/wp\/v2\/types\/post"}],"author":[{"embeddable":true,"href":"https:\/\/redsemlac.com\/semmexico\/wp-json\/wp\/v2\/users\/3"}],"replies":[{"embeddable":true,"href":"https:\/\/redsemlac.com\/semmexico\/wp-json\/wp\/v2\/comments?post=5120"}],"version-history":[{"count":0,"href":"https:\/\/redsemlac.com\/semmexico\/wp-json\/wp\/v2\/posts\/5120\/revisions"}],"wp:featuredmedia":[{"embeddable":true,"href":"https:\/\/redsemlac.com\/semmexico\/wp-json\/wp\/v2\/media\/5121"}],"wp:attachment":[{"href":"https:\/\/redsemlac.com\/semmexico\/wp-json\/wp\/v2\/media?parent=5120"}],"wp:term":[{"taxonomy":"category","embeddable":true,"href":"https:\/\/redsemlac.com\/semmexico\/wp-json\/wp\/v2\/categories?post=5120"},{"taxonomy":"post_tag","embeddable":true,"href":"https:\/\/redsemlac.com\/semmexico\/wp-json\/wp\/v2\/tags?post=5120"}],"curies":[{"name":"wp","href":"https:\/\/api.w.org\/{rel}","templated":true}]}}