{"id":5117,"date":"2018-09-29T15:41:27","date_gmt":"2018-09-29T15:41:27","guid":{"rendered":"https:\/\/redsemlac.com\/semmexico\/?p=5117"},"modified":"2023-07-21T14:33:51","modified_gmt":"2023-07-21T19:33:51","slug":"onu-oit-se-congratulan-con-la-decision","status":"publish","type":"post","link":"https:\/\/redsemlac.com\/semmexico\/onu-oit-se-congratulan-con-la-decision\/","title":{"rendered":"ONU-OIT se congratulan con la decisi\u00f3n"},"content":{"rendered":"\n<p class=\"wp-block-paragraph\"><a href=\"https:\/\/www.semmexico.com\/gallery-post.php?id=5914#\">Redacci\u00f3n<\/a><\/p>\n\n\n\n<p class=\"wp-block-paragraph\">SemM\u00e9xico, Cd. de M\u00e9xico, 21 septiembre 2018.- El Pleno del Senado de la Rep\u00fablica ratific\u00f3&nbsp;por unanimidad&nbsp;el Convenio 98 de la Organizaci\u00f3n Internacional del Trabajo (OIT), relativo a la Aplicaci\u00f3n de los Principios del Derecho de Sindicaci\u00f3n y de Negociaci\u00f3n Colectiva, adoptado en Ginebra, el 1 de julio de 1949.<\/p>\n\n\n\n<p class=\"wp-block-paragraph\">En un bolet\u00edn de prensa informa que, con una votaci\u00f3n nominal, por 78 a favor y cero en contra, aprob\u00f3 el instrumento internacional que establece que las y los trabajadores deber\u00e1n gozar de adecuada protecci\u00f3n contra todo acto de discriminaci\u00f3n tendiente a menoscabar la libertad sindical en relaci\u00f3n con su empleo.<\/p>\n\n\n\n<p class=\"wp-block-paragraph\">Dicha protecci\u00f3n deber\u00e1 ejercerse especialmente contra todo acto que tenga por objeto sujetar el empleo de una o un trabajador a la condici\u00f3n de que no se afilie a un sindicato o a la de dejar de ser miembro de un sindicato.<\/p>\n\n\n\n<p class=\"wp-block-paragraph\">O cuando se despida a una o un trabajador a causa de su afiliaci\u00f3n sindical o de su participaci\u00f3n en actividades sindicales fuera de las horas de trabajo o, con el consentimiento del empleador, durante las horas de trabajo.<\/p>\n\n\n\n<p class=\"wp-block-paragraph\">Asimismo, busca regular que las organizaciones de trabajadores y de empleadores gocen de una adecuada protecci\u00f3n contra todo acto de injerencia de unas respecto de las otras, ya sea que se realice directamente o por medio de sus miembros, en su constituci\u00f3n, funcionamiento o administraci\u00f3n.<\/p>\n\n\n\n<p class=\"wp-block-paragraph\">El dictamen puesto a consideraci\u00f3n de la Asamblea, elaborado por la Secretar\u00eda del Trabajo y Previsi\u00f3n Social, se\u00f1ala que el contenido del Convenio 98 es congruente con lo establecido en el texto reformado de la Ley Federal del Trabajo, en noviembre de 2012.<\/p>\n\n\n\n<p class=\"wp-block-paragraph\">El documento y la firma del Ejecutivo&nbsp;Federal, fueron recibidos en el Senado de la Rep\u00fablica el 1 de diciembre de 2015, y fue turnado a las comisiones unidas de Relaciones Exteriores Organismos Internacionales, de Relaciones Exteriores y de Trabajo y de Previsi\u00f3n Social de la LXIII Legislatura para su an\u00e1lisis.<\/p>\n\n\n\n<p class=\"wp-block-paragraph\">Sin embargo, no fue dictaminado, por lo que la Mesa Directiva&nbsp;de la LXIV Legislatura&nbsp;propuso retomar la ratificaci\u00f3n del instrumento internacional, y como no han sido constituidas las comisiones ordinarias del Senado, se aprob\u00f3 discutirlo directamente en el Pleno.&nbsp;<\/p>\n\n\n\n<p class=\"wp-block-paragraph\"><strong>Posicionamiento de los Grupos Parlamentarios<\/strong><\/p>\n\n\n\n<p class=\"wp-block-paragraph\">A&nbsp;nombre de Morena, el senador Napole\u00f3n G\u00f3mez Urrutia dijo que este convenio ya ha sido suficientemente discutido, \u201cno se quer\u00eda que se aprobara y ratificara\u201d. Destac\u00f3 que para el movimiento obrero se hace historia con esta aprobaci\u00f3n; \u201ces cambiar la nueva situaci\u00f3n pol\u00edtica, econ\u00f3mica y social de M\u00e9xico\u201d.<\/p>\n\n\n\n<p class=\"wp-block-paragraph\">Asever\u00f3 que&nbsp;con la aprobaci\u00f3n&nbsp;se hace un acto de justicia porque la ratificaci\u00f3n hab\u00eda sido pospuesta por a\u00f1os porque hay muchos intereses creados, que han fomentado la explotaci\u00f3n de la mano de obra en M\u00e9xico de manera injusta, con pr\u00e1cticas esclavizantes, de protecci\u00f3n patronal a espaldas de los trabajadores; estos actos degradantes, agreg\u00f3, es algo que no se puede permitir ya, han cambiado las circunstancias y tenemos que cambiar esto de fondo.<\/p>\n\n\n\n<p class=\"wp-block-paragraph\">El senador Carlos Aceves del Olmo, del PRI,&nbsp;expres\u00f3 su convicci\u00f3n a favor de la ratificaci\u00f3n, por contener derechos fundamentales de la clase trabajadora, en materia de la libertad de afiliaci\u00f3n y negociaci\u00f3n colectiva.<\/p>\n\n\n\n<p class=\"wp-block-paragraph\">No obstante, el senador reproch\u00f3 el procedimiento de aprobaci\u00f3n. Agreg\u00f3 que es un requisito realizar una consulta previa tripartita de los representantes del Gobierno, empleadores y trabajadores.&nbsp; Sin la consulta a los sectores, ni la adecuaci\u00f3n de las leyes reglamentarias, podr\u00eda haber un conflicto entre leyes, que provocar\u00eda incertidumbre en inversiones, y se pondr\u00eda en riesgo la generaci\u00f3n de empleos.<\/p>\n\n\n\n<p class=\"wp-block-paragraph\">La senadora Patricia Mercado subray\u00f3 que no se puede combatir la desigualdad si no se dignifica el trabajo. El Convenio, agreg\u00f3, garantiza que los trabajadores y trabajadoras tengan derecho a elegir su sindicato, propiciando la competencia sindical.&nbsp;<\/p>\n\n\n\n<p class=\"wp-block-paragraph\">La senadora de Movimiento Ciudadano asegur\u00f3 que la libertad sindical jalar\u00e1 hacia arriba salarios, prestaciones y derechos de trabajadores en la contrataci\u00f3n colectiva. Asimismo, puntualiz\u00f3 que el sector empresarial ha solicitado al Senado que se escuche su opini\u00f3n respecto al Convenio.<\/p>\n\n\n\n<p class=\"wp-block-paragraph\">Miguel \u00c1ngel Mancera, senador del Grupo Parlamentario del PRD, precis\u00f3 que este acuerdo se aprob\u00f3 en 1949 y entr\u00f3 en vigor en 1951, por lo que es claro que hay una demora para su aprobaci\u00f3n en M\u00e9xico, y se haga justicia a los trabajadores.<\/p>\n\n\n\n<p class=\"wp-block-paragraph\">Sostuvo que los legisladores buscan el fortalecimiento de las relaciones laborales, a favor de la clase trabajadora, lo cual se garantiza con el convenio internacional que, en 16 art\u00edculos, fortalece sus garant\u00edas sindicales.<\/p>\n\n\n\n<p class=\"wp-block-paragraph\">La senadora del Grupo Parlamentario del PT, Nancy de la Sierra, estableci\u00f3 que existe la obligaci\u00f3n de dar respuesta a miles de trabajadores que pusieron su voz en los senadores, particularmente en los de la izquierda, que abanderan los derechos laborales.<\/p>\n\n\n\n<p class=\"wp-block-paragraph\">El Convenio 98 de la OIT se encuentra en el Senado, para su aprobaci\u00f3n, desde 2015, por lo que ya no debe esperarse m\u00e1s, pues M\u00e9xico vive gracias a los trabajadores y se debe garantizar que los salarios y prestaciones sean de acuerdo con sus necesidades, dijo.<\/p>\n\n\n\n<p class=\"wp-block-paragraph\">La senadora Marcela Mora, del Grupo Parlamentario de Encuentro Social, coment\u00f3 que los trabajadores tienen derecho a agremiarse y al ejercicio de la solidaridad, y la ratificaci\u00f3n del Convenio 98 es un asunto de justicia social. &nbsp;<\/p>\n\n\n\n<p class=\"wp-block-paragraph\">El senador&nbsp;sin partido,&nbsp;Emilio \u00c1lvarez Icaza,&nbsp;&nbsp;dijo que existe un rezago fundamental en la vida democr\u00e1tica de los trabajadores del pa\u00eds, y hay una deuda hist\u00f3rica. Se\u00f1al\u00f3 que los trabajadores no pueden seguir sometidos a asambleas donde no se toma en cuenta su opini\u00f3n o a movimientos controlados.<\/p>\n\n\n\n<p class=\"wp-block-paragraph\">\u201cEspero que este instrumento ayude al proceso de democratizaci\u00f3n de la vida sindical\u201d, refiri\u00f3; y abund\u00f3 en que con la ratificaci\u00f3n del convenio se potenciar\u00e1 al proceso pol\u00edtico de construcci\u00f3n de derechos.<\/p>\n\n\n\n<p class=\"wp-block-paragraph\">ONU y OIT se congratulan<\/p>\n\n\n\n<p class=\"wp-block-paragraph\">En ese sentido, el Sistema de Naciones Unidas en M\u00e9xico (ONU) y en particular la Organizaci\u00f3n Internacional del Trabajo (OIT) congratulan a M\u00e9xico por la ratificaci\u00f3n del Convenio 98 de la OIT.<\/p>\n\n\n\n<p class=\"wp-block-paragraph\">M\u00e9xico tiene ya ratificados los otros siete convenios fundamentales y con la votaci\u00f3n del Senado de la Rep\u00fablica para ratificar el Convenio 98 y su posterior dep\u00f3sito del instrumento ante la OIT, M\u00e9xico completar\u00e1 su compromiso por el respeto de los derechos fundamentales en el trabajo, en particular el derecho de sindicaci\u00f3n y de negociaci\u00f3n colectiva.<\/p>\n\n\n\n<p class=\"wp-block-paragraph\">Con esta decisi\u00f3n, M\u00e9xico se unir\u00e1 a los 165 pa\u00edses del mundo que han ratificado el Convenio 98 y toda la regi\u00f3n de Am\u00e9rica Latina y el Caribe tendr\u00e1 ratificado este Convenio.<\/p>\n\n\n\n<p class=\"wp-block-paragraph\">La OIT reitera su disposici\u00f3n para ofrecer oportunamente la asistencia t\u00e9cnica que sus constituyentes tripartitos, es decir, las organizaciones de empleadores, las de trabajadores y el gobierno, pudieran requerir para la aplicaci\u00f3n pr\u00e1ctica del Convenio 98.<\/p>\n\n\n\n<p class=\"wp-block-paragraph\">SEM\/la\/sj<br><\/p>\n","protected":false},"excerpt":{"rendered":"<p>Redacci\u00f3n SemM\u00e9xico, Cd. de M\u00e9xico, 21 septiembre 2018.- El Pleno del Senado de la Rep\u00fablica ratific\u00f3&nbsp;por unanimidad&nbsp;el Convenio 98 de la Organizaci\u00f3n Internacional del Trabajo (OIT), relativo a la Aplicaci\u00f3n de los Principios del Derecho de Sindicaci\u00f3n y de Negociaci\u00f3n Colectiva, adoptado en Ginebra, el 1 de julio de 1949. En un bolet\u00edn de prensa [&hellip;]<\/p>\n","protected":false},"author":3,"featured_media":5118,"comment_status":"open","ping_status":"open","sticky":false,"template":"","format":"standard","meta":{"_monsterinsights_skip_tracking":false,"footnotes":""},"categories":[689,50],"tags":[],"class_list":["post-5117","post","type-post","status-publish","format-standard","has-post-thumbnail","category-689","category-congreso"],"_links":{"self":[{"href":"https:\/\/redsemlac.com\/semmexico\/wp-json\/wp\/v2\/posts\/5117","targetHints":{"allow":["GET"]}}],"collection":[{"href":"https:\/\/redsemlac.com\/semmexico\/wp-json\/wp\/v2\/posts"}],"about":[{"href":"https:\/\/redsemlac.com\/semmexico\/wp-json\/wp\/v2\/types\/post"}],"author":[{"embeddable":true,"href":"https:\/\/redsemlac.com\/semmexico\/wp-json\/wp\/v2\/users\/3"}],"replies":[{"embeddable":true,"href":"https:\/\/redsemlac.com\/semmexico\/wp-json\/wp\/v2\/comments?post=5117"}],"version-history":[{"count":0,"href":"https:\/\/redsemlac.com\/semmexico\/wp-json\/wp\/v2\/posts\/5117\/revisions"}],"wp:featuredmedia":[{"embeddable":true,"href":"https:\/\/redsemlac.com\/semmexico\/wp-json\/wp\/v2\/media\/5118"}],"wp:attachment":[{"href":"https:\/\/redsemlac.com\/semmexico\/wp-json\/wp\/v2\/media?parent=5117"}],"wp:term":[{"taxonomy":"category","embeddable":true,"href":"https:\/\/redsemlac.com\/semmexico\/wp-json\/wp\/v2\/categories?post=5117"},{"taxonomy":"post_tag","embeddable":true,"href":"https:\/\/redsemlac.com\/semmexico\/wp-json\/wp\/v2\/tags?post=5117"}],"curies":[{"name":"wp","href":"https:\/\/api.w.org\/{rel}","templated":true}]}}